{"id":20811,"date":"2026-03-11T14:35:43","date_gmt":"2026-03-11T17:35:43","guid":{"rendered":"https:\/\/aconteceemmacaeeregiao.com.br\/?p=20811"},"modified":"2026-03-11T14:43:36","modified_gmt":"2026-03-11T17:43:36","slug":"seguranca-publica-reacende-debate-sobre-cameras-corporais","status":"publish","type":"post","link":"https:\/\/aconteceemmacaeeregiao.com.br\/index.php\/2026\/03\/11\/seguranca-publica-reacende-debate-sobre-cameras-corporais\/","title":{"rendered":"Seguran\u00e7a p\u00fablica reacende debate sobre c\u00e2meras corporais"},"content":{"rendered":"\n<p><em>Por Flavio Fuchs<\/em><\/p>\n\n\n\n<p>O tema da <a href=\"https:\/\/aconteceemmacaeeregiao.com.br\/index.php\/tag\/seguranca-publica\/\" title=\"Seguran\u00e7a P\u00fablica\">seguran\u00e7a p\u00fablica<\/a> tem conquistado destaque entre as principais preocupa\u00e7\u00f5es da popula\u00e7\u00e3o brasileira, especialmente em um momento em que o pa\u00eds se aproxima de mais um ciclo eleitoral. Levantamento do Datafolha divulgado em dezembro de 2025 revelou que a seguran\u00e7a superou a economia entre os principais problemas do pa\u00eds, sendo citada por 16% dos entrevistados. O dado refor\u00e7a um cen\u00e1rio de crescente demanda por solu\u00e7\u00f5es capazes de reduzir a viol\u00eancia, ampliar a transpar\u00eancia das a\u00e7\u00f5es policiais e fortalecer a confian\u00e7a da sociedade nas institui\u00e7\u00f5es de seguran\u00e7a.<\/p>\n\n\n\n<p>Em paralelo, estudos e levantamentos oficiais indicam que o uso de c\u00e2meras corporais pode desempenhar um papel relevante na diminui\u00e7\u00e3o da letalidade policial. Informa\u00e7\u00f5es divulgadas em janeiro deste ano pelo Minist\u00e9rio P\u00fablico de <a href=\"https:\/\/aconteceemmacaeeregiao.com.br\/index.php\/tag\/sao-paulo\/\" title=\"S\u00e3o Paulo\">S\u00e3o Paulo<\/a> mostram que, ap\u00f3s a mudan\u00e7a na pol\u00edtica de grava\u00e7\u00e3o cont\u00ednua das c\u00e2meras corporais da Pol\u00edcia Militar, houve crescimento nas mortes causadas por policiais em servi\u00e7o.<\/p>\n\n\n\n<p>Isso pode ocorrer porque os dispositivos contribuem para ampliar a transpar\u00eancia e a qualidade das informa\u00e7\u00f5es geradas em campo. A grava\u00e7\u00e3o em alta defini\u00e7\u00e3o, aliada \u00e0 capta\u00e7\u00e3o de \u00e1udio, geolocaliza\u00e7\u00e3o e transmiss\u00e3o em tempo real, permite registrar ocorr\u00eancias com precis\u00e3o, inclusive em situa\u00e7\u00f5es cr\u00edticas. A integra\u00e7\u00e3o com plataformas de gest\u00e3o de evid\u00eancias fortalece os processos de controle, investiga\u00e7\u00e3o e seguran\u00e7a jur\u00eddica, protegendo tanto os agentes p\u00fablicos quanto a popula\u00e7\u00e3o.<\/p>\n\n\n<div class=\"wp-block-image\">\n<figure class=\"aligncenter size-large\"><img fetchpriority=\"high\" decoding=\"async\" width=\"1024\" height=\"683\" src=\"https:\/\/aconteceemmacaeeregiao.com.br\/wp-content\/uploads\/2026\/03\/Flavio-Fuchs-8710.jpg-1024x683.jpeg\" alt=\"Fl\u00e1vio Fuchs\" class=\"wp-image-20814\" srcset=\"https:\/\/aconteceemmacaeeregiao.com.br\/wp-content\/uploads\/2026\/03\/Flavio-Fuchs-8710.jpg-1024x683.jpeg 1024w, https:\/\/aconteceemmacaeeregiao.com.br\/wp-content\/uploads\/2026\/03\/Flavio-Fuchs-8710.jpg-300x200.jpeg 300w, https:\/\/aconteceemmacaeeregiao.com.br\/wp-content\/uploads\/2026\/03\/Flavio-Fuchs-8710.jpg-768x512.jpeg 768w, https:\/\/aconteceemmacaeeregiao.com.br\/wp-content\/uploads\/2026\/03\/Flavio-Fuchs-8710.jpg-1536x1024.jpeg 1536w, https:\/\/aconteceemmacaeeregiao.com.br\/wp-content\/uploads\/2026\/03\/Flavio-Fuchs-8710.jpg-2048x1366.jpeg 2048w, https:\/\/aconteceemmacaeeregiao.com.br\/wp-content\/uploads\/2026\/03\/Flavio-Fuchs-8710.jpg-1200x800.jpeg 1200w\" sizes=\"(max-width: 1024px) 100vw, 1024px\" \/><figcaption class=\"wp-element-caption\">Fl\u00e1vio Fuchs<\/figcaption><\/figure>\n<\/div>\n\n\n<p>O contraste deste crescimento \u00e9 percept\u00edvel com o ano de 2022, quando o Estado registrou o menor \u00edndice da s\u00e9rie hist\u00f3rica durante a amplia\u00e7\u00e3o do programa de grava\u00e7\u00e3o ininterrupta. Isso reacende o debate sobre como a ado\u00e7\u00e3o adequada da tecnologia pode contribuir para a redu\u00e7\u00e3o da viol\u00eancia, o aperfei\u00e7oamento das pol\u00edticas p\u00fablicas de seguran\u00e7a e a melhoria do servi\u00e7o prestado \u00e0 sociedade.<\/p>\n\n\n\n<p>Dados do F\u00f3rum Brasileiro de Seguran\u00e7a P\u00fablica tamb\u00e9m refor\u00e7am esse potencial. Pesquisa realizada em parceria com o Unicef, divulgada em 2025, aponta que batalh\u00f5es equipados com c\u00e2meras operacionais port\u00e1teis registraram uma redu\u00e7\u00e3o de 76,2% nas mortes decorrentes de interven\u00e7\u00f5es policiais entre 2019 e 2022, mais que o dobro da queda observada em unidades sem o equipamento.<\/p>\n\n\n\n<p>Em um ano de decis\u00f5es, como ser\u00e1 2026, o tema seguran\u00e7a p\u00fablica tende a ocupar lugar central nas discuss\u00f5es eleitorais. Nesse contexto, o uso estrat\u00e9gico e respons\u00e1vel de tecnologias como as c\u00e2meras corporais se apresenta n\u00e3o apenas como uma resposta t\u00e9cnica \u00e0 viol\u00eancia, mas como um elemento essencial para orientar escolhas p\u00fablicas, fortalecer pol\u00edticas baseadas em evid\u00eancias e avan\u00e7ar em um projeto consistente de seguran\u00e7a para o pa\u00eds.<\/p>\n\n\n\n<p><em>*Flavio Fuchs \u00e9 vice-presidente da Hytera Brasil<\/em><em><\/em><\/p>\n\n\n\n<p><\/p>\n","protected":false},"excerpt":{"rendered":"<p>Por Flavio Fuchs O tema da seguran\u00e7a p\u00fablica tem conquistado destaque entre as principais preocupa\u00e7\u00f5es da popula\u00e7\u00e3o brasileira, especialmente em um momento em que o pa\u00eds se aproxima de mais um ciclo eleitoral. Levantamento do Datafolha divulgado em dezembro de 2025 revelou que a seguran\u00e7a superou a economia entre os principais problemas do pa\u00eds, sendo [&hellip;]<\/p>\n","protected":false},"author":2,"featured_media":20816,"comment_status":"closed","ping_status":"closed","sticky":false,"template":"","format":"standard","meta":{"postBodyCss":"","postBodyMargin":[],"postBodyPadding":[],"postBodyBackground":{"backgroundType":"classic","gradient":""},"footnotes":""},"categories":[951,47],"tags":[306,309,119],"class_list":["post-20811","post","type-post","status-publish","format-standard","has-post-thumbnail","hentry","category-brasil","category-ocorrencias","tag-policia-militar","tag-sao-paulo","tag-seguranca-publica"],"aioseo_notices":[],"_links":{"self":[{"href":"https:\/\/aconteceemmacaeeregiao.com.br\/index.php\/wp-json\/wp\/v2\/posts\/20811","targetHints":{"allow":["GET"]}}],"collection":[{"href":"https:\/\/aconteceemmacaeeregiao.com.br\/index.php\/wp-json\/wp\/v2\/posts"}],"about":[{"href":"https:\/\/aconteceemmacaeeregiao.com.br\/index.php\/wp-json\/wp\/v2\/types\/post"}],"author":[{"embeddable":true,"href":"https:\/\/aconteceemmacaeeregiao.com.br\/index.php\/wp-json\/wp\/v2\/users\/2"}],"replies":[{"embeddable":true,"href":"https:\/\/aconteceemmacaeeregiao.com.br\/index.php\/wp-json\/wp\/v2\/comments?post=20811"}],"version-history":[{"count":2,"href":"https:\/\/aconteceemmacaeeregiao.com.br\/index.php\/wp-json\/wp\/v2\/posts\/20811\/revisions"}],"predecessor-version":[{"id":20815,"href":"https:\/\/aconteceemmacaeeregiao.com.br\/index.php\/wp-json\/wp\/v2\/posts\/20811\/revisions\/20815"}],"wp:featuredmedia":[{"embeddable":true,"href":"https:\/\/aconteceemmacaeeregiao.com.br\/index.php\/wp-json\/wp\/v2\/media\/20816"}],"wp:attachment":[{"href":"https:\/\/aconteceemmacaeeregiao.com.br\/index.php\/wp-json\/wp\/v2\/media?parent=20811"}],"wp:term":[{"taxonomy":"category","embeddable":true,"href":"https:\/\/aconteceemmacaeeregiao.com.br\/index.php\/wp-json\/wp\/v2\/categories?post=20811"},{"taxonomy":"post_tag","embeddable":true,"href":"https:\/\/aconteceemmacaeeregiao.com.br\/index.php\/wp-json\/wp\/v2\/tags?post=20811"}],"curies":[{"name":"wp","href":"https:\/\/api.w.org\/{rel}","templated":true}]}}