{"id":20876,"date":"2026-04-04T18:47:44","date_gmt":"2026-04-04T21:47:44","guid":{"rendered":"https:\/\/aconteceemmacaeeregiao.com.br\/?p=20876"},"modified":"2026-04-04T18:47:47","modified_gmt":"2026-04-04T21:47:47","slug":"qualifica-mais-macae-cursos-gratuitos","status":"publish","type":"post","link":"https:\/\/aconteceemmacaeeregiao.com.br\/index.php\/2026\/04\/04\/qualifica-mais-macae-cursos-gratuitos\/","title":{"rendered":"Qualifica + Maca\u00e9 abre cursos gratuitos em 10 bairros"},"content":{"rendered":"\n<p><strong><em>O programa Qualifica + Maca\u00e9 cursos gratuitos est\u00e1 em fase de estrutura\u00e7\u00e3o pela Prefeitura para ampliar oportunidades de emprego e renda. A iniciativa vai levar capacita\u00e7\u00e3o profissional a bairros estrat\u00e9gicos do munic\u00edpio.<\/em><\/strong><\/p>\n\n\n\n<h2 class=\"wp-block-heading\">Programa vai oferecer cursos gratuitos em 10 bairros<\/h2>\n\n\n\n<p>A Prefeitura de <a href=\"https:\/\/aconteceemmacaeeregiao.com.br\/index.php\/category\/macae\/\" title=\"Maca\u00e9\">Maca\u00e9<\/a>, por meio da Secretaria Municipal de Qualifica\u00e7\u00e3o Profissional, prepara o lan\u00e7amento do programa Qualifica + Maca\u00e9 cursos gratuitos, voltado ao incentivo do empreendedorismo e da empregabilidade.<\/p>\n\n\n\n<p>A proposta prev\u00ea a oferta de capacita\u00e7\u00f5es em 10 polos distribu\u00eddos por bairros como Aroeira, Malvinas, Nova Holanda, Ajuda de Baixo, Campo do Oeste, Parque Aeroporto, Visconde, Lagomar, Glic\u00e9rio e Sana.<\/p>\n\n\n\n<p>Neste primeiro ciclo, os cursos ser\u00e3o direcionados \u00e0s \u00e1reas de confeitaria e beleza, com foco em forma\u00e7\u00e3o pr\u00e1tica e gera\u00e7\u00e3o de renda. Al\u00e9m da <a href=\"https:\/\/aconteceemmacaeeregiao.com.br\/index.php\/2025\/02\/26\/qualificacao-profissional-divulga-resultados-preliminares-para-cursos-gratuitos\/\" title=\"Qualifica\u00e7\u00e3o Profissional divulga resultados preliminares para cursos gratuitos\">qualifica\u00e7\u00e3o t\u00e9cnica<\/a>, os participantes ter\u00e3o acesso a conte\u00fados sobre empreendedorismo, incluindo planejamento, precifica\u00e7\u00e3o e gest\u00e3o de neg\u00f3cios.<\/p>\n\n\n\n<p>Outro diferencial do programa ser\u00e1 o monitoramento cont\u00ednuo das demandas locais. A cada seis meses, ser\u00e1 realizado um levantamento nas comunidades para ajustar a oferta de cursos conforme as necessidades do mercado de trabalho.<\/p>\n\n\n\n<p>\ud83d\udc49 Leia tamb\u00e9m:<\/p>\n\n\n<ul class=\"wp-block-latest-posts__list has-dates wp-block-latest-posts\"><li><a class=\"wp-block-latest-posts__post-title\" href=\"https:\/\/aconteceemmacaeeregiao.com.br\/index.php\/2026\/04\/04\/qualifica-mais-macae-cursos-gratuitos\/\">Qualifica + Maca\u00e9 abre cursos gratuitos em 10 bairros<\/a><time datetime=\"2026-04-04T18:47:44-03:00\" class=\"wp-block-latest-posts__post-date\">4 de abril de 2026<\/time><\/li>\n<li><a class=\"wp-block-latest-posts__post-title\" href=\"https:\/\/aconteceemmacaeeregiao.com.br\/index.php\/2026\/04\/02\/rio-cria-114-mil-vagas-formais-em-fevereiro-servicos-disparam\/\">Rio cria 11,4 mil vagas formais em fevereiro; servi\u00e7os disparam<\/a><time datetime=\"2026-04-02T18:59:42-03:00\" class=\"wp-block-latest-posts__post-date\">2 de abril de 2026<\/time><\/li>\n<li><a class=\"wp-block-latest-posts__post-title\" href=\"https:\/\/aconteceemmacaeeregiao.com.br\/index.php\/2026\/04\/01\/ufrj-lanca-expansao-da-escola-de-enfermagem-em-macae\/\">UFRJ lan\u00e7a expans\u00e3o da Escola de Enfermagem em Maca\u00e9<\/a><time datetime=\"2026-04-01T20:25:49-03:00\" class=\"wp-block-latest-posts__post-date\">1 de abril de 2026<\/time><\/li>\n<li><a class=\"wp-block-latest-posts__post-title\" href=\"https:\/\/aconteceemmacaeeregiao.com.br\/index.php\/2025\/11\/04\/rio-das-ostras-divulga-cronograma-para-preenchimento-de-vagas-em-creches\/\">Rio das Ostras divulga cronograma para preenchimento de vagas em creches<\/a><time datetime=\"2025-11-04T20:19:14-03:00\" class=\"wp-block-latest-posts__post-date\">4 de novembro de 2025<\/time><\/li>\n<\/ul>\n\n\n<h2 class=\"wp-block-heading\">Programa aposta na inclus\u00e3o produtiva e forma\u00e7\u00e3o pr\u00e1tica<\/h2>\n\n\n\n<p>A secret\u00e1ria de Qualifica\u00e7\u00e3o Profissional, Rebeca Madureira, destacou que o objetivo \u00e9 ampliar o acesso \u00e0 capacita\u00e7\u00e3o e reduzir barreiras para a popula\u00e7\u00e3o. Segundo ela, o programa atende jovens em busca do primeiro emprego, adultos que desejam se recolocar no mercado e tamb\u00e9m quem pretende abrir o pr\u00f3prio neg\u00f3cio.<\/p>\n\n\n\n<p>A iniciativa tamb\u00e9m permitir\u00e1 que estudantes a partir dos 16 anos concluam o Ensino M\u00e9dio com uma forma\u00e7\u00e3o pr\u00e1tica alinhada \u00e0s demandas locais.<\/p>\n\n\n\n<p>A Secretaria refor\u00e7a que os cursos ser\u00e3o definidos com base na realidade de cada bairro, garantindo conex\u00e3o com vagas dispon\u00edveis e com o com\u00e9rcio local.<\/p>\n\n\n\n<p>O atendimento ao p\u00fablico \u00e9 realizado na sede da Secretaria Municipal de Qualifica\u00e7\u00e3o Profissional, na Rua Alfredo Backer, 363, no Centro de Maca\u00e9. Mais informa\u00e7\u00f5es podem ser obtidas pelos telefones (22) 2796-1714, (22) 2762-4740 e (22) 2762-4025, ou pelo e-mail oficial do setor.<\/p>\n\n\n\n<p><em><a href=\"https:\/\/www.macae.rj.gov.br\/noticias\/leitura\/noticia\/prefeitura-de-macae-prepara-lancamento-do-qualifica-macae-com-foco-em-empreendedorismo-e-empregabilidade\" title=\"\">Fonte: Secom<\/a><\/em><\/p>\n\n\n\n<p><\/p>\n","protected":false},"excerpt":{"rendered":"<p>O programa Qualifica + Maca\u00e9 cursos gratuitos est\u00e1 em fase de estrutura\u00e7\u00e3o pela Prefeitura para ampliar oportunidades de emprego e renda. A iniciativa vai levar capacita\u00e7\u00e3o profissional a bairros estrat\u00e9gicos do munic\u00edpio. Programa vai oferecer cursos gratuitos em 10 bairros A Prefeitura de Maca\u00e9, por meio da Secretaria Municipal de Qualifica\u00e7\u00e3o Profissional, prepara o lan\u00e7amento [&hellip;]<\/p>\n","protected":false},"author":2,"featured_media":20877,"comment_status":"closed","ping_status":"closed","sticky":false,"template":"","format":"standard","meta":{"postBodyCss":"","postBodyMargin":[],"postBodyPadding":[],"postBodyBackground":{"backgroundType":"classic","gradient":""},"footnotes":""},"categories":[81,73,42],"tags":[918,82,89,571],"class_list":["post-20876","post","type-post","status-publish","format-standard","has-post-thumbnail","hentry","category-empreendedorismo","category-emprego","category-macae","tag-microempreendedor","tag-oportunidade","tag-prefeitura","tag-qualificacao"],"aioseo_notices":[],"_links":{"self":[{"href":"https:\/\/aconteceemmacaeeregiao.com.br\/index.php\/wp-json\/wp\/v2\/posts\/20876","targetHints":{"allow":["GET"]}}],"collection":[{"href":"https:\/\/aconteceemmacaeeregiao.com.br\/index.php\/wp-json\/wp\/v2\/posts"}],"about":[{"href":"https:\/\/aconteceemmacaeeregiao.com.br\/index.php\/wp-json\/wp\/v2\/types\/post"}],"author":[{"embeddable":true,"href":"https:\/\/aconteceemmacaeeregiao.com.br\/index.php\/wp-json\/wp\/v2\/users\/2"}],"replies":[{"embeddable":true,"href":"https:\/\/aconteceemmacaeeregiao.com.br\/index.php\/wp-json\/wp\/v2\/comments?post=20876"}],"version-history":[{"count":1,"href":"https:\/\/aconteceemmacaeeregiao.com.br\/index.php\/wp-json\/wp\/v2\/posts\/20876\/revisions"}],"predecessor-version":[{"id":20878,"href":"https:\/\/aconteceemmacaeeregiao.com.br\/index.php\/wp-json\/wp\/v2\/posts\/20876\/revisions\/20878"}],"wp:featuredmedia":[{"embeddable":true,"href":"https:\/\/aconteceemmacaeeregiao.com.br\/index.php\/wp-json\/wp\/v2\/media\/20877"}],"wp:attachment":[{"href":"https:\/\/aconteceemmacaeeregiao.com.br\/index.php\/wp-json\/wp\/v2\/media?parent=20876"}],"wp:term":[{"taxonomy":"category","embeddable":true,"href":"https:\/\/aconteceemmacaeeregiao.com.br\/index.php\/wp-json\/wp\/v2\/categories?post=20876"},{"taxonomy":"post_tag","embeddable":true,"href":"https:\/\/aconteceemmacaeeregiao.com.br\/index.php\/wp-json\/wp\/v2\/tags?post=20876"}],"curies":[{"name":"wp","href":"https:\/\/api.w.org\/{rel}","templated":true}]}}