{"id":6239,"date":"2023-01-02T12:25:28","date_gmt":"2023-01-02T15:25:28","guid":{"rendered":"https:\/\/aconteceemmacaeeregiao.com.br\/?p=6239"},"modified":"2023-01-02T12:25:28","modified_gmt":"2023-01-02T15:25:28","slug":"plataforma-da-firjan-mostra-que-servicos-e-industria-foram-os-que-mais-contrataram-ao-longo-de-2022","status":"publish","type":"post","link":"https:\/\/aconteceemmacaeeregiao.com.br\/index.php\/2023\/01\/02\/plataforma-da-firjan-mostra-que-servicos-e-industria-foram-os-que-mais-contrataram-ao-longo-de-2022\/","title":{"rendered":"Plataforma da Firjan mostra que Servi\u00e7os e Ind\u00fastria foram os que mais contrataram ao longo de 2022"},"content":{"rendered":"\n<p><strong><em>De janeiro at\u00e9 o \u00faltimo m\u00eas foram 202.813 novos empregos. Com contrata\u00e7\u00f5es para o fim do ano, mercado de trabalho fluminense tem, em novembro, o segundo melhor resultado do ano<\/em><\/strong><\/p>\n\n\n\n<p>Em novembro, o estado do Rio de Janeiro criou 25.223 novos empregos com carteira assinada, segundo maior saldo do ano, atr\u00e1s apenas de agosto. Assim, o Rio gerou empregos em todos os meses de 2022 e foi o segundo estado que mais contratou no m\u00eas de novembro, atr\u00e1s apenas de S\u00e3o Paulo. A an\u00e1lise \u00e9 da Federa\u00e7\u00e3o das Ind\u00fastrias do Rio de Janeiro (Firjan) por meio da plataforma Retratos Regionais.<\/p>\n\n\n\n<p>O resultado do m\u00eas foi puxado pelo bom desempenho do setor de Servi\u00e7os (+13.853) e de Com\u00e9rcio (+12.069). Essas atividades apresentam acelera\u00e7\u00e3o no encerramento do ano, diante da maior demanda causada pelas festas de fim de ano e pela renda extra da popula\u00e7\u00e3o, como o recebimento de 13\u00ba terceiro sal\u00e1rio e contrata\u00e7\u00f5es tempor\u00e1rias. A Agropecu\u00e1ria (-85), seguiu com saldo negativo no m\u00eas.<\/p>\n\n\n\n<p>Por sua vez, o Setor Industrial (-614) apresentou o primeiro resultado negativo no ano. Ap\u00f3s um ano de forte acelera\u00e7\u00e3o no n\u00edvel de contrata\u00e7\u00f5es, o resultado reflete um movimento sazonal, com desacelera\u00e7\u00e3o, principalmente, nas atividades da&nbsp;<em>Constru\u00e7\u00e3o Civil<\/em>&nbsp;(-1.299). &#8220;Esse movimento de desacelera\u00e7\u00e3o no setor de constru\u00e7\u00e3o \u00e9 comum nos \u00faltimos meses do ano, devido ao encerramento das obras e prepara\u00e7\u00e3o para o ano seguinte. As&nbsp;<em>Ind\u00fastrias de Transforma\u00e7\u00e3o<\/em>&nbsp;(+907), por sua vez, continuaram apresentando resultado positivo na gera\u00e7\u00e3o de empregos&#8221;, destaca o gerente de Estudos Econ\u00f4micos da Firjan, Jonathas Goulart.<\/p>\n\n\n\n<p>A despeito disso, a maior parte dos munic\u00edpios fluminenses geraram vagas em novembro: 73 das 92 cidades registraram saldo positivo, com destaque para a Capital (+14.440), Maca\u00e9 (+1.308), S\u00e3o Gon\u00e7alo (+820) e Duque de Caxias (+817). Da mesma forma, na an\u00e1lise por porte, estabelecimentos de todos os tamanhos contrataram em novembro, com as micro e pequenas empresas (+19.080) respondendo por mais de sete em cada dez vagas geradas no \u00faltimo m\u00eas. As m\u00e9dias e grandes empresas, por sua vez, responderam por +6.212 vagas em novembro.<\/p>\n\n\n\n<p><strong>Acumulado at\u00e9 novembro<\/strong><\/p>\n\n\n\n<p>No acumulado do ano at\u00e9 novembro, foram 202.813 novos empregos criados no estado, desempenho superior ao registrado nos onze primeiros meses de 2021 (+190.861). Nessa an\u00e1lise, o setor de Servi\u00e7os (+133.633) foi o que mais contratou, seguido pelo setor industrial (+56.583), que contempla as ind\u00fastrias de Transforma\u00e7\u00e3o, Extrativa, Constru\u00e7\u00e3o e os Servi\u00e7os Industriais de Utilidade P\u00fablica. Com o resultado do m\u00eas de novembro, Com\u00e9rcio(+11.864) tamb\u00e9m retoma um bom desempenho no ano, seguido pela Agropecu\u00e1ria (+733).<\/p>\n\n\n\n<p><strong>Veja a lista com as dez classes econ\u00f4micas<\/strong>&nbsp;que mais contrataram no estado do Rio este ano (destaque para atividades ligadas \u00e0 Constru\u00e7\u00e3o Civil, servi\u00e7os de Alimenta\u00e7\u00e3o e Sa\u00fade):<\/p>\n\n\n\n<p>&nbsp;&#8211; Restaurantes e Outros Estabelecimentos de Servi\u00e7os de Alimenta\u00e7\u00e3o e Bebidas (+12.081)<\/p>\n\n\n\n<p>&#8211; Constru\u00e7\u00e3o de Edif\u00edcios (+11.174)<\/p>\n\n\n\n<p>&#8211; Limpeza em Pr\u00e9dios e em Domic\u00edlios (+10.189)<\/p>\n\n\n\n<p>&#8211; Atividades de Associa\u00e7\u00f5es de Defesa de Direitos Sociais (+8.884)<\/p>\n\n\n\n<p>&#8211; Regula\u00e7\u00e3o das Atividades de Sa\u00fade, Educa\u00e7\u00e3o, Servi\u00e7os Culturais e Outros Servi\u00e7os Sociais (+8.425)<\/p>\n\n\n\n<p>&#8211; Servi\u00e7os de Catering, Buf\u00ea e Outros Servi\u00e7os de Comida Preparada (+7.484)<\/p>\n\n\n\n<p>&#8211; Administra\u00e7\u00e3o P\u00fablica em Geral (+6.752)<\/p>\n\n\n\n<p>&#8211; Servi\u00e7os Combinados de Escrit\u00f3rio e Apoio Administrativo (+5.097)<\/p>\n\n\n\n<p>&#8211; Instala\u00e7\u00f5es El\u00e9tricas (+4.986)<\/p>\n\n\n\n<p>&#8211; Ensino Fundamental (+4.790)<\/p>\n\n\n\n<p><strong>Plataforma Retratos Regionais<\/strong><\/p>\n\n\n\n<p>A plataforma Retratos Regionais da Firjan tem como base o saldo de empregos formais disponibilizados no Cadastro Geral de Empregados e Desempregados (Caged). Em painel setorial s\u00e3o disponibilizados dados espec\u00edficos dos setores industriais.<\/p>\n\n\n\n<p>Em painel regional, que tamb\u00e9m permite a busca por munic\u00edpio, \u00e9 apresentado o cen\u00e1rio geral de empregos, incluindo todos os grandes setores. A plataforma pode ser acessada por meio deste link<em>:&nbsp;<a href=\"https:\/\/nam02.safelinks.protection.outlook.com\/?url=https%3A%2F%2Fbit.ly%2F2WunK6l&amp;data=05%7C01%7Clearibeiro%40firjan.com.br%7C11cf56ff4fa043da8ae108dae9b600a6%7Cd0c698d4e4ea4ee9a79df2d7a78399c8%7C0%7C0%7C638079265161764924%7CUnknown%7CTWFpbGZsb3d8eyJWIjoiMC4wLjAwMDAiLCJQIjoiV2luMzIiLCJBTiI6Ik1haWwiLCJXVCI6Mn0%3D%7C3000%7C%7C%7C&amp;sdata=qF45bpi%2BLtptxpTBQ92E9Ad6I1IFJ2ZzX1DbBEIJX9s%3D&amp;reserved=0\" target=\"_blank\" rel=\"noreferrer noopener\">https:\/\/bit.ly\/2WunK6l<\/a><\/em>.<\/p>\n\n\n\n<p><em>\u00a0Por Leandro Eir\u00f3\/ Assessoria Firjan<\/em><\/p>\n","protected":false},"excerpt":{"rendered":"<p>De janeiro at\u00e9 o \u00faltimo m\u00eas foram 202.813 novos empregos. Com contrata\u00e7\u00f5es para o fim do ano, mercado de trabalho fluminense tem, em novembro, o segundo melhor resultado do ano Em novembro, o estado do Rio de Janeiro criou 25.223 novos empregos com carteira assinada, segundo maior saldo do ano, atr\u00e1s apenas de agosto. Assim, [&hellip;]<\/p>\n","protected":false},"author":2,"featured_media":6240,"comment_status":"open","ping_status":"open","sticky":false,"template":"","format":"standard","meta":{"postBodyCss":"","postBodyMargin":[],"postBodyPadding":[],"postBodyBackground":{"backgroundType":"classic","gradient":""},"footnotes":""},"categories":[73],"tags":[77,75,76,74],"class_list":["post-6239","post","type-post","status-publish","format-standard","has-post-thumbnail","hentry","category-emprego","tag-emprego","tag-firjan","tag-industria","tag-rio-de-janeiro"],"aioseo_notices":[],"_links":{"self":[{"href":"https:\/\/aconteceemmacaeeregiao.com.br\/index.php\/wp-json\/wp\/v2\/posts\/6239","targetHints":{"allow":["GET"]}}],"collection":[{"href":"https:\/\/aconteceemmacaeeregiao.com.br\/index.php\/wp-json\/wp\/v2\/posts"}],"about":[{"href":"https:\/\/aconteceemmacaeeregiao.com.br\/index.php\/wp-json\/wp\/v2\/types\/post"}],"author":[{"embeddable":true,"href":"https:\/\/aconteceemmacaeeregiao.com.br\/index.php\/wp-json\/wp\/v2\/users\/2"}],"replies":[{"embeddable":true,"href":"https:\/\/aconteceemmacaeeregiao.com.br\/index.php\/wp-json\/wp\/v2\/comments?post=6239"}],"version-history":[{"count":0,"href":"https:\/\/aconteceemmacaeeregiao.com.br\/index.php\/wp-json\/wp\/v2\/posts\/6239\/revisions"}],"wp:featuredmedia":[{"embeddable":true,"href":"https:\/\/aconteceemmacaeeregiao.com.br\/index.php\/wp-json\/wp\/v2\/media\/6240"}],"wp:attachment":[{"href":"https:\/\/aconteceemmacaeeregiao.com.br\/index.php\/wp-json\/wp\/v2\/media?parent=6239"}],"wp:term":[{"taxonomy":"category","embeddable":true,"href":"https:\/\/aconteceemmacaeeregiao.com.br\/index.php\/wp-json\/wp\/v2\/categories?post=6239"},{"taxonomy":"post_tag","embeddable":true,"href":"https:\/\/aconteceemmacaeeregiao.com.br\/index.php\/wp-json\/wp\/v2\/tags?post=6239"}],"curies":[{"name":"wp","href":"https:\/\/api.w.org\/{rel}","templated":true}]}}