{"id":6248,"date":"2023-01-02T13:12:48","date_gmt":"2023-01-02T16:12:48","guid":{"rendered":"https:\/\/aconteceemmacaeeregiao.com.br\/?p=6248"},"modified":"2023-01-02T16:02:43","modified_gmt":"2023-01-02T19:02:43","slug":"terminam-domingo-as-inscricoes-do-concurso-da-firjan-sesi-para-selecao-de-projetos-culturais","status":"publish","type":"post","link":"https:\/\/aconteceemmacaeeregiao.com.br\/index.php\/2023\/01\/02\/terminam-domingo-as-inscricoes-do-concurso-da-firjan-sesi-para-selecao-de-projetos-culturais\/","title":{"rendered":"Terminam domingo as inscri\u00e7\u00f5es do concurso da Firjan SESI para sele\u00e7\u00e3o de projetos culturais"},"content":{"rendered":"\n<p><strong><em>O total dos recursos or\u00e7ament\u00e1rios, destinados \u00e0s a\u00e7\u00f5es de sele\u00e7\u00e3o e contrata\u00e7\u00e3o, \u00e9 de R$ 2,5 milh\u00f5es<\/em><\/strong><\/p>\n\n\n\n<p>Campos dos Goytacazes, 2 de janeiro de 2023<\/p>\n\n\n\n<p><\/p>\n\n\n\n<p>Terminam neste domingo (08\/01) as inscri\u00e7\u00f5es do&nbsp;<strong>Concurso de Cultura Firjan SESI 2022 \u20132023<\/strong>, que vai selecionar e contratar 70 propostas culturais para compor a programa\u00e7\u00e3o da Firjan SESI Cultura em 2023. O edital contempla as categorias de Projetos In\u00e9ditos e Projetos N\u00e3o In\u00e9ditos: nas linhas&nbsp;<strong>Projetos In\u00e9ditos<\/strong>&nbsp;est\u00e3o Artes C\u00eanicas (Teatro, Circo e Dan\u00e7a), M\u00fasica e Artes Visuais (Fotografia), enquanto em&nbsp;<strong>Projetos N\u00e3o In\u00e9ditos<\/strong>&nbsp;est\u00e3o Literatura, Circula\u00e7\u00e3o de Teatro Adulto e Circula\u00e7\u00e3o de Teatro Infantil.<\/p>\n\n\n\n<p><\/p>\n\n\n\n<p>\u201cA iniciativa segue o compromisso da Firjan SESI de se envolver com a ind\u00fastria cultural do estado do Rio de Janeiro, trazendo potencial de empregabilidade, gera\u00e7\u00e3o de renda, impostos e empregos indiretos tamb\u00e9m. Representa um investimento importante, j\u00e1 que a ind\u00fastria criativa no Rio faz parte da voca\u00e7\u00e3o do estado. Cada real investido significa um aporte em todo ecossistema econ\u00f4mico e social do nosso estado nesse segmento. Al\u00e9m do edital em si, tem todo investimento nos equipamentos culturais que a Firjan SESI tem realizado nas \u00faltimas d\u00e9cadas\u201d, avalia&nbsp;<strong>Leonardo Edde,&nbsp;Presidente do Conselho de Ind\u00fastria Criativa da Firjan.<\/strong><\/p>\n\n\n\n<p><\/p>\n\n\n\n<p>Ser\u00e3o R$ 2,5 milh\u00f5es distribu\u00eddos da seguinte forma, para cada projeto selecionado: Teatro (in\u00e9dito) R$30 mil; Circo (in\u00e9dito) R$30 mil; Dan\u00e7a (in\u00e9dito) R$ 30 mil; M\u00fasica (in\u00e9dito) R$ 20 mil; Fotografia (in\u00e9dito) R$ 8 mil; Literatura (n\u00e3o in\u00e9dito) R$ 10 mil; Teatro infantil (n\u00e3o in\u00e9dito\/circula\u00e7\u00e3o) R$ 75 mil; Teatro adulto (n\u00e3o in\u00e9dito\/circula\u00e7\u00e3o) R$100 mil.<\/p>\n\n\n\n<p><\/p>\n\n\n\n<p><strong>Antenor Oliveira, coordenador de Cultura e Educa\u00e7\u00e3o Firjan SESI<\/strong>, explica que \u201cos proponentes dever\u00e3o inscrever propostas de acordo com os crit\u00e9rios e valores or\u00e7ament\u00e1rios estabelecidos para cada categoria e linha de projeto, com realiza\u00e7\u00e3o prevista no ano de 2023. As propostas culturais inscritas ser\u00e3o avaliadas por Comiss\u00f5es de Sele\u00e7\u00e3o, com atua\u00e7\u00e3o no \u00e2mbito da cultura, da cidadania, dos direitos humanos, da democracia cultural e da diversidade cultural para cada linha de projeto\u201d.<\/p>\n\n\n\n<p><\/p>\n\n\n\n<p>Para potencializar a difus\u00e3o e o alcance de novos p\u00fablicos dos espet\u00e1culos selecionados na categoria&nbsp;<strong>In\u00e9ditos de Artes C\u00eanicas<\/strong>, os 24 (vinte e quatro) projetos selecionados tamb\u00e9m ser\u00e3o apresentados no Centro Cultural Oi Futuro.<\/p>\n\n\n\n<p><\/p>\n\n\n\n<p>Cada proponente s\u00f3 poder\u00e1 se inscrever em uma das categorias: In\u00e9dito ou N\u00e3o In\u00e9dito. Para a Categoria In\u00e9dito, o proponente dever\u00e1 escolher uma das linhas e inscrever apenas um projeto. Para a Categoria N\u00e3o In\u00e9dito, o proponente poder\u00e1 inscrever at\u00e9 tr\u00eas projetos, sendo um projeto em cada linha: Literatura, Circula\u00e7\u00e3o de Teatro Adulto e Circula\u00e7\u00e3o de Teatro Infantil. As inscri\u00e7\u00f5es v\u00e3o de&nbsp;<strong>01\/12\/2022 a 08\/01\/2023<\/strong>&nbsp;e o resultado sai em&nbsp;<strong>31\/01\/2023<\/strong>. As inscri\u00e7\u00f5es ser\u00e3o realizadas somente no site&nbsp;<a href=\"https:\/\/nam02.safelinks.protection.outlook.com\/?url=http%3A%2F%2Fwww.firjan.com.br%2Feditaisculturais&amp;data=05%7C01%7Ccarezende%40firjan.com.br%7C26897f8f7f804899345e08dad47f86d8%7Cd0c698d4e4ea4ee9a79df2d7a78399c8%7C0%7C0%7C638055941438402399%7CUnknown%7CTWFpbGZsb3d8eyJWIjoiMC4wLjAwMDAiLCJQIjoiV2luMzIiLCJBTiI6Ik1haWwiLCJXVCI6Mn0%3D%7C3000%7C%7C%7C&amp;sdata=Tp4kpJkOlx6KHY9S3Qzu6ZZayae6V80xrazgSP%2FfMuo%3D&amp;reserved=0\" target=\"_blank\" rel=\"noreferrer noopener\">www.firjan.com.br\/editaisculturais<\/a>&nbsp;.<\/p>\n\n\n\n<p><\/p>\n\n\n\n<p>Os projetos selecionados ser\u00e3o apresentados em diversas unidades da Firjan SESI, ativando a Cultura em v\u00e1rios pontos do estado: Teatro Firjan SESI Centro; Teatro Firjan SESI Caxias; Teatro Firjan SESI Maca\u00e9; Teatro Firjan SESI Campos; Teatro Firjan SESI Itaperuna; Teatro Firjan SESI Jacarepagu\u00e1; Escola Firjan SESI S\u00e3o Gon\u00e7alo; Escola Firjan SESI Maracan\u00e3; Escola Firjan SESI Barra Mansa; Escola Firjan SESI Petr\u00f3polis; Escola Firjan SESI Resende; Casa Firjan e Centro de Refer\u00eancia em Cinema e Audiovisual Firjan SENAI SESI Laranjeiras.<\/p>\n\n\n\n<p><\/p>\n\n\n\n<p><strong>Inscri\u00e7\u00f5es e informa\u00e7\u00f5es completas do edital:&nbsp;<\/strong><a href=\"https:\/\/nam02.safelinks.protection.outlook.com\/?url=http%3A%2F%2Fwww.firjan.com.br%2Feditaisculturais&amp;data=05%7C01%7Ccarezende%40firjan.com.br%7C26897f8f7f804899345e08dad47f86d8%7Cd0c698d4e4ea4ee9a79df2d7a78399c8%7C0%7C0%7C638055941438402399%7CUnknown%7CTWFpbGZsb3d8eyJWIjoiMC4wLjAwMDAiLCJQIjoiV2luMzIiLCJBTiI6Ik1haWwiLCJXVCI6Mn0%3D%7C3000%7C%7C%7C&amp;sdata=Tp4kpJkOlx6KHY9S3Qzu6ZZayae6V80xrazgSP%2FfMuo%3D&amp;reserved=0\" target=\"_blank\" rel=\"noreferrer noopener\"><strong>www.firjan.com.br\/editaisculturais<\/strong><\/a><strong><\/strong><\/p>\n\n\n\n<p><strong>T\u00e9rmino das inscri\u00e7\u00f5es: 08\/01\/2023 \u00e0s 18:00<\/strong><\/p>\n\n\n\n<p><strong>Resultado da sele\u00e7\u00e3o: 31\/01\/2023 at\u00e9 23:59 (hor\u00e1rio de Bras\u00edlia)<\/strong><\/p>\n","protected":false},"excerpt":{"rendered":"<p>O total dos recursos or\u00e7ament\u00e1rios, destinados \u00e0s a\u00e7\u00f5es de sele\u00e7\u00e3o e contrata\u00e7\u00e3o, \u00e9 de R$ 2,5 milh\u00f5es Campos dos Goytacazes, 2 de janeiro de 2023 Terminam neste domingo (08\/01) as inscri\u00e7\u00f5es do&nbsp;Concurso de Cultura Firjan SESI 2022 \u20132023, que vai selecionar e contratar 70 propostas culturais para compor a programa\u00e7\u00e3o da Firjan SESI Cultura em [&hellip;]<\/p>\n","protected":false},"author":2,"featured_media":6251,"comment_status":"open","ping_status":"open","sticky":false,"template":"","format":"standard","meta":{"postBodyCss":"","postBodyMargin":[],"postBodyPadding":[],"postBodyBackground":{"backgroundType":"classic","gradient":""},"footnotes":""},"categories":[93,86,81,73,43],"tags":[85,75,82,74,84,83],"class_list":["post-6248","post","type-post","status-publish","format-standard","has-post-thumbnail","hentry","category-campos-dos-goytacases","category-cultura","category-empreendedorismo","category-emprego","category-regiao","tag-cultura","tag-firjan","tag-oportunidade","tag-rio-de-janeiro","tag-sesi","tag-teatro"],"aioseo_notices":[],"_links":{"self":[{"href":"https:\/\/aconteceemmacaeeregiao.com.br\/index.php\/wp-json\/wp\/v2\/posts\/6248","targetHints":{"allow":["GET"]}}],"collection":[{"href":"https:\/\/aconteceemmacaeeregiao.com.br\/index.php\/wp-json\/wp\/v2\/posts"}],"about":[{"href":"https:\/\/aconteceemmacaeeregiao.com.br\/index.php\/wp-json\/wp\/v2\/types\/post"}],"author":[{"embeddable":true,"href":"https:\/\/aconteceemmacaeeregiao.com.br\/index.php\/wp-json\/wp\/v2\/users\/2"}],"replies":[{"embeddable":true,"href":"https:\/\/aconteceemmacaeeregiao.com.br\/index.php\/wp-json\/wp\/v2\/comments?post=6248"}],"version-history":[{"count":0,"href":"https:\/\/aconteceemmacaeeregiao.com.br\/index.php\/wp-json\/wp\/v2\/posts\/6248\/revisions"}],"wp:featuredmedia":[{"embeddable":true,"href":"https:\/\/aconteceemmacaeeregiao.com.br\/index.php\/wp-json\/wp\/v2\/media\/6251"}],"wp:attachment":[{"href":"https:\/\/aconteceemmacaeeregiao.com.br\/index.php\/wp-json\/wp\/v2\/media?parent=6248"}],"wp:term":[{"taxonomy":"category","embeddable":true,"href":"https:\/\/aconteceemmacaeeregiao.com.br\/index.php\/wp-json\/wp\/v2\/categories?post=6248"},{"taxonomy":"post_tag","embeddable":true,"href":"https:\/\/aconteceemmacaeeregiao.com.br\/index.php\/wp-json\/wp\/v2\/tags?post=6248"}],"curies":[{"name":"wp","href":"https:\/\/api.w.org\/{rel}","templated":true}]}}