{"id":6473,"date":"2023-01-06T16:26:24","date_gmt":"2023-01-06T19:26:24","guid":{"rendered":"https:\/\/aconteceemmacaeeregiao.com.br\/?p=6473"},"modified":"2023-01-09T20:43:35","modified_gmt":"2023-01-09T23:43:35","slug":"mulher-acusada-de-furto-e-presa-em-barra-de-sao-joao","status":"publish","type":"post","link":"https:\/\/aconteceemmacaeeregiao.com.br\/index.php\/2023\/01\/06\/mulher-acusada-de-furto-e-presa-em-barra-de-sao-joao\/","title":{"rendered":"Mulher acusada de furto \u00e9 presa em Barra de S\u00e3o Jo\u00e3o"},"content":{"rendered":"\n<p>Policiais civis da 121\u00aa DP (Casimiro de Abreu), com apoio de policiais militares, prenderam, nesta quarta-feira (04\/01), uma mulher acusada de furto. Contra ela foi cumprido mandado de pris\u00e3o, expedido pelo Cart\u00f3rio da 4\u00ba Vara Criminal da Comarca de Niter\u00f3i.<\/p>\n\n\n\n<p><br>Durante a\u00e7\u00e3o para reprimir o transporte irregular de passageiros em Barra de S\u00e3o Jo\u00e3o, distrito de Casimiro de Abreu, os agentes receberam informa\u00e7\u00f5es que apontavam a localiza\u00e7\u00e3o de uma resid\u00eancia pr\u00f3xima daquela regi\u00e3o.<\/p>\n\n\n\n<p><br>As equipes foram at\u00e9 o local indicado e detiveram a acusada, que n\u00e3o ofereceu resist\u00eancia \u00e0 pris\u00e3o. Ap\u00f3s os procedimentos de praxe, a mulher foi encaminhada ao sistema prisional.<\/p>\n\n\n\n<p><br><em>Por Ascom Pol\u00edcia Civil RJ<\/em><\/p>\n\n\n\n<p><br><\/p>\n","protected":false},"excerpt":{"rendered":"<p>Policiais civis da 121\u00aa DP (Casimiro de Abreu), com apoio de policiais militares, prenderam, nesta quarta-feira (04\/01), uma mulher acusada de furto. Contra ela foi cumprido mandado de pris\u00e3o, expedido pelo Cart\u00f3rio da 4\u00ba Vara Criminal da Comarca de Niter\u00f3i. Durante a\u00e7\u00e3o para reprimir o transporte irregular de passageiros em Barra de S\u00e3o Jo\u00e3o, distrito [&hellip;]<\/p>\n","protected":false},"author":2,"featured_media":6476,"comment_status":"open","ping_status":"open","sticky":false,"template":"","format":"standard","meta":{"postBodyCss":"","postBodyMargin":[],"postBodyPadding":[],"postBodyBackground":{"backgroundType":"classic","gradient":""},"footnotes":""},"categories":[51,47,43],"tags":[99,130,120],"class_list":["post-6473","post","type-post","status-publish","format-standard","has-post-thumbnail","hentry","category-barra-de-sao-joao","category-ocorrencias","category-regiao","tag-crime","tag-furto","tag-mulher"],"aioseo_notices":[],"_links":{"self":[{"href":"https:\/\/aconteceemmacaeeregiao.com.br\/index.php\/wp-json\/wp\/v2\/posts\/6473","targetHints":{"allow":["GET"]}}],"collection":[{"href":"https:\/\/aconteceemmacaeeregiao.com.br\/index.php\/wp-json\/wp\/v2\/posts"}],"about":[{"href":"https:\/\/aconteceemmacaeeregiao.com.br\/index.php\/wp-json\/wp\/v2\/types\/post"}],"author":[{"embeddable":true,"href":"https:\/\/aconteceemmacaeeregiao.com.br\/index.php\/wp-json\/wp\/v2\/users\/2"}],"replies":[{"embeddable":true,"href":"https:\/\/aconteceemmacaeeregiao.com.br\/index.php\/wp-json\/wp\/v2\/comments?post=6473"}],"version-history":[{"count":0,"href":"https:\/\/aconteceemmacaeeregiao.com.br\/index.php\/wp-json\/wp\/v2\/posts\/6473\/revisions"}],"wp:featuredmedia":[{"embeddable":true,"href":"https:\/\/aconteceemmacaeeregiao.com.br\/index.php\/wp-json\/wp\/v2\/media\/6476"}],"wp:attachment":[{"href":"https:\/\/aconteceemmacaeeregiao.com.br\/index.php\/wp-json\/wp\/v2\/media?parent=6473"}],"wp:term":[{"taxonomy":"category","embeddable":true,"href":"https:\/\/aconteceemmacaeeregiao.com.br\/index.php\/wp-json\/wp\/v2\/categories?post=6473"},{"taxonomy":"post_tag","embeddable":true,"href":"https:\/\/aconteceemmacaeeregiao.com.br\/index.php\/wp-json\/wp\/v2\/tags?post=6473"}],"curies":[{"name":"wp","href":"https:\/\/api.w.org\/{rel}","templated":true}]}}