{"id":6493,"date":"2023-01-06T18:50:41","date_gmt":"2023-01-06T21:50:41","guid":{"rendered":"https:\/\/aconteceemmacaeeregiao.com.br\/?p=6493"},"modified":"2023-01-06T18:58:45","modified_gmt":"2023-01-06T21:58:45","slug":"prefeitura-divulga-edital-do-bolsa-atleta-2023","status":"publish","type":"post","link":"https:\/\/aconteceemmacaeeregiao.com.br\/index.php\/2023\/01\/06\/prefeitura-divulga-edital-do-bolsa-atleta-2023\/","title":{"rendered":"Prefeitura divulga edital do Bolsa Atleta 2023"},"content":{"rendered":"\n<p>A Prefeitura de Maca\u00e9 publicou no&nbsp;<a href=\"https:\/\/sistemas.macae.rj.gov.br:84\/diariooficial\/index\/visualizar?id=771\"><strong>Di\u00e1rio Oficial (DO) desta sexta-feira (6)<\/strong><\/a>, o&nbsp;<a href=\"https:\/\/macae.rj.gov.br\/midia\/uploads\/1672982407_removed-1.pdf\"><strong>edital 001\/2023<\/strong><\/a>, que regulamenta a&nbsp;<a href=\"https:\/\/sistemas.macae.rj.gov.br:84\/sim\/midia\/anexolegislacao\/1564776116.pdf\"><strong>Lei Municipal 4.587\/2019<\/strong><\/a>, com altera\u00e7\u00e3o dada pela&nbsp;<a href=\"https:\/\/macae.rj.gov.br\/midia\/uploads\/Lei%204966-2022.pdf\"><strong>Lei Municipal 4.966\/2022<\/strong><\/a>, que trata sobre o Programa Bolsa Atleta 2023. Uma das mudan\u00e7as ser\u00e1 a idade m\u00ednima de 10 anos para que atletas dessa idade possam concorrer a uma vaga. Os valores variam de R$ 500 a R$ 1.500.<\/p>\n\n\n\n<p><br>As inscri\u00e7\u00f5es j\u00e1 est\u00e3o abertas e os interessados t\u00eam at\u00e9 o dia 16 deste m\u00eas para comparecer pessoalmente na sede da Secretaria de Esportes, que fica na Rua Vereador Djalma Sales Pessanha, 591, Novo Botafogo. A previs\u00e3o \u00e9 que a listagem dos atletas contemplados seja divulgada no dia 17 de fevereiro.<\/p>\n\n\n\n<p><br>Os candidatos dever\u00e3o preencher um formul\u00e1rio que est\u00e1 dispon\u00edvel no edital, bem como toda a documenta\u00e7\u00e3o necess\u00e1ria para concorrer a uma vaga do Bolsa Atleta. Entre os documentos exigidos est\u00e3o: xerox da carteira de identidade, CPF, comprovante de resid\u00eancia, foto 3X4 colorida e atualizada, declara\u00e7\u00e3o de frequ\u00eancia na institui\u00e7\u00e3o de ensino, atestado m\u00e9dico, entre outras exig\u00eancias que podem ser conferidas no Di\u00e1rio Oficial.<\/p>\n\n\n\n<p><br>O secret\u00e1rio de Esportes, Marvel Maillet, diz que \u00e9 com satisfa\u00e7\u00e3o e com boas expectativas, que o munic\u00edpio lan\u00e7a o novo edital deste ano. &#8220;O Bolsa Atleta foi um sucesso em 2022, onde tivemos bons resultados com campe\u00f5es em competi\u00e7\u00f5es estaduais, nacionais e at\u00e9 internacionais, levando o nome de Maca\u00e9. O atleta contemplado pode utilizar o recurso para comprar suplementos, academia, custear passagens para participar das competi\u00e7\u00f5es&#8221;, explicou.<\/p>\n\n\n\n<p><br>Os atletas com 10 anos de idade poder\u00e3o concorrer a uma vaga, de acordo com um novo edital.<\/p>\n\n\n\n<blockquote class=\"wp-block-quote is-layout-flow wp-block-quote-is-layout-flow\">\n<p><br>&#8220;O governo tem acompanhado de perto a evolu\u00e7\u00e3o de v\u00e1rias modalidades esportivas em nosso munic\u00edpio, bem como atletas de 10 anos que v\u00eam se destacando. Por esse motivo, a administra\u00e7\u00e3o municipal entendeu que o Programa Bolsa Atleta tamb\u00e9m deveria beneficiar essa faixa et\u00e1ria&#8221;, ressaltou.<\/p>\n<\/blockquote>\n\n\n\n<p><br>Marvel informa ainda que na edi\u00e7\u00e3o de 2022, o Bolsa Atleta contemplou 164 atletas de v\u00e1rias modalidades. A inten\u00e7\u00e3o, de acordo com o secret\u00e1rio Marvel, \u00e9 dobrar esse n\u00famero para que novos atletas possam participar do programa j\u00e1 este ano.<\/p>\n\n\n\n<p><br><strong>Quem tem direito a participar<br><\/strong>T\u00eam direito a concorrer ao Programa Bolsa Atleta, os esportistas que representam o munic\u00edpio ou defendem as equipes que representam Maca\u00e9 em competi\u00e7\u00f5es estaduais, nacionais, internacionais e nos mundiais.<\/p>\n\n\n\n<p><br>O Bolsa Atleta \u00e9 concedido ao esportista com renda familiar de at\u00e9 tr\u00eas sal\u00e1rios m\u00ednimos vigentes no pa\u00eds para a categoria A e o atleta que tenha obtido p\u00f3dio referente \u00e0s categorias B, C e D. O programa destina-se a atender esportistas de alto rendimento nas modalidades ol\u00edmpica, paraol\u00edmpica e n\u00e3o ol\u00edmpica filiadas e regulamentadas por federa\u00e7\u00f5es e\/ou confedera\u00e7\u00f5es.<\/p>\n\n\n\n<p><br>N\u00e3o h\u00e1 idade m\u00e1xima exigida para concorrer \u00e0 bolsa. Importante frisar que os atletas contemplados precisam prestar contas ao munic\u00edpio porque tratam-se de recursos p\u00fablicos.<\/p>\n\n\n\n<p><br><em>Por Liliane Barboza\/ Secom Pref. de Maca\u00e9<\/em><\/p>\n\n\n\n<p><br><\/p>\n","protected":false},"excerpt":{"rendered":"<p>A Prefeitura de Maca\u00e9 publicou no&nbsp;Di\u00e1rio Oficial (DO) desta sexta-feira (6), o&nbsp;edital 001\/2023, que regulamenta a&nbsp;Lei Municipal 4.587\/2019, com altera\u00e7\u00e3o dada pela&nbsp;Lei Municipal 4.966\/2022, que trata sobre o Programa Bolsa Atleta 2023. Uma das mudan\u00e7as ser\u00e1 a idade m\u00ednima de 10 anos para que atletas dessa idade possam concorrer a uma vaga. Os valores variam [&hellip;]<\/p>\n","protected":false},"author":2,"featured_media":6494,"comment_status":"open","ping_status":"open","sticky":false,"template":"","format":"standard","meta":{"postBodyCss":"","postBodyMargin":[],"postBodyPadding":[],"postBodyBackground":{"backgroundType":"classic","gradient":""},"footnotes":""},"categories":[6,42],"tags":[134,107,89],"class_list":["post-6493","post","type-post","status-publish","format-standard","has-post-thumbnail","hentry","category-esporte","category-macae","tag-atleta","tag-bolsa","tag-prefeitura"],"aioseo_notices":[],"_links":{"self":[{"href":"https:\/\/aconteceemmacaeeregiao.com.br\/index.php\/wp-json\/wp\/v2\/posts\/6493","targetHints":{"allow":["GET"]}}],"collection":[{"href":"https:\/\/aconteceemmacaeeregiao.com.br\/index.php\/wp-json\/wp\/v2\/posts"}],"about":[{"href":"https:\/\/aconteceemmacaeeregiao.com.br\/index.php\/wp-json\/wp\/v2\/types\/post"}],"author":[{"embeddable":true,"href":"https:\/\/aconteceemmacaeeregiao.com.br\/index.php\/wp-json\/wp\/v2\/users\/2"}],"replies":[{"embeddable":true,"href":"https:\/\/aconteceemmacaeeregiao.com.br\/index.php\/wp-json\/wp\/v2\/comments?post=6493"}],"version-history":[{"count":0,"href":"https:\/\/aconteceemmacaeeregiao.com.br\/index.php\/wp-json\/wp\/v2\/posts\/6493\/revisions"}],"wp:featuredmedia":[{"embeddable":true,"href":"https:\/\/aconteceemmacaeeregiao.com.br\/index.php\/wp-json\/wp\/v2\/media\/6494"}],"wp:attachment":[{"href":"https:\/\/aconteceemmacaeeregiao.com.br\/index.php\/wp-json\/wp\/v2\/media?parent=6493"}],"wp:term":[{"taxonomy":"category","embeddable":true,"href":"https:\/\/aconteceemmacaeeregiao.com.br\/index.php\/wp-json\/wp\/v2\/categories?post=6493"},{"taxonomy":"post_tag","embeddable":true,"href":"https:\/\/aconteceemmacaeeregiao.com.br\/index.php\/wp-json\/wp\/v2\/tags?post=6493"}],"curies":[{"name":"wp","href":"https:\/\/api.w.org\/{rel}","templated":true}]}}