{"id":6658,"date":"2023-01-12T15:57:54","date_gmt":"2023-01-12T18:57:54","guid":{"rendered":"https:\/\/aconteceemmacaeeregiao.com.br\/?p=6658"},"modified":"2023-01-12T16:10:55","modified_gmt":"2023-01-12T19:10:55","slug":"museu-e-um-bom-programa-nas-ferias","status":"publish","type":"post","link":"https:\/\/aconteceemmacaeeregiao.com.br\/index.php\/2023\/01\/12\/museu-e-um-bom-programa-nas-ferias\/","title":{"rendered":"Museu \u00e9 um bom programa nas f\u00e9rias"},"content":{"rendered":"\n<p>No per\u00edodo de f\u00e9rias escolares, os projetos pedag\u00f3gicos do Solar dos Mellos \u2013 Museu da Cidade de Maca\u00e9, como o Visita Guiada (escolar), Lugares de Mem\u00f3ria e aulas de capoeira est\u00e3o temporariamente suspensos. Mas o espa\u00e7o permanece aberto durante todo o ano, de segunda a sexta-feira, das 9h \u00e0s 16h30, para visitas gratuitas \u00e0s exposi\u00e7\u00f5es e para eventos. Tamb\u00e9m as pesquisas monitoradas ao acervo bibliogr\u00e1fico continuam sendo agendadas.<\/p>\n\n\n\n<p><br>Nestas f\u00e9rias, os turistas e o p\u00fablico em geral podem visitar a exposi\u00e7\u00e3o Brumas da Alma, da artista pl\u00e1stica macaense Mariana Ladeira. A mostra \u00e9 comemorativa dos 18 anos do museu. Os cerca de 20 desenhos em nanquim, as oito pinturas em tinta acr\u00edlica e as duas esculturas em cer\u00e2mica e acr\u00edlica s\u00e3o inspiradas em emo\u00e7\u00f5es provocadas pelas paisagens e pela natureza da cidade. Os visitantes tamb\u00e9m ter\u00e3o acesso \u00e0s exposi\u00e7\u00f5es permanentes da casa e a sua arquitetura hist\u00f3rica.<\/p>\n\n\n\n<p><br>O Solar dos Mellos \u00e9 o guardi\u00e3o de acervos criados por meio de doa\u00e7\u00f5es que incluem livros raros, peri\u00f3dicos, fotografias, gravuras, charges, pinturas, pe\u00e7as e mobili\u00e1rio hist\u00f3ricos. Al\u00e9m disso, guarda, preserva e digitaliza documenta\u00e7\u00e3o hist\u00f3rica cartorial, que \u00e9 rica fonte para pesquisadores, especialmente do interior do estado do Rio de Janeiro. O p\u00fablico tem acesso a estes documentos e livros mediante o acompanhamento de um pesquisador da casa.<\/p>\n\n\n\n<p><br>Fora a pesquisa presencial monitorada, a consulta pode ser realizada atrav\u00e9s do e-mail\u00a0<a href=\"mailto:msolardosmellos@gmail.com\"><strong>msolardosmellos@gmail.com<\/strong><\/a>\u00a0ou telefone (22) 2759-5049. Estes s\u00e3o os contatos para o agendamento da pesquisa monitorada. A diretora do Solar dos Mellos, Patr\u00edcia Barboza, explica que, por serem livros raros, \u00e9 necess\u00e1rio o uso luvas para seu manuseio e demais prote\u00e7\u00f5es devidas.<\/p>\n\n\n\n<blockquote class=\"wp-block-quote is-layout-flow wp-block-quote-is-layout-flow\">\n<p><br>\u201cEm uma entrevista presencial, ou solicita\u00e7\u00e3o por telefone ou por e-mail, o pesquisador nos informa sobre o material que deseja consultar e sobre o tipo de pesquisa. N\u00f3s separamos e organizamos o material por assunto e ano. Depois, agendamos um dia para a pesquisa presencial. O museu n\u00e3o possui uma biblioteca, sim um acervo bibliogr\u00e1fico com livros raros. N\u00e3o faz empr\u00e9stimo destes exemplares, nem mesmo para fotoc\u00f3pias\u201d, esclarece.<\/p>\n<\/blockquote>\n\n\n\n<p><br>No pr\u00f3ximo dia 21 (s\u00e1bado), \u00e0s 19h30, haver\u00e1 o lan\u00e7amento do livro infantil \u2018A Turma do Sirizinho\u2019, de Paulo Santos, ilustrado pelo macaense Jimi Silva. Todos os eventos no museu t\u00eam entrada franca. O Solar dos Mellos, vinculado \u00e0 Secretaria de Cultura, est\u00e1 localizado na rua Conde de Araruama, 248, no Centro da cidade.<\/p>\n\n\n\n<p><br><em>Por Andr\u00e9a Lisboa\/ Secom Pref. de Maca\u00e9<\/em><\/p>\n\n\n\n<p><br><\/p>\n","protected":false},"excerpt":{"rendered":"<p>No per\u00edodo de f\u00e9rias escolares, os projetos pedag\u00f3gicos do Solar dos Mellos \u2013 Museu da Cidade de Maca\u00e9, como o Visita Guiada (escolar), Lugares de Mem\u00f3ria e aulas de capoeira est\u00e3o temporariamente suspensos. Mas o espa\u00e7o permanece aberto durante todo o ano, de segunda a sexta-feira, das 9h \u00e0s 16h30, para visitas gratuitas \u00e0s exposi\u00e7\u00f5es [&hellip;]<\/p>\n","protected":false},"author":2,"featured_media":6659,"comment_status":"open","ping_status":"open","sticky":false,"template":"","format":"standard","meta":{"postBodyCss":"","postBodyMargin":[],"postBodyPadding":[],"postBodyBackground":{"backgroundType":"classic","gradient":""},"footnotes":""},"categories":[133,42],"tags":[126,158],"class_list":["post-6658","post","type-post","status-publish","format-standard","has-post-thumbnail","hentry","category-diverao-macae","category-macae","tag-ferias","tag-museu"],"aioseo_notices":[],"_links":{"self":[{"href":"https:\/\/aconteceemmacaeeregiao.com.br\/index.php\/wp-json\/wp\/v2\/posts\/6658","targetHints":{"allow":["GET"]}}],"collection":[{"href":"https:\/\/aconteceemmacaeeregiao.com.br\/index.php\/wp-json\/wp\/v2\/posts"}],"about":[{"href":"https:\/\/aconteceemmacaeeregiao.com.br\/index.php\/wp-json\/wp\/v2\/types\/post"}],"author":[{"embeddable":true,"href":"https:\/\/aconteceemmacaeeregiao.com.br\/index.php\/wp-json\/wp\/v2\/users\/2"}],"replies":[{"embeddable":true,"href":"https:\/\/aconteceemmacaeeregiao.com.br\/index.php\/wp-json\/wp\/v2\/comments?post=6658"}],"version-history":[{"count":0,"href":"https:\/\/aconteceemmacaeeregiao.com.br\/index.php\/wp-json\/wp\/v2\/posts\/6658\/revisions"}],"wp:featuredmedia":[{"embeddable":true,"href":"https:\/\/aconteceemmacaeeregiao.com.br\/index.php\/wp-json\/wp\/v2\/media\/6659"}],"wp:attachment":[{"href":"https:\/\/aconteceemmacaeeregiao.com.br\/index.php\/wp-json\/wp\/v2\/media?parent=6658"}],"wp:term":[{"taxonomy":"category","embeddable":true,"href":"https:\/\/aconteceemmacaeeregiao.com.br\/index.php\/wp-json\/wp\/v2\/categories?post=6658"},{"taxonomy":"post_tag","embeddable":true,"href":"https:\/\/aconteceemmacaeeregiao.com.br\/index.php\/wp-json\/wp\/v2\/tags?post=6658"}],"curies":[{"name":"wp","href":"https:\/\/api.w.org\/{rel}","templated":true}]}}