{"id":6661,"date":"2023-01-12T16:29:23","date_gmt":"2023-01-12T19:29:23","guid":{"rendered":"https:\/\/aconteceemmacaeeregiao.com.br\/?p=6661"},"modified":"2023-01-12T16:54:28","modified_gmt":"2023-01-12T19:54:28","slug":"macae-aprova-gratuidade-nos-transportes-publicos-para-pessoas-em-situacao-de-rua","status":"publish","type":"post","link":"https:\/\/aconteceemmacaeeregiao.com.br\/index.php\/2023\/01\/12\/macae-aprova-gratuidade-nos-transportes-publicos-para-pessoas-em-situacao-de-rua\/","title":{"rendered":"Maca\u00e9 aprova gratuidade nos transportes p\u00fablicos para pessoas em situa\u00e7\u00e3o de rua"},"content":{"rendered":"\n<p>A C\u00e2mara de vereadores de Maca\u00e9, no Rio de Janeiro, aprovou, de forma un\u00e2nime, uma lei que garante gratuidade nos transportes p\u00fablicos municipais para todas as pessoas em situa\u00e7\u00e3o de rua da cidade.<\/p>\n\n\n\n<p><br>A norma, sugerida pela Defensoria P\u00fablica do Rio de Janeiro, \u00e9 a primeira norma do g\u00eanero no estado fluminense.<\/p>\n\n\n\n<p><br>A defensora p\u00fablica Karine Terra, que atua no 3\u00ba N\u00facleo Regional de Tutela Coletiva, aponta que a gratuidade \u00e9 um facilitador para que as pessoas em situa\u00e7\u00e3o de rua possam frequentar cursos e buscar coloca\u00e7\u00e3o profissional, al\u00e9m de acessar os espa\u00e7os de lazer e cultura do munic\u00edpio.<\/p>\n\n\n\n<p><br>&#8220;Ap\u00f3s as visitas aos equipamentos que fazem o atendimento da popula\u00e7\u00e3o em situa\u00e7\u00e3o e rua, verificamos a dificuldade que esse grupo tinha de se locomover para atividades di\u00e1rias, inclusive para acessar os pr\u00f3prios equipamentos, como o centro pop, restaurante popular e a pousada da cidadania&#8221;, destaca.\u00a0<\/p>\n\n\n\n<p><br>Terra explica que a articula\u00e7\u00e3o foi realizada com o governo municipal, atrav\u00e9s da procuradoria de Tutela Coletiva, e com a Comiss\u00e3o de Direitos Humanos da C\u00e2mara Municipal de Maca\u00e9.\u00a0<\/p>\n\n\n\n<p><br><\/p>\n\n\n\n<h3 class=\"wp-block-heading\">Avan\u00e7os tamb\u00e9m para pessoas com defici\u00eancia&nbsp;<\/h3>\n\n\n\n<p><br>Al\u00e9m do benef\u00edcio estendido \u00e0s pessoas em situa\u00e7\u00e3o de rua, outro pedido da Defensoria P\u00fablica que foi contemplado no projeto de lei se refere \u00e0 flexibiliza\u00e7\u00e3o da caracteriza\u00e7\u00e3o da pessoa com defici\u00eancia para fins de concess\u00e3o do benef\u00edcio, permitindo agora que a defici\u00eancia seja atestada em laudo profissional, preferencialmente m\u00e9dico, de acordo com a Lei Brasileira de Inclus\u00e3o da Pessoa com Defici\u00eancia. Antes, era preciso estar sendo atendido pelo SUS para conseguir o benef\u00edcio.\u00a0<\/p>\n\n\n\n<blockquote class=\"wp-block-quote is-layout-flow wp-block-quote-is-layout-flow\">\n<p><br>&#8211; As visitas nos equipamentos de sa\u00fade mental nos mostraram a quantidade de crian\u00e7as e adolescentes em fila de espera para atendimento. Na reda\u00e7\u00e3o anterior da lei, se essas pessoas n\u00e3o estivessem em tratamento no programa de atendimento municipal, elas n\u00e3o poderiam ser beneficiadas com o &#8220;Passe Social&#8221;. Depois de muito di\u00e1logo, conseguimos reverter essa exig\u00eancia, permitindo que mais crian\u00e7as e adolescentes com defici\u00eancia, bem como seus acompanhantes, tenham direito ao benef\u00edcio. O trabalho segue agora buscando a amplia\u00e7\u00e3o no atendimento no programa de sa\u00fade mental a fim de que possa acolher toda a demanda, conclui a defensora.<\/p>\n<\/blockquote>\n\n\n\n<p><br><em>Com informa\u00e7\u00f5es da assessoria de imprensa da\u00a0Defensoria P\u00fablica do Rio de Janeiro.<\/em><\/p>\n\n\n\n<p><em>Por site Conjur<\/em><\/p>\n\n\n\n<p><br><\/p>\n","protected":false},"excerpt":{"rendered":"<p>A C\u00e2mara de vereadores de Maca\u00e9, no Rio de Janeiro, aprovou, de forma un\u00e2nime, uma lei que garante gratuidade nos transportes p\u00fablicos municipais para todas as pessoas em situa\u00e7\u00e3o de rua da cidade. A norma, sugerida pela Defensoria P\u00fablica do Rio de Janeiro, \u00e9 a primeira norma do g\u00eanero no estado fluminense. A defensora p\u00fablica [&hellip;]<\/p>\n","protected":false},"author":2,"featured_media":6663,"comment_status":"open","ping_status":"open","sticky":false,"template":"","format":"standard","meta":{"postBodyCss":"","postBodyMargin":[],"postBodyPadding":[],"postBodyBackground":{"backgroundType":"classic","gradient":""},"footnotes":""},"categories":[42,44],"tags":[159,141],"class_list":["post-6661","post","type-post","status-publish","format-standard","has-post-thumbnail","hentry","category-macae","category-politica","tag-gratuidade","tag-transporte"],"aioseo_notices":[],"_links":{"self":[{"href":"https:\/\/aconteceemmacaeeregiao.com.br\/index.php\/wp-json\/wp\/v2\/posts\/6661","targetHints":{"allow":["GET"]}}],"collection":[{"href":"https:\/\/aconteceemmacaeeregiao.com.br\/index.php\/wp-json\/wp\/v2\/posts"}],"about":[{"href":"https:\/\/aconteceemmacaeeregiao.com.br\/index.php\/wp-json\/wp\/v2\/types\/post"}],"author":[{"embeddable":true,"href":"https:\/\/aconteceemmacaeeregiao.com.br\/index.php\/wp-json\/wp\/v2\/users\/2"}],"replies":[{"embeddable":true,"href":"https:\/\/aconteceemmacaeeregiao.com.br\/index.php\/wp-json\/wp\/v2\/comments?post=6661"}],"version-history":[{"count":0,"href":"https:\/\/aconteceemmacaeeregiao.com.br\/index.php\/wp-json\/wp\/v2\/posts\/6661\/revisions"}],"wp:featuredmedia":[{"embeddable":true,"href":"https:\/\/aconteceemmacaeeregiao.com.br\/index.php\/wp-json\/wp\/v2\/media\/6663"}],"wp:attachment":[{"href":"https:\/\/aconteceemmacaeeregiao.com.br\/index.php\/wp-json\/wp\/v2\/media?parent=6661"}],"wp:term":[{"taxonomy":"category","embeddable":true,"href":"https:\/\/aconteceemmacaeeregiao.com.br\/index.php\/wp-json\/wp\/v2\/categories?post=6661"},{"taxonomy":"post_tag","embeddable":true,"href":"https:\/\/aconteceemmacaeeregiao.com.br\/index.php\/wp-json\/wp\/v2\/tags?post=6661"}],"curies":[{"name":"wp","href":"https:\/\/api.w.org\/{rel}","templated":true}]}}