{"id":6674,"date":"2023-01-12T17:25:55","date_gmt":"2023-01-12T20:25:55","guid":{"rendered":"https:\/\/aconteceemmacaeeregiao.com.br\/?p=6674"},"modified":"2023-01-12T17:39:36","modified_gmt":"2023-01-12T20:39:36","slug":"tst-divulga-concurso-publico-com-300-vagas-para-juiz-do-trabalho","status":"publish","type":"post","link":"https:\/\/aconteceemmacaeeregiao.com.br\/index.php\/2023\/01\/12\/tst-divulga-concurso-publico-com-300-vagas-para-juiz-do-trabalho\/","title":{"rendered":"TST divulga Concurso P\u00fablico com 300 vagas para Juiz do Trabalho"},"content":{"rendered":"\n<p><em><strong>Oportunidade s\u00e3o destinadas a diversos locais com subs\u00eddio de at\u00e9 R$ 32 mil<\/strong><\/em><\/p>\n\n\n\n<p><br>O\u00a0<a href=\"https:\/\/www.tst.jus.br\/\" target=\"_blank\" rel=\"noreferrer noopener\">Tribunal Superior do Trabalho (TST)<\/a>\u00a0informa a todos sobre a realiza\u00e7\u00e3o do II Concurso P\u00fablico Nacional Unificado para ingresso na carreira da Magistratura do Trabalho no cargo de Juiz do Trabalho Substituto.<\/p>\n\n\n\n<p><br>H\u00e1 300 vagas em aberto destinadas a profissionais que tenham conclu\u00eddo o curso de bacharelado em Direito, em institui\u00e7\u00e3o p\u00fablica ou particular reconhecida pelo MEC; haver exercido atividade jur\u00eddica pelo per\u00edodo m\u00ednimo de tr\u00eas anos, contados a partir da obten\u00e7\u00e3o do grau de bacharel em Direito, nos termos do art. 93, I, da Constitui\u00e7\u00e3o da Rep\u00fablica.<\/p>\n\n\n\n<p><br>De acordo com o edital, as oportunidades est\u00e3o distribu\u00eddas nos seguintes locais: Tribunal Regional do Trabalho da 1\u00aa Regi\u00e3o &#8211; Rio de Janeiro (45); Tribunal Regional do Trabalho da 2\u00aa Regi\u00e3o &#8211; S\u00e3o Paulo (85); Tribunal Regional do Trabalho da 3\u00aa Regi\u00e3o &#8211; Minas Gerais (45); Tribunal Regional do Trabalho da 4\u00aa Regi\u00e3o &#8211; Rio Grande do Sul (8); Tribunal Regional do Trabalho da 5\u00aa Regi\u00e3o &#8211; Bahia (5); Tribunal Regional do Trabalho da 6\u00aa Regi\u00e3o &#8211; Pernambuco (11); Tribunal Regional do Trabalho da 7\u00aa Regi\u00e3o &#8211; Cear\u00e1; Tribunal Regional do Trabalho da 8\u00aa Regi\u00e3o &#8211; Par\u00e1\/Amap\u00e1 (9); Tribunal Regional do Trabalho da 9\u00aa Regi\u00e3o &#8211; Paran\u00e1 (11); Tribunal Regional do Trabalho da 10\u00aa Regi\u00e3o &#8211; DF\/Tocantins (2); Tribunal Regional do Trabalho da 11\u00aa Regi\u00e3o &#8211; Amazonas\/Roraima (5); Tribunal Regional do Trabalho da 12\u00aa Regi\u00e3o &#8211; Santa Catarina; Tribunal Regional do Trabalho da 13\u00aa Regi\u00e3o &#8211; Para\u00edba (1); Tribunal Regional do Trabalho da 14\u00aa Regi\u00e3o &#8211; Rond\u00f4nia\/Acre (7); Tribunal Regional do Trabalho da 15\u00aa Regi\u00e3o &#8211; Campinas (40); Tribunal Regional do Trabalho da 16\u00aa Regi\u00e3o &#8211; Maranh\u00e3o (1); Tribunal Regional do Trabalho da 17\u00aa Regi\u00e3o &#8211; Esp\u00edrito Santo (1); Tribunal Regional do Trabalho da 18\u00aa Regi\u00e3o &#8211; Goi\u00e1s (5); Tribunal Regional do Trabalho da 19\u00aa Regi\u00e3o &#8211; Alagoas (1); Tribunal Regional do Trabalho da 20\u00aa Regi\u00e3o &#8211; Sergipe (2); Tribunal Regional do Trabalho da 21\u00aa Regi\u00e3o &#8211; Rio Grande do Norte (3); Tribunal Regional do Trabalho da 22\u00aa Regi\u00e3o &#8211; Piau\u00ed (1); Tribunal Regional do Trabalho da 23\u00aa Regi\u00e3o &#8211; Mato Grosso (10) e Tribunal Regional do Trabalho da 24\u00aa Regi\u00e3o &#8211; Mato Grosso do Sul (2).<\/p>\n\n\n\n<p><br>Ao serem contratados os servidores far\u00e3o jus a subs\u00eddio no valor de R$ 32.004,65.<\/p>\n\n\n\n<p><br>As inscri\u00e7\u00f5es preliminares para o Concurso P\u00fablico estar\u00e3o abertas a partir das 16h do dia 9 de janeiro de 2023 at\u00e9 \u00e0s 16h do dia 15 de fevereiro de 2023, no site da\u00a0<a href=\"https:\/\/conhecimento.fgv.br\/concursos\/csjt23\" target=\"_blank\" rel=\"noreferrer noopener\">FGV Concursos<\/a>. Nesta etapa \u00e9 preciso efetuar o pagamento da taxa no valor de R$ 320,00.<\/p>\n\n\n\n<p><br>Somente haver\u00e1 isen\u00e7\u00e3o da taxa de inscri\u00e7\u00e3o para os candidatos amparados pelo Decreto n\u00ba 6.593\/2008, que estiverem inscritos(as) no Cadastro \u00danico para Programas Sociais do Governo Federal (Cad\u00danico), e aos doadores de medula. O prazo \u00e9 das 16h do dia 9 de janeiro at\u00e9 \u00e0s 16h do dia 27 de janeiro de 2023.<\/p>\n\n\n\n<p><br>Como forma de classificar os inscritos ser\u00e3o realizadas: prova objetiva seletiva, duas provas escritas (discursiva e pr\u00e1tica), inscri\u00e7\u00e3o definitiva, sindic\u00e2ncia da vida pregressa e investiga\u00e7\u00e3o social; exame de sanidade f\u00edsica e mental; e exame psicot\u00e9cnico; prova oral e avalia\u00e7\u00e3o de t\u00edtulos.<\/p>\n\n\n\n<p><br>A Primeira Etapa, prova objetiva seletiva, de car\u00e1ter eliminat\u00f3rio e classificat\u00f3rio, ser\u00e1 realizada em todas as 24 cidades-sede dos Tribunais Regionais do Trabalho: Rio de Janeiro &#8211; RJ, S\u00e3o Paulo &#8211; SP, Belo Horizonte &#8211; MG, Porto Alegre &#8211; RS, Salvador &#8211; BA, Recife &#8211; PE, Fortaleza &#8211; CE, Bel\u00e9m &#8211; PA, Curitiba &#8211; PR, Bras\u00edlia &#8211; DF, Manaus &#8211; AM, Florian\u00f3polis &#8211; SC, Jo\u00e3o Pessoa &#8211; PB, Porto Velho &#8211; RO, Campinas &#8211; SP, S\u00e3o Lu\u00eds &#8211; MA, Vit\u00f3ria &#8211; ES, Goi\u00e2nia &#8211; GO, Macei\u00f3 &#8211; AL, Aracaju &#8211; SE, Natal &#8211; RN, Teresina &#8211; PI, Cuiab\u00e1 &#8211; MT e Campo Grande &#8211; MS, provavelmente no dia 14 de maio de 2023, das 13h \u00e0s 18h.<\/p>\n\n\n\n<p><br>No total, 100 quest\u00f5es sobre temas de: Direito Individual e Coletivo do Trabalho; Direito Administrativo; Direito Penal; Direito Processual do Trabalho; Direito Constitucional; Direito Constitucional do Trabalho; Direito Civil; Direito da Crian\u00e7a, do Adolescente e do Jovem; Direito Processual Civil; Direito Internacional e Comunit\u00e1rio; Direito Previdenci\u00e1rio; Direito Empresarial; Direitos Humanos e Direitos Humanos Sociais, v\u00e3o compor a prova.<\/p>\n\n\n\n<p><br>No caso da segunda etapa do Concurso que ser\u00e1 composta de duas provas escritas, uma discursiva e uma pr\u00e1tica de senten\u00e7a trabalhista, a aplica\u00e7\u00e3o est\u00e1 prevista para o dia 15 e 16 de julho de 2023, com cinco horas de dura\u00e7\u00e3o, cada.<\/p>\n\n\n\n<p><br>E j\u00e1 a Prova Oral ser\u00e1 realizada no Distrito Federal, nas depend\u00eancias do Tribunal Superior do Trabalho.<\/p>\n\n\n\n<p><br>Este Concurso P\u00fablico tem validade de dois anos, prorrog\u00e1vel, uma \u00fanica vez, por igual per\u00edodo, contado da data da publica\u00e7\u00e3o da homologa\u00e7\u00e3o do resultado final.<\/p>\n\n\n\n<p><br>Link<\/p>\n\n\n\n<p><a href=\"https:\/\/arquivo.pciconcursos.com.br\/tst-divulga-concurso-publico-com-300-vagas-para-juiz-do-trabalho\/1601116\/369d55bddb\/edital_de_abertura_n_01_2023.pdf\" title=\"\">EDITAL DE ABERTURA N\u00ba 1\/2023<\/a><\/p>\n\n\n\n<p><br><em>Por <em>Jornalista:\u00a0Karina Fel\u00edcio<\/em><\/em>\/ <em>PCI Concursos<\/em><\/p>\n\n\n\n<p><br><\/p>\n","protected":false},"excerpt":{"rendered":"<p>Oportunidade s\u00e3o destinadas a diversos locais com subs\u00eddio de at\u00e9 R$ 32 mil O\u00a0Tribunal Superior do Trabalho (TST)\u00a0informa a todos sobre a realiza\u00e7\u00e3o do II Concurso P\u00fablico Nacional Unificado para ingresso na carreira da Magistratura do Trabalho no cargo de Juiz do Trabalho Substituto. H\u00e1 300 vagas em aberto destinadas a profissionais que tenham conclu\u00eddo [&hellip;]<\/p>\n","protected":false},"author":2,"featured_media":6675,"comment_status":"open","ping_status":"open","sticky":false,"template":"","format":"standard","meta":{"postBodyCss":"","postBodyMargin":[],"postBodyPadding":[],"postBodyBackground":{"backgroundType":"classic","gradient":""},"footnotes":""},"categories":[73],"tags":[160,82,161],"class_list":["post-6674","post","type-post","status-publish","format-standard","has-post-thumbnail","hentry","category-emprego","tag-concursos","tag-oportunidade","tag-tst"],"aioseo_notices":[],"_links":{"self":[{"href":"https:\/\/aconteceemmacaeeregiao.com.br\/index.php\/wp-json\/wp\/v2\/posts\/6674","targetHints":{"allow":["GET"]}}],"collection":[{"href":"https:\/\/aconteceemmacaeeregiao.com.br\/index.php\/wp-json\/wp\/v2\/posts"}],"about":[{"href":"https:\/\/aconteceemmacaeeregiao.com.br\/index.php\/wp-json\/wp\/v2\/types\/post"}],"author":[{"embeddable":true,"href":"https:\/\/aconteceemmacaeeregiao.com.br\/index.php\/wp-json\/wp\/v2\/users\/2"}],"replies":[{"embeddable":true,"href":"https:\/\/aconteceemmacaeeregiao.com.br\/index.php\/wp-json\/wp\/v2\/comments?post=6674"}],"version-history":[{"count":0,"href":"https:\/\/aconteceemmacaeeregiao.com.br\/index.php\/wp-json\/wp\/v2\/posts\/6674\/revisions"}],"wp:featuredmedia":[{"embeddable":true,"href":"https:\/\/aconteceemmacaeeregiao.com.br\/index.php\/wp-json\/wp\/v2\/media\/6675"}],"wp:attachment":[{"href":"https:\/\/aconteceemmacaeeregiao.com.br\/index.php\/wp-json\/wp\/v2\/media?parent=6674"}],"wp:term":[{"taxonomy":"category","embeddable":true,"href":"https:\/\/aconteceemmacaeeregiao.com.br\/index.php\/wp-json\/wp\/v2\/categories?post=6674"},{"taxonomy":"post_tag","embeddable":true,"href":"https:\/\/aconteceemmacaeeregiao.com.br\/index.php\/wp-json\/wp\/v2\/tags?post=6674"}],"curies":[{"name":"wp","href":"https:\/\/api.w.org\/{rel}","templated":true}]}}