{"id":6862,"date":"2023-01-20T18:12:08","date_gmt":"2023-01-20T21:12:08","guid":{"rendered":"https:\/\/aconteceemmacaeeregiao.com.br\/?p=6862"},"modified":"2023-01-20T18:12:08","modified_gmt":"2023-01-20T21:12:08","slug":"fundacao-cecierj-abre-mais-de-5-mil-vagas-em-cursos-de-formacao-continuada-de-professores","status":"publish","type":"post","link":"https:\/\/aconteceemmacaeeregiao.com.br\/index.php\/2023\/01\/20\/fundacao-cecierj-abre-mais-de-5-mil-vagas-em-cursos-de-formacao-continuada-de-professores\/","title":{"rendered":"<strong>Funda\u00e7\u00e3o Cecierj abre mais de 5 mil vagas em cursos de forma\u00e7\u00e3o continuada de professores<\/strong>"},"content":{"rendered":"\n<p>O ano come\u00e7a com oportunidade de capacita\u00e7\u00e3o gratuita para professores dos ensinos Fundamental II e M\u00e9dio e profissionais da Educa\u00e7\u00e3o B\u00e1sica das redes p\u00fablica e privada. S\u00e3o mais de 5.700 vagas nas \u00e1reas de Ci\u00eancias da Natureza, Ci\u00eancias Humanas, Linguagens e C\u00f3digos, Matem\u00e1tica, Pr\u00e1tica Docente e Tecnologia Educacional. A inscri\u00e7\u00e3o&nbsp;para o processo seletivo&nbsp;poder\u00e1 ser feita at\u00e9 o dia 5 de fevereiro, exclusivamente na p\u00e1gina&nbsp;&nbsp;<a href=\"https:\/\/www.cecierj.edu.br\/extensao\" target=\"_blank\" rel=\"noreferrer noopener\">https:\/\/www.cecierj.edu.br\/extensao<\/a>&nbsp;.&nbsp; O Programa de Forma\u00e7\u00e3o Continuada de Professores \u00e9 ofertado pela Funda\u00e7\u00e3o Cecierj, vinculada da Secretaria de Ci\u00eancia, Tecnologia e Inova\u00e7\u00e3o.&nbsp;<\/p>\n\n\n\n<p>As aulas ser\u00e3o realizadas no formato a dist\u00e2ncia no per\u00edodo de 14 de fevereiro a 8 de maio de 2023. O Programa de Forma\u00e7\u00e3o Continuada de Professores \u00e9 oferecido em per\u00edodos letivos e tem carga hor\u00e1ria de 120 horas, organizado em disciplinas de 30 horas. Para se inscrever, o candidato deve ser graduado ou licenciado. A sele\u00e7\u00e3o ser\u00e1 realizada por ordem de inscri\u00e7\u00e3o, respeitando os crit\u00e9rios de prioridade descritos no item 3 do edital. As \u00e1reas de forma\u00e7\u00e3o e atua\u00e7\u00e3o do candidato ser\u00e3o priorit\u00e1rias, mas \u00e9 poss\u00edvel se inscrever para cursar disciplinas fora de sua \u00e1rea de forma\u00e7\u00e3o e\/ou atua\u00e7\u00e3o, conforme estabelece o edital.<\/p>\n\n\n\n<p>&#8220;A meta da Secretaria de Ci\u00eancia, Tecnologia e Inova\u00e7\u00e3o e de suas vinculadas \u00e9 \u00fanica: levar educa\u00e7\u00e3o, pesquisa, inova\u00e7\u00e3o e cultura para todos do Estado do Rio. E os profissionais da educa\u00e7\u00e3o s\u00e3o essenciais nesse processo de transforma\u00e7\u00e3o.&nbsp;Por isso, essa \u00e9 uma grande oportunidade que a Funda\u00e7\u00e3o Cecierj oferece com os cursos gratuitos, que apresentam novas pr\u00e1ticas pedag\u00f3gicas para serem inseridas no trabalho do docente&#8221;, destacou o secret\u00e1rio de Ci\u00eancia, Tecnologia e Inova\u00e7\u00e3o, Dr. Serginho.<\/p>\n\n\n\n<p>As disciplinas integrantes das \u00e1reas de Ci\u00eancias da Natureza, Ci\u00eancias Humanas, Linguagens e C\u00f3digos e Matem\u00e1tica s\u00e3o constru\u00eddas com base em par\u00e2metros curriculares estaduais e nacionais. O objetivo \u00e9 alinhar as habilidades e compet\u00eancias desenvolvidas no curso com as necess\u00e1rias \u00e0 pr\u00e1tica docente. J\u00e1 as disciplinas das \u00e1reas Pr\u00e1tica Docente e Tecnologia Educacional abordam temas transversais a todas as \u00e1reas do conhecimento e se destinam a colaborar com novas pr\u00e1ticas pedag\u00f3gicas e a incentivar o aprimoramento das j\u00e1 existentes.<\/p>\n\n\n\n<p>&#8220;Os professores e profissionais da educa\u00e7\u00e3o, que desejam come\u00e7ar o ano se capacitando, j\u00e1 podem se inscrever no\u00a0Programa de Forma\u00e7\u00e3o Continuada de Professores da Funda\u00e7\u00e3o Cecierj. Os cursos s\u00e3o gratuitos e ofertados na modalidade a dist\u00e2ncia, o que facilita a organiza\u00e7\u00e3o dos estudos. Tenho certeza que\u00a0essa \u00e9 uma boa oportunidade para os nossos docentes se especializarem e levarem essas novas pr\u00e1ticas para a sala de aula&#8221;, comentou o presidente da Funda\u00e7\u00e3o Cecierj, Jo\u00e3o Carrilho.<\/p>\n\n\n\n<p><em>Por Ascom \u00a0Cecierj<\/em><\/p>\n","protected":false},"excerpt":{"rendered":"<p>O ano come\u00e7a com oportunidade de capacita\u00e7\u00e3o gratuita para professores dos ensinos Fundamental II e M\u00e9dio e profissionais da Educa\u00e7\u00e3o B\u00e1sica das redes p\u00fablica e privada. S\u00e3o mais de 5.700 vagas nas \u00e1reas de Ci\u00eancias da Natureza, Ci\u00eancias Humanas, Linguagens e C\u00f3digos, Matem\u00e1tica, Pr\u00e1tica Docente e Tecnologia Educacional. A inscri\u00e7\u00e3o&nbsp;para o processo seletivo&nbsp;poder\u00e1 ser feita [&hellip;]<\/p>\n","protected":false},"author":2,"featured_media":6867,"comment_status":"open","ping_status":"open","sticky":false,"template":"","format":"standard","meta":{"postBodyCss":"","postBodyMargin":[],"postBodyPadding":[],"postBodyBackground":{"backgroundType":"classic","gradient":""},"footnotes":""},"categories":[61,43],"tags":[132,193],"class_list":["post-6862","post","type-post","status-publish","format-standard","has-post-thumbnail","hentry","category-educacao","category-regiao","tag-cursos-gratuitos","tag-professores"],"aioseo_notices":[],"_links":{"self":[{"href":"https:\/\/aconteceemmacaeeregiao.com.br\/index.php\/wp-json\/wp\/v2\/posts\/6862","targetHints":{"allow":["GET"]}}],"collection":[{"href":"https:\/\/aconteceemmacaeeregiao.com.br\/index.php\/wp-json\/wp\/v2\/posts"}],"about":[{"href":"https:\/\/aconteceemmacaeeregiao.com.br\/index.php\/wp-json\/wp\/v2\/types\/post"}],"author":[{"embeddable":true,"href":"https:\/\/aconteceemmacaeeregiao.com.br\/index.php\/wp-json\/wp\/v2\/users\/2"}],"replies":[{"embeddable":true,"href":"https:\/\/aconteceemmacaeeregiao.com.br\/index.php\/wp-json\/wp\/v2\/comments?post=6862"}],"version-history":[{"count":0,"href":"https:\/\/aconteceemmacaeeregiao.com.br\/index.php\/wp-json\/wp\/v2\/posts\/6862\/revisions"}],"wp:featuredmedia":[{"embeddable":true,"href":"https:\/\/aconteceemmacaeeregiao.com.br\/index.php\/wp-json\/wp\/v2\/media\/6867"}],"wp:attachment":[{"href":"https:\/\/aconteceemmacaeeregiao.com.br\/index.php\/wp-json\/wp\/v2\/media?parent=6862"}],"wp:term":[{"taxonomy":"category","embeddable":true,"href":"https:\/\/aconteceemmacaeeregiao.com.br\/index.php\/wp-json\/wp\/v2\/categories?post=6862"},{"taxonomy":"post_tag","embeddable":true,"href":"https:\/\/aconteceemmacaeeregiao.com.br\/index.php\/wp-json\/wp\/v2\/tags?post=6862"}],"curies":[{"name":"wp","href":"https:\/\/api.w.org\/{rel}","templated":true}]}}