{"id":6876,"date":"2023-01-20T20:40:37","date_gmt":"2023-01-20T23:40:37","guid":{"rendered":"https:\/\/aconteceemmacaeeregiao.com.br\/?p=6876"},"modified":"2023-01-20T20:40:38","modified_gmt":"2023-01-20T23:40:38","slug":"alunos-de-macae-terao-cartao-para-compra-de-uniformes","status":"publish","type":"post","link":"https:\/\/aconteceemmacaeeregiao.com.br\/index.php\/2023\/01\/20\/alunos-de-macae-terao-cartao-para-compra-de-uniformes\/","title":{"rendered":"Alunos de Maca\u00e9 ter\u00e3o cart\u00e3o para compra de uniformes"},"content":{"rendered":"\n<p>Os cerca de 42 mil alunos da rede municipal de Maca\u00e9 ter\u00e3o garantidos os uniformes escolares atrav\u00e9s de valor creditado em um cart\u00e3o que ser\u00e1 entregue pela Secretaria de Educa\u00e7\u00e3o. O recurso prev\u00ea gastos para aquisi\u00e7\u00e3o de roupas escolares e t\u00eanis, contemplando todos os segmentos, do Maternal ao Ensino de Jovens e Adultos (EJA). J\u00e1 o material escolar ser\u00e1 entregue pelas escolas, a partir de 27 de fevereiro.<\/p>\n\n\n\n<p>O cart\u00e3o \u00e9 uma ferramenta prevista no Programa Aux\u00edlio Material Did\u00e1tico e Uniforme Escolar (Lei 4.968\/2022) que prev\u00ea o benef\u00edcio de at\u00e9 mil reais para alunos das escolas municipais. O valor creditado em cada cart\u00e3o ser\u00e1 diferenciado para cada segmento, tendo como base a estimativa de pre\u00e7os aferidos pela Secretaria de Educa\u00e7\u00e3o, a partir de uma pesquisa de mercado.<\/p>\n\n\n\n<p>A secret\u00e1ria de Educa\u00e7\u00e3o, Leandra Lopes, destaca que a aplica\u00e7\u00e3o do cart\u00e3o \u00e9 ampla e que, neste primeiro momento, a utiliza\u00e7\u00e3o ser\u00e1 destinada apenas a compra dos uniformes e que o material escolar ser\u00e1 distribu\u00eddo nas escolas. \u201cTodos os alunos receber\u00e3o o material com itens como caderno, agenda, tesoura e cola diretamente na sua escola. A composi\u00e7\u00e3o de cada kit ser\u00e1 de acordo com o segmento de ensino\u201d, detalha.<\/p>\n\n\n\n<p>Com o cart\u00e3o, ser\u00e1 poss\u00edvel adquirir em lojas credenciadas os seguintes itens que comp\u00f5em o uniforme escolar: duas camisas manga curta, uma camiseta regata, duas bermudas, um casaco, uma cal\u00e7a e um t\u00eanis.<\/p>\n\n\n\n<p>Todas as orienta\u00e7\u00f5es sobre utiliza\u00e7\u00e3o e empresas credenciadas ser\u00e3o disponibilizadas a partir da entrega dos cart\u00f5es, em data ainda a ser divulgada pela Secretaria de Educa\u00e7\u00e3o.<\/p>\n\n\n\n<p><em>Por Secom Pref. de Maca\u00e9<\/em><\/p>\n","protected":false},"excerpt":{"rendered":"<p>Os cerca de 42 mil alunos da rede municipal de Maca\u00e9 ter\u00e3o garantidos os uniformes escolares atrav\u00e9s de valor creditado em um cart\u00e3o que ser\u00e1 entregue pela Secretaria de Educa\u00e7\u00e3o. O recurso prev\u00ea gastos para aquisi\u00e7\u00e3o de roupas escolares e t\u00eanis, contemplando todos os segmentos, do Maternal ao Ensino de Jovens e Adultos (EJA). J\u00e1 [&hellip;]<\/p>\n","protected":false},"author":2,"featured_media":6877,"comment_status":"open","ping_status":"open","sticky":false,"template":"","format":"standard","meta":{"postBodyCss":"","postBodyMargin":[],"postBodyPadding":[],"postBodyBackground":{"backgroundType":"classic","gradient":""},"footnotes":""},"categories":[61,42],"tags":[68],"class_list":["post-6876","post","type-post","status-publish","format-standard","has-post-thumbnail","hentry","category-educacao","category-macae","tag-escolas-publicas"],"aioseo_notices":[],"_links":{"self":[{"href":"https:\/\/aconteceemmacaeeregiao.com.br\/index.php\/wp-json\/wp\/v2\/posts\/6876","targetHints":{"allow":["GET"]}}],"collection":[{"href":"https:\/\/aconteceemmacaeeregiao.com.br\/index.php\/wp-json\/wp\/v2\/posts"}],"about":[{"href":"https:\/\/aconteceemmacaeeregiao.com.br\/index.php\/wp-json\/wp\/v2\/types\/post"}],"author":[{"embeddable":true,"href":"https:\/\/aconteceemmacaeeregiao.com.br\/index.php\/wp-json\/wp\/v2\/users\/2"}],"replies":[{"embeddable":true,"href":"https:\/\/aconteceemmacaeeregiao.com.br\/index.php\/wp-json\/wp\/v2\/comments?post=6876"}],"version-history":[{"count":0,"href":"https:\/\/aconteceemmacaeeregiao.com.br\/index.php\/wp-json\/wp\/v2\/posts\/6876\/revisions"}],"wp:featuredmedia":[{"embeddable":true,"href":"https:\/\/aconteceemmacaeeregiao.com.br\/index.php\/wp-json\/wp\/v2\/media\/6877"}],"wp:attachment":[{"href":"https:\/\/aconteceemmacaeeregiao.com.br\/index.php\/wp-json\/wp\/v2\/media?parent=6876"}],"wp:term":[{"taxonomy":"category","embeddable":true,"href":"https:\/\/aconteceemmacaeeregiao.com.br\/index.php\/wp-json\/wp\/v2\/categories?post=6876"},{"taxonomy":"post_tag","embeddable":true,"href":"https:\/\/aconteceemmacaeeregiao.com.br\/index.php\/wp-json\/wp\/v2\/tags?post=6876"}],"curies":[{"name":"wp","href":"https:\/\/api.w.org\/{rel}","templated":true}]}}