{"id":6895,"date":"2023-01-21T23:04:36","date_gmt":"2023-01-22T02:04:36","guid":{"rendered":"https:\/\/aconteceemmacaeeregiao.com.br\/?p=6895"},"modified":"2023-01-23T15:43:51","modified_gmt":"2023-01-23T18:43:51","slug":"feira-de-adocao-animal-adiada-para-o-proximo-sabado","status":"publish","type":"post","link":"https:\/\/aconteceemmacaeeregiao.com.br\/index.php\/2023\/01\/21\/feira-de-adocao-animal-adiada-para-o-proximo-sabado\/","title":{"rendered":"Feira de Ado\u00e7\u00e3o Animal adiada para o pr\u00f3ximo s\u00e1bado"},"content":{"rendered":"\n<p>A Feira de Ado\u00e7\u00e3o de Animais que aconteceria hoje, na Associa\u00e7\u00e3o de Moradores de Nova Maca\u00e9, foi adiada para o pr\u00f3ximo s\u00e1bado (28). A a\u00e7\u00e3o ser\u00e1 realizada no mesmo local, de 10h \u00e0s 16h. Ser\u00e3o disponibilizados c\u00e3es e gatos, adultos e filhotes. A programa\u00e7\u00e3o, que promete atrair um p\u00fablico apaixonado e consciente do zelo com o animal, \u00e9 uma iniciativa da Associa\u00e7\u00e3o Protetora dos Animais ARCA, ONG cadastrada no munic\u00edpio. A feira conta com apoio da Prefeitura de Maca\u00e9, por meio da Subsecretaria Adjunta de Prote\u00e7\u00e3o Animal.<\/p>\n\n\n\n<p>A programa\u00e7\u00e3o contar\u00e1 ainda com refor\u00e7o das equipes da Coordenadoria Especial de Vigil\u00e2ncia Ambiental em Sa\u00fade (Cevas) e da Comiss\u00e3o de Educa\u00e7\u00e3o e Informa\u00e7\u00e3o em Sa\u00fade (Ceis), ligadas \u00e0 Secretaria de Sa\u00fade Municipal, que v\u00e3o levar orienta\u00e7\u00e3o a respeito de zoonoses e seus agravantes, com destaque a esporotricose e raiva.<\/p>\n\n\n\n<p>O interessado em ser tutor e adotar um animal na Feira deve seguir crit\u00e9rios. \u00c9 necess\u00e1rio preencher a ficha de ado\u00e7\u00e3o respons\u00e1vel com dados pessoais completos, como: endere\u00e7o, CPF, RG e telefone de contato, para que seja feito o atendimento posterior \u00e0 ado\u00e7\u00e3o. Tamb\u00e9m precisa ser maior de 18 anos mas, em caso de menores, os respons\u00e1veis assinam o termo. Al\u00e9m disso, \u00e9 necess\u00e1rio assinar um termo de responsabilidade ap\u00f3s o adotante preencher os requisitos atrav\u00e9s de uma entrevista. H\u00e1 um prazo de at\u00e9 45 dias de adapta\u00e7\u00e3o.<\/p>\n\n\n\n<p>Para a ado\u00e7\u00e3o, todos os cuidados s\u00e3o priorizados. Os animais disponibilizados, se adultos, por exemplo, j\u00e1 est\u00e3o castrados e vacinados. O subsecret\u00e1rio de Prote\u00e7\u00e3o Animal, Luan Campos, pontuou que a proposta da pasta \u00e9 ampliar as feiras deste tipo, bem como se colocar \u00e0 disposi\u00e7\u00e3o das demais iniciativas no munic\u00edpio.<\/p>\n\n\n\n<p><em>Por \u00a0Julie Silveira\/ Secom Pref. de Maca\u00e9<\/em><\/p>\n","protected":false},"excerpt":{"rendered":"<p>A Feira de Ado\u00e7\u00e3o de Animais que aconteceria hoje, na Associa\u00e7\u00e3o de Moradores de Nova Maca\u00e9, foi adiada para o pr\u00f3ximo s\u00e1bado (28). A a\u00e7\u00e3o ser\u00e1 realizada no mesmo local, de 10h \u00e0s 16h. Ser\u00e3o disponibilizados c\u00e3es e gatos, adultos e filhotes. A programa\u00e7\u00e3o, que promete atrair um p\u00fablico apaixonado e consciente do zelo com [&hellip;]<\/p>\n","protected":false},"author":2,"featured_media":6896,"comment_status":"open","ping_status":"open","sticky":false,"template":"","format":"standard","meta":{"postBodyCss":"","postBodyMargin":[],"postBodyPadding":[],"postBodyBackground":{"backgroundType":"classic","gradient":""},"footnotes":""},"categories":[200,42],"tags":[117,163],"class_list":["post-6895","post","type-post","status-publish","format-standard","has-post-thumbnail","hentry","category-evento","category-macae","tag-pets","tag-saude-dos-pets"],"aioseo_notices":[],"_links":{"self":[{"href":"https:\/\/aconteceemmacaeeregiao.com.br\/index.php\/wp-json\/wp\/v2\/posts\/6895","targetHints":{"allow":["GET"]}}],"collection":[{"href":"https:\/\/aconteceemmacaeeregiao.com.br\/index.php\/wp-json\/wp\/v2\/posts"}],"about":[{"href":"https:\/\/aconteceemmacaeeregiao.com.br\/index.php\/wp-json\/wp\/v2\/types\/post"}],"author":[{"embeddable":true,"href":"https:\/\/aconteceemmacaeeregiao.com.br\/index.php\/wp-json\/wp\/v2\/users\/2"}],"replies":[{"embeddable":true,"href":"https:\/\/aconteceemmacaeeregiao.com.br\/index.php\/wp-json\/wp\/v2\/comments?post=6895"}],"version-history":[{"count":0,"href":"https:\/\/aconteceemmacaeeregiao.com.br\/index.php\/wp-json\/wp\/v2\/posts\/6895\/revisions"}],"wp:featuredmedia":[{"embeddable":true,"href":"https:\/\/aconteceemmacaeeregiao.com.br\/index.php\/wp-json\/wp\/v2\/media\/6896"}],"wp:attachment":[{"href":"https:\/\/aconteceemmacaeeregiao.com.br\/index.php\/wp-json\/wp\/v2\/media?parent=6895"}],"wp:term":[{"taxonomy":"category","embeddable":true,"href":"https:\/\/aconteceemmacaeeregiao.com.br\/index.php\/wp-json\/wp\/v2\/categories?post=6895"},{"taxonomy":"post_tag","embeddable":true,"href":"https:\/\/aconteceemmacaeeregiao.com.br\/index.php\/wp-json\/wp\/v2\/tags?post=6895"}],"curies":[{"name":"wp","href":"https:\/\/api.w.org\/{rel}","templated":true}]}}