{"id":7086,"date":"2023-02-02T15:24:39","date_gmt":"2023-02-02T18:24:39","guid":{"rendered":"https:\/\/aconteceemmacaeeregiao.com.br\/?p=7086"},"modified":"2023-02-02T15:24:39","modified_gmt":"2023-02-02T18:24:39","slug":"carnaval-conheca-opcoes-de-maquiagem-com-glitter-e-cores-para-diversificar-na-folia","status":"publish","type":"post","link":"https:\/\/aconteceemmacaeeregiao.com.br\/index.php\/2023\/02\/02\/carnaval-conheca-opcoes-de-maquiagem-com-glitter-e-cores-para-diversificar-na-folia\/","title":{"rendered":"Carnaval: conhe\u00e7a op\u00e7\u00f5es de maquiagem com glitter e cores para diversificar na folia"},"content":{"rendered":"\n<p><em><strong>Glitters corporais e sombras coloridas s\u00e3o os produtos mais queridinhos para compor os looks para desfiles e blocos da temporada carnavalesca<\/strong><\/em><\/p>\n\n\n\n<p>Com a aproxima\u00e7\u00e3o do carnaval e dos bloquinhos de rua, os amantes da festa j\u00e1 come\u00e7am a procurar as fantasias e produtos para a maquiagem. A data transmite muita alegria e \u00e9 sin\u00f4nimo de muitas cores vibrantes, permitindo misturar diversos tons diferentes, e glitter. Pensando nisso, a Yes! Cosmetics, marca que atua no segmento da beleza, com itens de perfumaria, cuidados corporais e faciais, maquiagem e acess\u00f3rios, possui produtos perfeitos para criar a composi\u00e7\u00e3o inteira para a data.<\/p>\n\n\n\n<figure class=\"wp-block-table\"><table><tbody><tr><td><img decoding=\"async\" data-src=\"https:\/\/files.pressmanager.net\/clientes\/95756b94a7f7c7a22819086f1e24bf5b\/imagens\/2023\/01\/30\/e5c0bfe43a64bac96ec211220da83d31_medium.jpg\" width=\"100\" src=\"data:image\/svg+xml;base64,PHN2ZyB3aWR0aD0iMSIgaGVpZ2h0PSIxIiB4bWxucz0iaHR0cDovL3d3dy53My5vcmcvMjAwMC9zdmciPjwvc3ZnPg==\" class=\"lazyload\"><br><\/td><td>Come\u00e7ando pelo brilho, o Duo Glitter Gel Corporal \u00e9 um composto especial com dois tamanhos diferentes de part\u00edculas. A menor delas serve como base para colorir e a maior para refletir a luz em todos os \u00e2ngulos. O produto vem em formato de gel incolor, que desaparece ap\u00f3s secar, auxilia na fixa\u00e7\u00e3o do brilho e n\u00e3o necessita de cola.<\/td><\/tr><tr><td>Para real\u00e7ar ainda mais a maquiagem, a Bruma Hidratante Fixadora Yes! Glow prolonga a<em>&nbsp;make&nbsp;<\/em>por mais tempo, selando as camadas de produtos usados. A f\u00f3rmula com \u00e1cido hialur\u00f4nico promove tamb\u00e9m uma hidrata\u00e7\u00e3o profunda, revigora e ajuda a manter a barreira de prote\u00e7\u00e3o natural. Al\u00e9m disso, possui um efeito refrescante e acabamento iluminado pelas micropart\u00edculas de reflexo rose gold.<\/td><td><img decoding=\"async\" data-src=\"https:\/\/files.pressmanager.net\/clientes\/95756b94a7f7c7a22819086f1e24bf5b\/imagens\/2023\/01\/30\/f5928acd89a9b4ea93681882e00a3d20_medium.jpg\" width=\"100\" src=\"data:image\/svg+xml;base64,PHN2ZyB3aWR0aD0iMSIgaGVpZ2h0PSIxIiB4bWxucz0iaHR0cDovL3d3dy53My5vcmcvMjAwMC9zdmciPjwvc3ZnPg==\" class=\"lazyload\"><br><\/td><\/tr><tr><td><img decoding=\"async\" data-src=\"https:\/\/files.pressmanager.net\/clientes\/95756b94a7f7c7a22819086f1e24bf5b\/imagens\/2023\/01\/30\/cdfe37c144210187f3fcd0f7e4947e19_medium.jpg\" width=\"300\" src=\"data:image\/svg+xml;base64,PHN2ZyB3aWR0aD0iMSIgaGVpZ2h0PSIxIiB4bWxucz0iaHR0cDovL3d3dy53My5vcmcvMjAwMC9zdmciPjwvc3ZnPg==\" class=\"lazyload\"><\/td><td>Com cores vibrantes, a f\u00f3rmula dos compactos de sombra da Match! Yes! Make.Up possui tecnologia de disfarce \u00f3ptico de poros e linhas finas, al\u00e9m de contar com pigmentos micronizados para uma alta performance de ader\u00eancia \u00e0 pele. As sugest\u00f5es para a folia s\u00e3o as cores: Solar, Celeste, Chiclete, Coral e Violeta.<\/td><\/tr><\/tbody><\/table><\/figure>\n\n\n\n<p>Os produtos podem ser adquiridos pelo e-commerce ou em uma das unidades da Yes! Cosmetics pelo Brasil. O Duo Glitter Gel Corporal (10ml) custa R$15,90 cada e a Bruma Hidratante Fixadora Yes! Glow (90ml) est\u00e1 R$34,90. J\u00e1 o Refil Sombra Compacta Yes! Make.Up (1g) est\u00e1 R$19,90 e o estojo Estojo Match Yes! Make.Up para as 5 cores sugeridas custa R$15,90.<\/p>\n\n\n\n<figure class=\"wp-block-table\"><table><tbody><tr><td><em>Pre\u00e7os referentes a janeiro e fevereiro\/2023. Ap\u00f3s essa data, favor consultar a Markable Comunica\u00e7\u00e3o.<\/em><\/td><\/tr><\/tbody><\/table><\/figure>\n\n\n\n<p><strong>&nbsp;<\/strong><strong>Sobre a Yes! Cosmetics<\/strong><\/p>\n\n\n\n<p>Desde 2000, a Yes! Cosmetics atua no segmento da beleza, com itens de perfumaria, cuidados corporais e faciais, maquiagem e acess\u00f3rios, al\u00e9m da linha assinada por Sabrina Sato. Investindo em alta qualidade e pre\u00e7os acess\u00edveis, a marca acompanha as principais tend\u00eancias mundiais. Em 2016, a Yes! Cosmetics entrou no franchising e j\u00e1 tem mais de 100 unidades franqueadas em todo o Brasil.<a href=\"http:\/\/yescosmetics.com.br\/\" target=\"_blank\" rel=\"noreferrer noopener\">\u00a0Yes! Cosmetics<\/a>\u00a0@yescosmetics<\/p>\n\n\n\n<p><em>Por Markable Agencia<\/em><\/p>\n","protected":false},"excerpt":{"rendered":"<p>Carnaval com muito brilho!<\/p>\n","protected":false},"author":2,"featured_media":7087,"comment_status":"closed","ping_status":"closed","sticky":false,"template":"","format":"standard","meta":{"postBodyCss":"","postBodyMargin":[],"postBodyPadding":[],"postBodyBackground":{"backgroundType":"classic","gradient":""},"footnotes":""},"categories":[200,2],"tags":[245,148],"class_list":["post-7086","post","type-post","status-publish","format-standard","has-post-thumbnail","hentry","category-evento","category-fashion","tag-beleza","tag-carnaval"],"aioseo_notices":[],"_links":{"self":[{"href":"https:\/\/aconteceemmacaeeregiao.com.br\/index.php\/wp-json\/wp\/v2\/posts\/7086","targetHints":{"allow":["GET"]}}],"collection":[{"href":"https:\/\/aconteceemmacaeeregiao.com.br\/index.php\/wp-json\/wp\/v2\/posts"}],"about":[{"href":"https:\/\/aconteceemmacaeeregiao.com.br\/index.php\/wp-json\/wp\/v2\/types\/post"}],"author":[{"embeddable":true,"href":"https:\/\/aconteceemmacaeeregiao.com.br\/index.php\/wp-json\/wp\/v2\/users\/2"}],"replies":[{"embeddable":true,"href":"https:\/\/aconteceemmacaeeregiao.com.br\/index.php\/wp-json\/wp\/v2\/comments?post=7086"}],"version-history":[{"count":0,"href":"https:\/\/aconteceemmacaeeregiao.com.br\/index.php\/wp-json\/wp\/v2\/posts\/7086\/revisions"}],"wp:featuredmedia":[{"embeddable":true,"href":"https:\/\/aconteceemmacaeeregiao.com.br\/index.php\/wp-json\/wp\/v2\/media\/7087"}],"wp:attachment":[{"href":"https:\/\/aconteceemmacaeeregiao.com.br\/index.php\/wp-json\/wp\/v2\/media?parent=7086"}],"wp:term":[{"taxonomy":"category","embeddable":true,"href":"https:\/\/aconteceemmacaeeregiao.com.br\/index.php\/wp-json\/wp\/v2\/categories?post=7086"},{"taxonomy":"post_tag","embeddable":true,"href":"https:\/\/aconteceemmacaeeregiao.com.br\/index.php\/wp-json\/wp\/v2\/tags?post=7086"}],"curies":[{"name":"wp","href":"https:\/\/api.w.org\/{rel}","templated":true}]}}