{"id":7148,"date":"2023-02-03T17:10:44","date_gmt":"2023-02-03T20:10:44","guid":{"rendered":"https:\/\/aconteceemmacaeeregiao.com.br\/?p=7148"},"modified":"2023-02-03T17:10:44","modified_gmt":"2023-02-03T20:10:44","slug":"procon-macae-fiscaliza-reducao-do-preco-do-gnv-em-postos-de-combustiveis","status":"publish","type":"post","link":"https:\/\/aconteceemmacaeeregiao.com.br\/index.php\/2023\/02\/03\/procon-macae-fiscaliza-reducao-do-preco-do-gnv-em-postos-de-combustiveis\/","title":{"rendered":"Procon Maca\u00e9 fiscaliza redu\u00e7\u00e3o do pre\u00e7o do GNV em postos de combust\u00edveis"},"content":{"rendered":"\n<p>O Procon Maca\u00e9 (a Secretaria Adjunta de Prote\u00e7\u00e3o e Defesa do Consumidor) iniciou, nesta quinta-feira (2), visita\u00e7\u00e3o nos postos revendedores de G\u00e1s Natural Veicular (GNV) para verificar a redu\u00e7\u00e3o do pre\u00e7o nas bombas. A finalidade \u00e9 vistoriar o repasse das redu\u00e7\u00f5es do pre\u00e7o do GNV que &#8211; para o interior do estado do Rio de Janeiro &#8211; baixou em 9,26% e notificar os estabelecimentos da necessidade de adequar os pre\u00e7os conforme divulgado pela Petrobras em 10 de janeiro. O munic\u00edpio conta com, aproximadamente, nove postos de GNV e todos tiveram que reduzir os pre\u00e7os desde 1\u00b0 de fevereiro.<\/p>\n\n\n\n<p><\/p>\n\n\n\n<p>Nesta quinta-feira (2), a fiscaliza\u00e7\u00e3o foi iniciada pelos postos que funcionam na Aroeira e no Centro. Eles receberam orienta\u00e7\u00e3o da equipe do Procon. Foi verificado que um posto da \u00e1rea central n\u00e3o atendeu \u00e0 redu\u00e7\u00e3o e, sendo assim, foi advertido da import\u00e2ncia da baixa do pre\u00e7o e notificado a se explicar pela n\u00e3o redu\u00e7\u00e3o. A previs\u00e3o \u00e9 que, ap\u00f3s analisar a explica\u00e7\u00e3o do posto, se a mesma n\u00e3o for adequada, a equipe deve retornar para uma visita, e caso seja constatado que n\u00e3o houve baixa haver\u00e1 aplica\u00e7\u00e3o de multa. J\u00e1 na Aroeira, foi verificado que houve redu\u00e7\u00e3o na data determinada (01\/02), confirmado pelos consumidores habituais do posto.<br><br>Segundo o Secret\u00e1rio Adjunto do Procon-Maca\u00e9, Gilcimar Prata, o objetivo da fiscaliza\u00e7\u00e3o \u00e9 verificar se est\u00e1 sendo repassada a redu\u00e7\u00e3o de 9,26% na tarifa do GNV para os postos revendedores de combust\u00edveis, e tamb\u00e9m, que a empresa notificada esclare\u00e7a como ocorre a venda do g\u00e1s.<br><br>Na regi\u00e3o Metropolitana do Rio, \u00e1rea de concess\u00e3o da antiga CEG, a redu\u00e7\u00e3o m\u00e9dia da Naturgy ser\u00e1 de 3,26% para o segmento residencial (7m\u00b3\/m\u00eas), 3,38% para o comercial (400 m\u00b3\/m\u00eas), 8,61% para postos de GNV e de 8,38% para as ind\u00fastrias (3 mil m\u00b3\/m\u00eas).Para o interior do estado, \u00e1rea da CEG-Rio, a redu\u00e7\u00e3o ser\u00e1 de 4,53% para resid\u00eancias (7m\u00b3\/m\u00eas), 5,24% para o com\u00e9rcio (400 m\u00b3\/m\u00eas), 9,26% para postos de GNV e 9,04% para ind\u00fastrias (3 mil m\u00b3\/m\u00eas).<br><br>Vale lembrar, que o Procon atende por meio do telefone (22) 2759-0801, email:\u00a0<a href=\"mailto:atendimento.procon@macae.rj.gov.br\">atendimento.procon@macae.rj.gov.br<\/a>\u00a0ou presencialmente, das 9h \u00e0s 16h, na sede do \u00f3rg\u00e3o, que fica localizada no Centro Administrativo Luiz Os\u00f3rio (Cealo).<\/p>\n\n\n\n<p><em>Por Jornalista Joice Trindade\/ Secom Pref. de Maca\u00e9<\/em><\/p>\n","protected":false},"excerpt":{"rendered":"<p>O Procon Maca\u00e9 (a Secretaria Adjunta de Prote\u00e7\u00e3o e Defesa do Consumidor) iniciou, nesta quinta-feira (2), visita\u00e7\u00e3o nos postos revendedores de G\u00e1s Natural Veicular (GNV) para verificar a redu\u00e7\u00e3o do pre\u00e7o nas bombas. A finalidade \u00e9 vistoriar o repasse das redu\u00e7\u00f5es do pre\u00e7o do GNV que &#8211; para o interior do estado do Rio de [&hellip;]<\/p>\n","protected":false},"author":2,"featured_media":7149,"comment_status":"closed","ping_status":"closed","sticky":false,"template":"","format":"standard","meta":{"postBodyCss":"","postBodyMargin":[],"postBodyPadding":[],"postBodyBackground":{"backgroundType":"classic","gradient":""},"footnotes":""},"categories":[42,47],"tags":[258,257,256],"class_list":["post-7148","post","type-post","status-publish","format-standard","has-post-thumbnail","hentry","category-macae","category-ocorrencias","tag-combustiveis","tag-gnv","tag-procon"],"aioseo_notices":[],"_links":{"self":[{"href":"https:\/\/aconteceemmacaeeregiao.com.br\/index.php\/wp-json\/wp\/v2\/posts\/7148","targetHints":{"allow":["GET"]}}],"collection":[{"href":"https:\/\/aconteceemmacaeeregiao.com.br\/index.php\/wp-json\/wp\/v2\/posts"}],"about":[{"href":"https:\/\/aconteceemmacaeeregiao.com.br\/index.php\/wp-json\/wp\/v2\/types\/post"}],"author":[{"embeddable":true,"href":"https:\/\/aconteceemmacaeeregiao.com.br\/index.php\/wp-json\/wp\/v2\/users\/2"}],"replies":[{"embeddable":true,"href":"https:\/\/aconteceemmacaeeregiao.com.br\/index.php\/wp-json\/wp\/v2\/comments?post=7148"}],"version-history":[{"count":0,"href":"https:\/\/aconteceemmacaeeregiao.com.br\/index.php\/wp-json\/wp\/v2\/posts\/7148\/revisions"}],"wp:featuredmedia":[{"embeddable":true,"href":"https:\/\/aconteceemmacaeeregiao.com.br\/index.php\/wp-json\/wp\/v2\/media\/7149"}],"wp:attachment":[{"href":"https:\/\/aconteceemmacaeeregiao.com.br\/index.php\/wp-json\/wp\/v2\/media?parent=7148"}],"wp:term":[{"taxonomy":"category","embeddable":true,"href":"https:\/\/aconteceemmacaeeregiao.com.br\/index.php\/wp-json\/wp\/v2\/categories?post=7148"},{"taxonomy":"post_tag","embeddable":true,"href":"https:\/\/aconteceemmacaeeregiao.com.br\/index.php\/wp-json\/wp\/v2\/tags?post=7148"}],"curies":[{"name":"wp","href":"https:\/\/api.w.org\/{rel}","templated":true}]}}