{"id":7151,"date":"2023-02-03T17:16:23","date_gmt":"2023-02-03T20:16:23","guid":{"rendered":"https:\/\/aconteceemmacaeeregiao.com.br\/?p=7151"},"modified":"2023-02-03T17:16:24","modified_gmt":"2023-02-03T20:16:24","slug":"sesc-verao-continua-com-show-de-biquini-e-programacao-cultural","status":"publish","type":"post","link":"https:\/\/aconteceemmacaeeregiao.com.br\/index.php\/2023\/02\/03\/sesc-verao-continua-com-show-de-biquini-e-programacao-cultural\/","title":{"rendered":"Sesc Ver\u00e3o continua com show de Biquini e programa\u00e7\u00e3o cultural"},"content":{"rendered":"\n<p>Esporte, cultura, arte e muita divers\u00e3o marcam o Sesc Ver\u00e3o 2023 neste final de semana. A programa\u00e7\u00e3o \u00e9 realizada pelo Sesc Rio com o apoio da Prefeitura de Maca\u00e9 na Arena Sesc Ver\u00e3o, na Praia Campista.<\/p>\n\n\n\n<p><\/p>\n\n\n\n<p>No s\u00e1bado (4), de 8 \u00e0s 17 horas, ser\u00e3o promovidas Exposi\u00e7\u00e3o Paredes Cegas, Exposi\u00e7\u00e3o na Onda Contra o Pl\u00e1stico e Torneio de Beach Soccer Feminino. Das 8 \u00e0s 15 horas, torneio de v\u00f4lei de praia.<br><br>\u00c0s 9 horas, come\u00e7a o Projeto Mistura do Bem, \u00e0s 10 horas haver\u00e1 dan\u00e7a das redes e das 10h \u00e0s 12h e das 14h \u00e0s 16h, jogos intergeracionais. J\u00e1 das 10h \u00e0s 12h e das 14 \u00e0s 17h, muitas brincadeiras din\u00e2micas em Entenda a F\u00edsica Brincando.<br><br>O Torneio de Frescobol ser\u00e1 promovido \u00e0s 9h, a Cl\u00ednica Diogo Silva \u00e0s 10h, Imperadores da Dan\u00e7a \u00e0s 11h, Mergulho na Prote\u00e7\u00e3o \u00e0s 14 horas e Onda liter\u00e1ria: interven\u00e7\u00e3o po\u00e9tica \u00e0s 14h. Show de Percuss\u00e3o ser\u00e1 realizado \u00e0s 14h, em seguida, \u00e0s 15h, Cl\u00ednica de v\u00f4lei de praia e tamb\u00e9m cortejo brincante e \u00e0s 16 horas, Aula de Ritmos.<br><br>A banda Biquini sobe ao Palco Principal \u00e0s 21 horas. Biquini, anteriormente conhecida como Biquini Cavad\u00e3o, \u00e9 uma banda de rock, formada em 1985 no Rio de Janeiro, por Bruno Gouveia (vocal), Miguel Flores (teclados), \u00c1lvaro Birita (bateria) e Carlos Coelho (guitarra), tendo atualmente, como m\u00fasicos convidados Marcelo Magal (baixo) e Walmer Carvalho (saxofone).<br><br>A banda promete anima\u00e7\u00e3o e presen\u00e7a de palco em uma estrutura montada com ilumina\u00e7\u00e3o e outros elementos visuais para os principais sucessos como Vento Ventania, T\u00e9dio e Chove Chuva.<br><br>Domingo ter\u00e1 show com Samba da Madeira e Jogo das Estrelas<br><br>No domingo (5), a programa\u00e7\u00e3o do Sesc Ver\u00e3o ser\u00e1 encerrada com show de Samba da Madeira no palco principal \u00e0s 18 horas. Das 8 \u00e0s 17 horas haver\u00e1 Exposi\u00e7\u00e3o Paredes Cegas e Exposi\u00e7\u00e3o na Onda Contra o Pl\u00e1stico. J\u00e1 das 8h \u00e0s 15h, haver\u00e1 Torneio de V\u00f4lei de praia e \u00e0s 14h, torneio de Beach Soccer Feminino.<br><br>A programa\u00e7\u00e3o das 9h \u00e9 de Torneio de Frescobol e de Aula de Ritmos. \u00c0s 10 horas, Dan\u00e7a das redes; das 10h \u00e0s 12h e das 14 \u00e0s 17h, a din\u00e2mica Entenda a F\u00edsica Brincando; das 10h \u00e0s 12h e das 14h \u00e0s 16h, Jogos Intergeracionais. \u00c0s 10 horas ser\u00e1 promovido o Jogo das Estrelas com os craques Carlos Germano, T\u00falio, Odvan, Valber, Beto, Ibson, Iranildo, Leandro \u00c1vila, Sorato, Aloisio Chulapa.<br><br>\u00c0s 10h30, Imperadores da Dan\u00e7a, Mergulho na prote\u00e7\u00e3o \u00e0s 14 horas; al\u00e9m de Onda liter\u00e1ria: interven\u00e7\u00e3o po\u00e9tica \u00e0s 14 horas e Trupe Fam\u00edlia Clou \u00e0s 15 horas e Aula de Ritmos para colocar o p\u00fablico para fazer exerc\u00edcios f\u00edsicos \u00e0s 16h.<\/p>\n\n\n\n<p><em>Por Jornalista Janira Braga\/ Secom pref. de Maca\u00e9<\/em><\/p>\n","protected":false},"excerpt":{"rendered":"<p>Esporte, cultura, arte e muita divers\u00e3o marcam o Sesc Ver\u00e3o 2023 neste final de semana. A programa\u00e7\u00e3o \u00e9 realizada pelo Sesc Rio com o apoio da Prefeitura de Maca\u00e9 na Arena Sesc Ver\u00e3o, na Praia Campista. No s\u00e1bado (4), de 8 \u00e0s 17 horas, ser\u00e3o promovidas Exposi\u00e7\u00e3o Paredes Cegas, Exposi\u00e7\u00e3o na Onda Contra o Pl\u00e1stico [&hellip;]<\/p>\n","protected":false},"author":2,"featured_media":7152,"comment_status":"closed","ping_status":"closed","sticky":false,"template":"","format":"standard","meta":{"postBodyCss":"","postBodyMargin":[],"postBodyPadding":[],"postBodyBackground":{"backgroundType":"classic","gradient":""},"footnotes":""},"categories":[200,42],"tags":[106,248,242,156,90,125],"class_list":["post-7151","post","type-post","status-publish","format-standard","has-post-thumbnail","hentry","category-evento","category-macae","tag-cultural","tag-esporte","tag-lazer","tag-sesc","tag-shows","tag-verao"],"aioseo_notices":[],"_links":{"self":[{"href":"https:\/\/aconteceemmacaeeregiao.com.br\/index.php\/wp-json\/wp\/v2\/posts\/7151","targetHints":{"allow":["GET"]}}],"collection":[{"href":"https:\/\/aconteceemmacaeeregiao.com.br\/index.php\/wp-json\/wp\/v2\/posts"}],"about":[{"href":"https:\/\/aconteceemmacaeeregiao.com.br\/index.php\/wp-json\/wp\/v2\/types\/post"}],"author":[{"embeddable":true,"href":"https:\/\/aconteceemmacaeeregiao.com.br\/index.php\/wp-json\/wp\/v2\/users\/2"}],"replies":[{"embeddable":true,"href":"https:\/\/aconteceemmacaeeregiao.com.br\/index.php\/wp-json\/wp\/v2\/comments?post=7151"}],"version-history":[{"count":0,"href":"https:\/\/aconteceemmacaeeregiao.com.br\/index.php\/wp-json\/wp\/v2\/posts\/7151\/revisions"}],"wp:featuredmedia":[{"embeddable":true,"href":"https:\/\/aconteceemmacaeeregiao.com.br\/index.php\/wp-json\/wp\/v2\/media\/7152"}],"wp:attachment":[{"href":"https:\/\/aconteceemmacaeeregiao.com.br\/index.php\/wp-json\/wp\/v2\/media?parent=7151"}],"wp:term":[{"taxonomy":"category","embeddable":true,"href":"https:\/\/aconteceemmacaeeregiao.com.br\/index.php\/wp-json\/wp\/v2\/categories?post=7151"},{"taxonomy":"post_tag","embeddable":true,"href":"https:\/\/aconteceemmacaeeregiao.com.br\/index.php\/wp-json\/wp\/v2\/tags?post=7151"}],"curies":[{"name":"wp","href":"https:\/\/api.w.org\/{rel}","templated":true}]}}