{"id":7154,"date":"2023-02-06T17:27:25","date_gmt":"2023-02-06T20:27:25","guid":{"rendered":"https:\/\/aconteceemmacaeeregiao.com.br\/?p=7154"},"modified":"2023-02-06T17:27:25","modified_gmt":"2023-02-06T20:27:25","slug":"enel-rio-beneficiara-75-familias-de-carapebus-com-geladeiras-nesta-semana","status":"publish","type":"post","link":"https:\/\/aconteceemmacaeeregiao.com.br\/index.php\/2023\/02\/06\/enel-rio-beneficiara-75-familias-de-carapebus-com-geladeiras-nesta-semana\/","title":{"rendered":"Enel Rio beneficiar\u00e1 75 fam\u00edlias de Carapebus com geladeiras nesta semana"},"content":{"rendered":"\n<p><em><strong>Iniciativa\u00a0\u00e9 voltada para moradores atingidos por fortes chuvas de dezembro de 2022\u00a0<\/strong>\u00a0<\/em><\/p>\n\n\n\n<p>A Enel Distribui\u00e7\u00e3o Rio realiza, entre 6 e 10 de fevereiro, uma a\u00e7\u00e3o de entrega de geladeiras em benef\u00edcio a 75 fam\u00edlias afetadas pelas fortes chuvas que assolaram o Norte Fluminense em dezembro de 2022. A iniciativa integra o Enel Compartilha Efici\u00eancia, projeto que promove troca de refrigeradores para clientes da distribuidora de diferentes munic\u00edpios. O cadastro para sorteio e a entrega dos aparelhos acontecem no Centro de Refer\u00eancia de Assist\u00eancia Social (CRAS) Ub\u00e1s, nos dias 6 e 7 de fevereiro, e no CRAS Centro, nos dias 8 e 9 de fevereiro.\u00a0\u00a0<\/p>\n\n\n\n<p>Para se inscrever no sorteio, o cliente deve ser morador de Carapebus, titular da conta de energia e possuir uma geladeira antiga para troca. Durante o cadastro, o cliente tamb\u00e9m poder\u00e1 trocar at\u00e9 duas l\u00e2mpadas incandescentes ou fluorescentes, que t\u00eam alto consumo de energia, por modelos de LED, \u2013 at\u00e9 80% mais econ\u00f4micas e 10 vezes mais dur\u00e1veis. O an\u00fancio dos contemplados pela a\u00e7\u00e3o ser\u00e1 no dia 10 de fevereiro, \u00e0s 11h30, no CRAS Centro.&nbsp;&nbsp;&nbsp;<\/p>\n\n\n\n<p>As geladeiras doadas t\u00eam selo Procel de economia de energia e podem consumir at\u00e9 70% menos energia do que modelos antigos. Em watts, esse valor representa, para um aparelho antigo, o consumo m\u00e9dio de 90kWh\/ m\u00eas, enquanto um novo consome somente cerca de 24kWh\/hora\/ m\u00eas.&nbsp;&nbsp;<\/p>\n\n\n\n<p>\u201cLevamos o projeto para a Regi\u00e3o Norte Fluminense para beneficiar clientes afetados pelas chuvas que atingiram a localidade. Acreditamos que os equipamentos novos contribuir\u00e3o com a melhoria das condi\u00e7\u00f5es de vida e or\u00e7amento familiar dessas pessoas&#8221;, explica Leonardo Soares, respons\u00e1vel por Sustentabilidade na Enel Distribui\u00e7\u00e3o Rio.&nbsp;&nbsp;&nbsp;&nbsp;<\/p>\n\n\n\n<p><strong><u>Servi\u00e7o<\/u><\/strong>&nbsp;&nbsp;<\/p>\n\n\n\n<p><strong>Cadastro&nbsp;para troca de geladeiras<\/strong>&nbsp;&nbsp;<\/p>\n\n\n\n<p><strong>Dia 6 de fevereiro&nbsp;<\/strong>| 10h \u00e0s 17h&nbsp;&nbsp;<\/p>\n\n\n\n<p><strong>Dia 7 de fevereiro&nbsp;<\/strong>| 8h \u00e0s 17h&nbsp;&nbsp;<\/p>\n\n\n\n<p>Local: CRAS Ub\u00e1s&nbsp;&nbsp;<\/p>\n\n\n\n<p>Endere\u00e7o: Rua Jo\u00e3o Aur\u00e9lio Ortiz, N\u00ba 207 \u2013 Ub\u00e1s &#8211; Carapebus&nbsp;&nbsp;<\/p>\n\n\n\n<p><strong>Dias 8&nbsp;e 9&nbsp;de fevereiro&nbsp;<\/strong>| 8h \u00e0s 17h&nbsp;&nbsp;<\/p>\n\n\n\n<p>Local: CRAS Centro&nbsp;&nbsp;<\/p>\n\n\n\n<p>Endere\u00e7o: Manfriny de Oliveira Coutinho, N\u00ba 42, Pra\u00e7a Cordeiro \u2013 Carapebus&nbsp;&nbsp;<\/p>\n\n\n\n<p><strong>Evento de an\u00fancio dos clientes contemplados pela a\u00e7\u00e3o<\/strong>&nbsp;&nbsp;<\/p>\n\n\n\n<p><strong>Dia 10 de fevereiro&nbsp;<\/strong>| 11h30&nbsp;&nbsp;<\/p>\n\n\n\n<p>Local: CRAS Centro&nbsp;&nbsp;<\/p>\n\n\n\n<p>Endere\u00e7o: Manfriny de Oliveira Coutinho, N\u00ba 42, Pra\u00e7a Cordeiro \u2013 Carapebus&nbsp;<\/p>\n\n\n\n<p><strong>Sobre a Enel Distribui\u00e7\u00e3o Rio<\/strong>&nbsp;<\/p>\n\n\n\n<p>A Enel Distribui\u00e7\u00e3o Rio, subsidi\u00e1ria da multinacional italiana Enel, atende 66 munic\u00edpios do estado do Rio de Janeiro, abrangendo 73% do territ\u00f3rio estadual, com cobertura de uma \u00e1rea de 32.188 km\u00b2. A Regi\u00e3o Metropolitana de Niter\u00f3i e S\u00e3o Gon\u00e7alo e os munic\u00edpios de Itabora\u00ed e Mag\u00e9 representam a maior concentra\u00e7\u00e3o do total de 3 milh\u00f5es de clientes atendidos pela companhia. A estrat\u00e9gia de atua\u00e7\u00e3o da Enel \u00e9 baseada no seu Plano de Sustentabilidade e nos compromissos assumidos com os Objetivos de Desenvolvimento Sustent\u00e1vel da Agenda 2030 da ONU.\u00a0<\/p>\n\n\n\n<p><em>Por Ascom Enel<\/em><\/p>\n","protected":false},"excerpt":{"rendered":"<p>Iniciativa\u00a0\u00e9 voltada para moradores atingidos por fortes chuvas de dezembro de 2022\u00a0\u00a0 A Enel Distribui\u00e7\u00e3o Rio realiza, entre 6 e 10 de fevereiro, uma a\u00e7\u00e3o de entrega de geladeiras em benef\u00edcio a 75 fam\u00edlias afetadas pelas fortes chuvas que assolaram o Norte Fluminense em dezembro de 2022. A iniciativa integra o Enel Compartilha Efici\u00eancia, projeto [&hellip;]<\/p>\n","protected":false},"author":2,"featured_media":7155,"comment_status":"closed","ping_status":"closed","sticky":false,"template":"","format":"standard","meta":{"postBodyCss":"","postBodyMargin":[],"postBodyPadding":[],"postBodyBackground":{"backgroundType":"classic","gradient":""},"footnotes":""},"categories":[43],"tags":[150,118],"class_list":["post-7154","post","type-post","status-publish","format-standard","has-post-thumbnail","hentry","category-regiao","tag-enel","tag-social"],"aioseo_notices":[],"_links":{"self":[{"href":"https:\/\/aconteceemmacaeeregiao.com.br\/index.php\/wp-json\/wp\/v2\/posts\/7154","targetHints":{"allow":["GET"]}}],"collection":[{"href":"https:\/\/aconteceemmacaeeregiao.com.br\/index.php\/wp-json\/wp\/v2\/posts"}],"about":[{"href":"https:\/\/aconteceemmacaeeregiao.com.br\/index.php\/wp-json\/wp\/v2\/types\/post"}],"author":[{"embeddable":true,"href":"https:\/\/aconteceemmacaeeregiao.com.br\/index.php\/wp-json\/wp\/v2\/users\/2"}],"replies":[{"embeddable":true,"href":"https:\/\/aconteceemmacaeeregiao.com.br\/index.php\/wp-json\/wp\/v2\/comments?post=7154"}],"version-history":[{"count":0,"href":"https:\/\/aconteceemmacaeeregiao.com.br\/index.php\/wp-json\/wp\/v2\/posts\/7154\/revisions"}],"wp:featuredmedia":[{"embeddable":true,"href":"https:\/\/aconteceemmacaeeregiao.com.br\/index.php\/wp-json\/wp\/v2\/media\/7155"}],"wp:attachment":[{"href":"https:\/\/aconteceemmacaeeregiao.com.br\/index.php\/wp-json\/wp\/v2\/media?parent=7154"}],"wp:term":[{"taxonomy":"category","embeddable":true,"href":"https:\/\/aconteceemmacaeeregiao.com.br\/index.php\/wp-json\/wp\/v2\/categories?post=7154"},{"taxonomy":"post_tag","embeddable":true,"href":"https:\/\/aconteceemmacaeeregiao.com.br\/index.php\/wp-json\/wp\/v2\/tags?post=7154"}],"curies":[{"name":"wp","href":"https:\/\/api.w.org\/{rel}","templated":true}]}}