{"id":7160,"date":"2023-02-06T18:19:27","date_gmt":"2023-02-06T21:19:27","guid":{"rendered":"https:\/\/aconteceemmacaeeregiao.com.br\/?p=7160"},"modified":"2023-02-06T18:19:46","modified_gmt":"2023-02-06T21:19:46","slug":"tivit-anuncia-curso-gratuito-de-ti-com-foco-em-cloud-para-jovens-de-15-a-24-anos","status":"publish","type":"post","link":"https:\/\/aconteceemmacaeeregiao.com.br\/index.php\/2023\/02\/06\/tivit-anuncia-curso-gratuito-de-ti-com-foco-em-cloud-para-jovens-de-15-a-24-anos\/","title":{"rendered":"TIVIT anuncia curso gratuito de TI, com foco em cloud, para jovens de 15 a 24 anos"},"content":{"rendered":"\n<p><em>Programa \u00e9 voltado a quem deseja aprender fundamentos de rede e plataforma de nuvem AWS para iniciar carreira na \u00e1rea de tecnologia<\/em><\/p>\n\n\n\n<p>A\u00a0<a href=\"https:\/\/nam02.safelinks.protection.outlook.com\/?url=https%3A%2F%2Ftivit.com%2F&amp;data=05%7C01%7C%7Ca6714ef3c1fe42beb77908db038b611c%7C68f064013da9497296e1bd5e2bf1d646%7C0%7C0%7C638107669377782446%7CUnknown%7CTWFpbGZsb3d8eyJWIjoiMC4wLjAwMDAiLCJQIjoiV2luMzIiLCJBTiI6Ik1haWwiLCJXVCI6Mn0%3D%7C3000%7C%7C%7C&amp;sdata=mH0ovYXvKHtIi1P%2FYmiPCqJvpViGeADgwjMt0ny5QnE%3D&amp;reserved=0\" target=\"_blank\" rel=\"noreferrer noopener\">TIVIT<\/a>, multinacional brasileira e\u00a0<em>one stop shop<\/em>\u00a0de tecnologia, abre inscri\u00e7\u00f5es para o programa Acelera Cloud, voltado para jovens entre 15 e 24 anos que desejam iniciar a carreira em TI. O programa re\u00fane conhecimentos de computa\u00e7\u00e3o na nuvem, com \u00eanfase na plataforma AWS. O conte\u00fado \u00e9 distribu\u00eddo em 24 aulas online, que totalizam mais de 70 horas. As\u00a0<a href=\"https:\/\/nam02.safelinks.protection.outlook.com\/?url=https%3A%2F%2Fforms.office.com%2Fpages%2Fresponsepage.aspx%3Fid%3D23XzFbfcpEG9w35on_GqgpW-_0HlhP9IjkQPIo-oz8NURE41WUVTWDAxREE0TlgxRjRSNzhOV1c3QyQlQCN0PWcu&amp;data=05%7C01%7C%7Ca6714ef3c1fe42beb77908db038b611c%7C68f064013da9497296e1bd5e2bf1d646%7C0%7C0%7C638107669377938665%7CUnknown%7CTWFpbGZsb3d8eyJWIjoiMC4wLjAwMDAiLCJQIjoiV2luMzIiLCJBTiI6Ik1haWwiLCJXVCI6Mn0%3D%7C3000%7C%7C%7C&amp;sdata=PZhEc1KKt6Nn35KiPLdzGTLyVWsx2kMn48zfMsaYf6s%3D&amp;reserved=0\" target=\"_blank\" rel=\"noreferrer noopener\">inscri\u00e7\u00f5es<\/a>\u00a0come\u00e7am em fevereiro, o processo seletivo ser\u00e1 em mar\u00e7o e as aulas ser\u00e3o dadas entre abril e julho, conforme link abaixo.<\/p>\n\n\n\n<p>Os candidatos aprovados ter\u00e3o acesso a uma comunidade no Discord, um aplicativo de comunica\u00e7\u00e3o com atividades extras entre as aulas, grupos de estudo, mentoria com professores para tirar d\u00favidas e um canal reservado para trocas e intera\u00e7\u00f5es diversas. Al\u00e9m disso, os estudantes poder\u00e3o ter conversas com especialistas da TIVIT.<\/p>\n\n\n\n<p>\u201cNosso objetivo, com esta primeira turma, \u00e9 formar mais de 100 pessoas, que n\u00e3o possuem qualquer conhecimento em cloud e AWS, para que elas possam dar o primeiro passo para ingressar no mercado de TI\u201d, afirma Tatiana Lorenzi, diretora de Pessoas e Cultura da TIVIT.<\/p>\n\n\n\n<p>Os participantes poder\u00e3o escolher tr\u00eas op\u00e7\u00f5es de hor\u00e1rio para as aulas: segunda-feira e quarta-feira, das 09h \u00e0s 12h; segunda-feira e quarta-feira das, 14h \u00e0s 17h; ou ter\u00e7a-feira e quinta-feira, das 17h \u00e0s 20h.<\/p>\n\n\n\n<p>O Acelera Cloud \u00e9 realizado em parceria com a Escola da Nuvem, institui\u00e7\u00e3o sem fins lucrativos, que prepara estudantes para carreiras em Cloud. Ap\u00f3s a conclus\u00e3o do curso, os jovens continuar\u00e3o participando das a\u00e7\u00f5es do instituto em 2023, como a mentoria de carreira, feita por volunt\u00e1rios da TIVIT.<\/p>\n\n\n\n<p><strong><u>SERVI\u00c7O:<\/u><\/strong><strong><u><br><\/u><\/strong>Acelera Cloud<\/p>\n\n\n\n<p>Per\u00edodo de inscri\u00e7\u00f5es: 01\/02\/2023 &#8211; 28\/02\/2023<\/p>\n\n\n\n<p>Processo seletivo: 01\/03\/2023 &#8211; 17\/03\/2023<\/p>\n\n\n\n<p>Aulas: 03\/04\/2023 &#8211; 27\/07\/2023<br>Como: Online e gratuito<\/p>\n\n\n\n<p>Inscri\u00e7\u00f5es:&nbsp;<a href=\"https:\/\/nam02.safelinks.protection.outlook.com\/?url=https%3A%2F%2Fforms.office.com%2Fpages%2Fresponsepage.aspx%3Fid%3D23XzFbfcpEG9w35on_GqgpW-_0HlhP9IjkQPIo-oz8NURE41WUVTWDAxREE0TlgxRjRSNzhOV1c3QyQlQCN0PWcu&amp;data=05%7C01%7C%7Ca6714ef3c1fe42beb77908db038b611c%7C68f064013da9497296e1bd5e2bf1d646%7C0%7C0%7C638107669377938665%7CUnknown%7CTWFpbGZsb3d8eyJWIjoiMC4wLjAwMDAiLCJQIjoiV2luMzIiLCJBTiI6Ik1haWwiLCJXVCI6Mn0%3D%7C3000%7C%7C%7C&amp;sdata=PZhEc1KKt6Nn35KiPLdzGTLyVWsx2kMn48zfMsaYf6s%3D&amp;reserved=0\" target=\"_blank\" rel=\"noreferrer noopener\">https:\/\/forms.office.com\/pages\/responsepage.aspx?id=23XzFbfcpEG9w35on_GqgpW-_0HlhP9IjkQPIo-oz8NURE41WUVTWDAxREE0TlgxRjRSNzhOV1c3QyQlQCN0PWcu<\/a><\/p>\n\n\n\n<p><strong>Sobre a TIVIT | Seu futuro, nosso desafio<\/strong><\/p>\n\n\n\n<p>A TIVIT \u00e9 uma multinacional brasileira e&nbsp;<em>one stop shop<\/em>&nbsp;de tecnologia, presente no mercado desde 1998 e com opera\u00e7\u00f5es em dez pa\u00edses da Am\u00e9rica Latina. A companhia oferece servi\u00e7os diversos como desenvolvimento de software \u00e1gil, nuvem h\u00edbrida e p\u00fablica, ciberseguran\u00e7a, opera\u00e7\u00f5es de alta complexidade, entre outros, que apoiam os clientes em sua jornada de transforma\u00e7\u00e3o digital.<\/p>\n\n\n\n<p>Por meio das unidades de neg\u00f3cios Digital Business, Cloud Solutions e Technology Platforms, a TIVIT responde aos desafios de um mundo cada vez mais complexo e din\u00e2mico. Com um ecossistema repleto de solu\u00e7\u00f5es inovadoras e parcerias tecnol\u00f3gicas que apoiam os neg\u00f3cios de 7 das 10 maiores empresas do Brasil.<\/p>\n\n\n\n<p>Nossos clientes, pessoas e parceiros podem contar tamb\u00e9m com o TIVIT Labs,&nbsp;<em>hub<\/em>&nbsp;de inova\u00e7\u00e3o, e com a TIVIT Ventures, bra\u00e7o de aquisi\u00e7\u00f5es que atualmente integra as marcas CyberSec, Stone Age, tbankS, Privally, DevApi, Lambda3 e SENSR.IT, iniciativas que refor\u00e7am a cultura empreendedora da TIVIT.<\/p>\n\n\n\n<p>Para mais informa\u00e7\u00f5es, acesse&nbsp;<a href=\"https:\/\/nam02.safelinks.protection.outlook.com\/?url=https%3A%2F%2Ftivit.com%2F&amp;data=04%7C01%7C%7C3600c76c1fe9434509ca08d9777efbbe%7C68f064013da9497296e1bd5e2bf1d646%7C0%7C0%7C637672209556807567%7CUnknown%7CTWFpbGZsb3d8eyJWIjoiMC4wLjAwMDAiLCJQIjoiV2luMzIiLCJBTiI6Ik1haWwiLCJXVCI6Mn0%3D%7C1000&amp;sdata=qf%2BrQ5DxoiG3BgVOqsvQ4t9Hw6uOOlX%2BzWmMXo14UD8%3D&amp;reserved=0\" target=\"_blank\" rel=\"noreferrer noopener\">https:\/\/tivit.com\/<\/a>&nbsp;e siga nosso&nbsp;<a href=\"https:\/\/nam02.safelinks.protection.outlook.com\/?url=https%3A%2F%2Fbr.linkedin.com%2Fcompany%2Ftivit&amp;data=04%7C01%7C%7C3600c76c1fe9434509ca08d9777efbbe%7C68f064013da9497296e1bd5e2bf1d646%7C0%7C0%7C637672209556817561%7CUnknown%7CTWFpbGZsb3d8eyJWIjoiMC4wLjAwMDAiLCJQIjoiV2luMzIiLCJBTiI6Ik1haWwiLCJXVCI6Mn0%3D%7C1000&amp;sdata=ZuZTJjqrEuRAit4hp9tK%2B67d2xJH4NcowmgAEXNMt70%3D&amp;reserved=0\" target=\"_blank\" rel=\"noreferrer noopener\">LinkedIn<\/a>&nbsp;e&nbsp;<a href=\"https:\/\/nam02.safelinks.protection.outlook.com\/?url=https%3A%2F%2Fwww.instagram.com%2Ftivit_oficial%2F&amp;data=04%7C01%7C%7C3600c76c1fe9434509ca08d9777efbbe%7C68f064013da9497296e1bd5e2bf1d646%7C0%7C0%7C637672209556827563%7CUnknown%7CTWFpbGZsb3d8eyJWIjoiMC4wLjAwMDAiLCJQIjoiV2luMzIiLCJBTiI6Ik1haWwiLCJXVCI6Mn0%3D%7C1000&amp;sdata=k5Zry3Ke3aB8qLWnnqIaeAfhZBy1i2%2BHZRWE2aRy1U8%3D&amp;reserved=0\" target=\"_blank\" rel=\"noreferrer noopener\">Instagram<\/a>.<\/p>\n","protected":false},"excerpt":{"rendered":"<p>Programa \u00e9 voltado a quem deseja aprender fundamentos de rede e plataforma de nuvem AWS para iniciar carreira na \u00e1rea de tecnologia A\u00a0TIVIT, multinacional brasileira e\u00a0one stop shop\u00a0de tecnologia, abre inscri\u00e7\u00f5es para o programa Acelera Cloud, voltado para jovens entre 15 e 24 anos que desejam iniciar a carreira em TI. O programa re\u00fane conhecimentos [&hellip;]<\/p>\n","protected":false},"author":2,"featured_media":7161,"comment_status":"closed","ping_status":"closed","sticky":false,"template":"","format":"standard","meta":{"postBodyCss":"","postBodyMargin":[],"postBodyPadding":[],"postBodyBackground":{"backgroundType":"classic","gradient":""},"footnotes":""},"categories":[73,142],"tags":[132,82,40],"class_list":["post-7160","post","type-post","status-publish","format-standard","has-post-thumbnail","hentry","category-emprego","category-tecnologia","tag-cursos-gratuitos","tag-oportunidade","tag-tech"],"aioseo_notices":[],"_links":{"self":[{"href":"https:\/\/aconteceemmacaeeregiao.com.br\/index.php\/wp-json\/wp\/v2\/posts\/7160","targetHints":{"allow":["GET"]}}],"collection":[{"href":"https:\/\/aconteceemmacaeeregiao.com.br\/index.php\/wp-json\/wp\/v2\/posts"}],"about":[{"href":"https:\/\/aconteceemmacaeeregiao.com.br\/index.php\/wp-json\/wp\/v2\/types\/post"}],"author":[{"embeddable":true,"href":"https:\/\/aconteceemmacaeeregiao.com.br\/index.php\/wp-json\/wp\/v2\/users\/2"}],"replies":[{"embeddable":true,"href":"https:\/\/aconteceemmacaeeregiao.com.br\/index.php\/wp-json\/wp\/v2\/comments?post=7160"}],"version-history":[{"count":0,"href":"https:\/\/aconteceemmacaeeregiao.com.br\/index.php\/wp-json\/wp\/v2\/posts\/7160\/revisions"}],"wp:featuredmedia":[{"embeddable":true,"href":"https:\/\/aconteceemmacaeeregiao.com.br\/index.php\/wp-json\/wp\/v2\/media\/7161"}],"wp:attachment":[{"href":"https:\/\/aconteceemmacaeeregiao.com.br\/index.php\/wp-json\/wp\/v2\/media?parent=7160"}],"wp:term":[{"taxonomy":"category","embeddable":true,"href":"https:\/\/aconteceemmacaeeregiao.com.br\/index.php\/wp-json\/wp\/v2\/categories?post=7160"},{"taxonomy":"post_tag","embeddable":true,"href":"https:\/\/aconteceemmacaeeregiao.com.br\/index.php\/wp-json\/wp\/v2\/tags?post=7160"}],"curies":[{"name":"wp","href":"https:\/\/api.w.org\/{rel}","templated":true}]}}