{"id":7234,"date":"2023-02-09T19:52:16","date_gmt":"2023-02-09T22:52:16","guid":{"rendered":"https:\/\/aconteceemmacaeeregiao.com.br\/?p=7234"},"modified":"2023-02-09T19:52:17","modified_gmt":"2023-02-09T22:52:17","slug":"procon-macae-fiscaliza-preco-do-diesel-em-postos-de-combustivel","status":"publish","type":"post","link":"https:\/\/aconteceemmacaeeregiao.com.br\/index.php\/2023\/02\/09\/procon-macae-fiscaliza-preco-do-diesel-em-postos-de-combustivel\/","title":{"rendered":"Procon Maca\u00e9 fiscaliza pre\u00e7o do diesel em postos de combust\u00edvel"},"content":{"rendered":"\n<p>O Procon Maca\u00e9 iniciou, nesta quinta-feira (9), a\u00e7\u00e3o de notifica\u00e7\u00e3o nos postos de combust\u00edveis de Maca\u00e9. Com o an\u00fancio da Petrobras da redu\u00e7\u00e3o de 8,8% do pre\u00e7o do diesel nas distribuidoras, a proposta \u00e9 garantir que o desconto seja repassado ao consumidor final. Os trabalhos seguem at\u00e9 que todos os estabelecimentos sejam notificados.<\/p>\n\n\n\n<p>De acordo com o Secret\u00e1rio Adjunto de Prote\u00e7\u00e3o e Defesa do Consumidor, Gilcimar Prata, os locais que n\u00e3o tiverem reduzido o valor proporcionalmente \u00e0 redu\u00e7\u00e3o praticada pelas distribuidoras ser\u00e3o intimados a apresentar a \u00faltima nota de compra de combust\u00edvel. \u201cCaso o posto tenha adquirido o combust\u00edvel j\u00e1 com o valor menor, ser\u00e1 lavrado auto de infra\u00e7\u00e3o, com as devidas san\u00e7\u00f5es cab\u00edveis\u201d, explicou o secret\u00e1rio.<\/p>\n\n\n\n<p>Os locais ter\u00e3o cinco dias, ap\u00f3s a notifica\u00e7\u00e3o, para atender os requisitos, como: informar o pre\u00e7o de compra e venda do diesel em sete de fevereiro de 2023; informar o pre\u00e7o de compra e venda do diesel na presente data; anexar nota fiscal ou outro documento que comprove os valores das compras; e justificar o motivo pelo qual a redu\u00e7\u00e3o no pre\u00e7o de venda n\u00e3o acompanhou a redu\u00e7\u00e3o.<\/p>\n\n\n\n<p>Em caso de solicita\u00e7\u00f5es, a popula\u00e7\u00e3o pode entrar em contato com o Procon pelo telefone (22) 2759-0801, e-mail: atendimento.procon@macae.rj.gov.br ou presencialmente, das 9h \u00e0s 16h, na sede do \u00f3rg\u00e3o, que fica localizado no Centro Administrativo Luiz Os\u00f3rio (Cealo).<\/p>\n\n\n\n<p><em>Por Secom Pref. de Maca\u00e9<\/em><\/p>\n","protected":false},"excerpt":{"rendered":"<p>O Procon Maca\u00e9 iniciou, nesta quinta-feira (9), a\u00e7\u00e3o de notifica\u00e7\u00e3o nos postos de combust\u00edveis de Maca\u00e9. Com o an\u00fancio da Petrobras da redu\u00e7\u00e3o de 8,8% do pre\u00e7o do diesel nas distribuidoras, a proposta \u00e9 garantir que o desconto seja repassado ao consumidor final. Os trabalhos seguem at\u00e9 que todos os estabelecimentos sejam notificados. De acordo [&hellip;]<\/p>\n","protected":false},"author":2,"featured_media":7235,"comment_status":"closed","ping_status":"closed","sticky":false,"template":"","format":"standard","meta":{"postBodyCss":"","postBodyMargin":[],"postBodyPadding":[],"postBodyBackground":{"backgroundType":"classic","gradient":""},"footnotes":""},"categories":[42,47],"tags":[258,256],"class_list":["post-7234","post","type-post","status-publish","format-standard","has-post-thumbnail","hentry","category-macae","category-ocorrencias","tag-combustiveis","tag-procon"],"aioseo_notices":[],"_links":{"self":[{"href":"https:\/\/aconteceemmacaeeregiao.com.br\/index.php\/wp-json\/wp\/v2\/posts\/7234","targetHints":{"allow":["GET"]}}],"collection":[{"href":"https:\/\/aconteceemmacaeeregiao.com.br\/index.php\/wp-json\/wp\/v2\/posts"}],"about":[{"href":"https:\/\/aconteceemmacaeeregiao.com.br\/index.php\/wp-json\/wp\/v2\/types\/post"}],"author":[{"embeddable":true,"href":"https:\/\/aconteceemmacaeeregiao.com.br\/index.php\/wp-json\/wp\/v2\/users\/2"}],"replies":[{"embeddable":true,"href":"https:\/\/aconteceemmacaeeregiao.com.br\/index.php\/wp-json\/wp\/v2\/comments?post=7234"}],"version-history":[{"count":0,"href":"https:\/\/aconteceemmacaeeregiao.com.br\/index.php\/wp-json\/wp\/v2\/posts\/7234\/revisions"}],"wp:featuredmedia":[{"embeddable":true,"href":"https:\/\/aconteceemmacaeeregiao.com.br\/index.php\/wp-json\/wp\/v2\/media\/7235"}],"wp:attachment":[{"href":"https:\/\/aconteceemmacaeeregiao.com.br\/index.php\/wp-json\/wp\/v2\/media?parent=7234"}],"wp:term":[{"taxonomy":"category","embeddable":true,"href":"https:\/\/aconteceemmacaeeregiao.com.br\/index.php\/wp-json\/wp\/v2\/categories?post=7234"},{"taxonomy":"post_tag","embeddable":true,"href":"https:\/\/aconteceemmacaeeregiao.com.br\/index.php\/wp-json\/wp\/v2\/tags?post=7234"}],"curies":[{"name":"wp","href":"https:\/\/api.w.org\/{rel}","templated":true}]}}