{"id":7262,"date":"2023-02-10T14:58:51","date_gmt":"2023-02-10T17:58:51","guid":{"rendered":"https:\/\/aconteceemmacaeeregiao.com.br\/?p=7262"},"modified":"2023-02-10T14:58:51","modified_gmt":"2023-02-10T17:58:51","slug":"etapa-de-surfe-em-barra-do-furado-teve-inicio-nesta-quinta-9","status":"publish","type":"post","link":"https:\/\/aconteceemmacaeeregiao.com.br\/index.php\/2023\/02\/10\/etapa-de-surfe-em-barra-do-furado-teve-inicio-nesta-quinta-9\/","title":{"rendered":"Etapa de surfe em Barra do Furado teve in\u00edcio nesta quinta (9)"},"content":{"rendered":"\n<p><strong><em>Contou com presen\u00e7a dos melhores surfistas do estado<\/em><\/strong><\/p>\n\n\n\n<p>O Quissam\u00e3 Pro-Am 2023 promoveu suas primeiras baterias nesta quinta-feira (9), em Barra do Furado. O torneio de surfe apresentado pela Prefeitura de Quissam\u00e3, atrav\u00e9s da Secretaria Municipal de Esporte e Juventude, segue at\u00e9 domingo (12) e vale como etapa inicial dos circuitos estaduais profissional e j\u00fanior do Rio de Janeiro neste ano. A etapa tem apoio da Federa\u00e7\u00e3o de Surfe do Estado do Rio de Janeiro (FESERJ).<\/p>\n\n\n\n<p>Para os profissionais, a etapa distribui um total de R$ 54.400 em premia\u00e7\u00e3o, divididos de forma proporcional entre as categorias masculina e feminina, seguindo o modelo da Confedera\u00e7\u00e3o Brasileira de Surf. J\u00e1 para os juniores, segundo a Federa\u00e7\u00e3o, a etapa ter\u00e1 n\u00edvel m\u00e1ximo, sendo fundamental para a defini\u00e7\u00e3o dos campe\u00f5es estaduais e da equipe carioca no brasileiro de 2024.<\/p>\n\n\n\n<p>Segundo o presidente de FESERJ, Guilherme Aguiar, ser\u00e1 um campeonato de alto n\u00edvel, com atletas consagrados e jovens promessas. O Presidente tamb\u00e9m destaca a import\u00e2ncia de Barra do Furado para a modalidade.<\/p>\n\n\n\n<p>&#8220;Neste campeonato teremos os melhores surfistas do Rio de Janeiro, tanto da nova gera\u00e7\u00e3o, quanto os j\u00e1 consagrados. Estamos com uma estrutura maravilhosa oferecida pela Prefeitura, com replay, transmiss\u00e3o ao vivo para os ju\u00edzes, ent\u00e3o a gente espera fazer um grande trabalho. Barra do Furado \u00e9 um pico tradicional do surfe da regi\u00e3o, j\u00e1 abrigou grandes competi\u00e7\u00f5es nacionais e hoje (quinta), por exemplo, tem altas ondas, uma onda que permite os atletas fazerem manobras de alto n\u00edvel. Est\u00e1 todo mundo muito empolgado pra fazer uma grande performance&#8221;, disse.<\/p>\n\n\n\n<figure class=\"wp-block-image size-full\"><img fetchpriority=\"high\" decoding=\"async\" width=\"1024\" height=\"683\" src=\"https:\/\/aconteceemmacaeeregiao.com.br\/wp-content\/uploads\/2023\/02\/Etapa-de-surfe-em-Barra-do-Furado-teve-inicio-nesta-quinta-10-com-presenca-dos-melhores-surfistas-do-estado.jpeg\" alt=\"\" class=\"wp-image-7263\" srcset=\"https:\/\/aconteceemmacaeeregiao.com.br\/wp-content\/uploads\/2023\/02\/Etapa-de-surfe-em-Barra-do-Furado-teve-inicio-nesta-quinta-10-com-presenca-dos-melhores-surfistas-do-estado.jpeg 1024w, https:\/\/aconteceemmacaeeregiao.com.br\/wp-content\/uploads\/2023\/02\/Etapa-de-surfe-em-Barra-do-Furado-teve-inicio-nesta-quinta-10-com-presenca-dos-melhores-surfistas-do-estado-300x200.jpeg 300w, https:\/\/aconteceemmacaeeregiao.com.br\/wp-content\/uploads\/2023\/02\/Etapa-de-surfe-em-Barra-do-Furado-teve-inicio-nesta-quinta-10-com-presenca-dos-melhores-surfistas-do-estado-768x512.jpeg 768w\" sizes=\"(max-width: 1024px) 100vw, 1024px\" \/><\/figure>\n\n\n\n<p>O primeiro dia de competi\u00e7\u00e3o reuniu atletas das categorias profissional masculino e Open, com atletas locais. Entre os competidores, o campe\u00e3o do Circuito Estadual de Surf de 2021, Theo Fr\u00e9sia. O atleta de Arma\u00e7\u00e3o dos B\u00fazios comenta a expectativa para essa primeira etapa do circuito estadual.<\/p>\n\n\n\n<p>&#8220;A previs\u00e3o promete altas ondas, os melhores surfistas do Rio de Janeiro v\u00e3o estar batalhando. Convido a galera pra prestigiar esse evento em Barra do Furado, \u00fanico munic\u00edpio (Quissam\u00e3) que recebeu tr\u00eas eventos em menos de dois anos. Condi\u00e7\u00f5es perfeitas de surfe, t\u00eam altas ondas pra galera mostrar o trabalho. Esse final de semana promete&#8221;, disse.<\/p>\n\n\n\n<p>O campeonato conta com dez categorias em disputa pelos rankings estaduais, sendo duas do circuito profissional e oito do circuito j\u00fanior. Todo o evento est\u00e1 sendo transmitido ao vivo, por meio do canal da FESERJ no Youtube, com apoio da Work Banda Larga.<\/p>\n\n\n\n<p><em>Por Secom Pref. de Quissam\u00e3<\/em><\/p>\n","protected":false},"excerpt":{"rendered":"<p>Contou com presen\u00e7a dos melhores surfistas do estado O Quissam\u00e3 Pro-Am 2023 promoveu suas primeiras baterias nesta quinta-feira (9), em Barra do Furado. O torneio de surfe apresentado pela Prefeitura de Quissam\u00e3, atrav\u00e9s da Secretaria Municipal de Esporte e Juventude, segue at\u00e9 domingo (12) e vale como etapa inicial dos circuitos estaduais profissional e j\u00fanior [&hellip;]<\/p>\n","protected":false},"author":2,"featured_media":7264,"comment_status":"closed","ping_status":"closed","sticky":false,"template":"","format":"standard","meta":{"postBodyCss":"","postBodyMargin":[],"postBodyPadding":[],"postBodyBackground":{"backgroundType":"classic","gradient":""},"footnotes":""},"categories":[6,50,43],"tags":[127],"class_list":["post-7262","post","type-post","status-publish","format-standard","has-post-thumbnail","hentry","category-esporte","category-quissama","category-regiao","tag-surf"],"aioseo_notices":[],"_links":{"self":[{"href":"https:\/\/aconteceemmacaeeregiao.com.br\/index.php\/wp-json\/wp\/v2\/posts\/7262","targetHints":{"allow":["GET"]}}],"collection":[{"href":"https:\/\/aconteceemmacaeeregiao.com.br\/index.php\/wp-json\/wp\/v2\/posts"}],"about":[{"href":"https:\/\/aconteceemmacaeeregiao.com.br\/index.php\/wp-json\/wp\/v2\/types\/post"}],"author":[{"embeddable":true,"href":"https:\/\/aconteceemmacaeeregiao.com.br\/index.php\/wp-json\/wp\/v2\/users\/2"}],"replies":[{"embeddable":true,"href":"https:\/\/aconteceemmacaeeregiao.com.br\/index.php\/wp-json\/wp\/v2\/comments?post=7262"}],"version-history":[{"count":0,"href":"https:\/\/aconteceemmacaeeregiao.com.br\/index.php\/wp-json\/wp\/v2\/posts\/7262\/revisions"}],"wp:featuredmedia":[{"embeddable":true,"href":"https:\/\/aconteceemmacaeeregiao.com.br\/index.php\/wp-json\/wp\/v2\/media\/7264"}],"wp:attachment":[{"href":"https:\/\/aconteceemmacaeeregiao.com.br\/index.php\/wp-json\/wp\/v2\/media?parent=7262"}],"wp:term":[{"taxonomy":"category","embeddable":true,"href":"https:\/\/aconteceemmacaeeregiao.com.br\/index.php\/wp-json\/wp\/v2\/categories?post=7262"},{"taxonomy":"post_tag","embeddable":true,"href":"https:\/\/aconteceemmacaeeregiao.com.br\/index.php\/wp-json\/wp\/v2\/tags?post=7262"}],"curies":[{"name":"wp","href":"https:\/\/api.w.org\/{rel}","templated":true}]}}