{"id":7266,"date":"2023-02-10T15:16:12","date_gmt":"2023-02-10T18:16:12","guid":{"rendered":"https:\/\/aconteceemmacaeeregiao.com.br\/?p=7266"},"modified":"2023-02-10T15:16:13","modified_gmt":"2023-02-10T18:16:13","slug":"mobilizacao-na-alerj-para-retomada-das-obras-do-comperj","status":"publish","type":"post","link":"https:\/\/aconteceemmacaeeregiao.com.br\/index.php\/2023\/02\/10\/mobilizacao-na-alerj-para-retomada-das-obras-do-comperj\/","title":{"rendered":"Mobiliza\u00e7\u00e3o na Alerj para retomada das obras do Comperj"},"content":{"rendered":"\n<p><strong><em>Deputado Guilherme Delaroli preside Frente Parlamentar; objetivo \u00e9 levar mais emprego e renda aos 15 munic\u00edpios do Conleste*_<\/em><\/strong><\/p>\n\n\n\n<p>Novato na Assembleia Legislativa do Rio (Alerj), o deputado estadual Guilherme Delaroli (PL) j\u00e1 definiu a sua primeira bandeira de atua\u00e7\u00e3o: trabalhar pela retomada das obras do Complexo Petroqu\u00edmico do Rio de Janeiro (Comperj) e operacionaliza\u00e7\u00e3o do Gaslub, ambos em Itabora\u00ed. Uma Frente Parlamentar foi protocolada com esse objetivo.&nbsp;<\/p>\n\n\n\n<p>Guilherme Delaroli e outros parlamentares estar\u00e3o mobilizados junto ao governador Cl\u00e1udio Castro para sensibilizarem o governo federal sobre a relev\u00e2ncia da conclus\u00e3o dos projetos. A inten\u00e7\u00e3o \u00e9 atrair recursos para os munic\u00edpios do Conleste &#8211;&nbsp;Cons\u00f3rcio Intermunicipal de Desenvolvimento do Leste Fluminense,&nbsp;gerando emprego e renda para as fam\u00edlias que vivem na regi\u00e3o.<\/p>\n\n\n\n<p>&#8220;Sabemos como \u00e9 importante a efetiva\u00e7\u00e3o do Comperj e Gaslub. N\u00e3o somente para Itabora\u00ed, vai gerar emprego e renda em v\u00e1rios munic\u00edpios, especialmente do Conleste&#8221;, afirma Guilherme Delaroli, presidente da Frente Parlamentar e irm\u00e3o do prefeito de Itabora\u00ed, Marcelo Delaroli.<\/p>\n\n\n\n<p>A interrup\u00e7\u00e3o das obras do Comperj, em 2015, levou a cidade de Itabora\u00ed a uma situa\u00e7\u00e3o de decad\u00eancia econ\u00f4mica e de aumento da viol\u00eancia. A atividade comercial despencou quase pela metade, e mais de 700 lojas fecharam. O mercado imobili\u00e1rio esfriou, e os pre\u00e7os dos im\u00f3veis ca\u00edram quase 45% nos \u00faltimos anos.<\/p>\n\n\n\n<p>Al\u00e9m de Itabora\u00ed, integram o Conleste: Araruama; Cachoeiras de Macacu; Casimiro de Abreu; Guapimirim; Mag\u00e9; Maric\u00e1; Niter\u00f3i; Nova Friburgo; Rio Bonito; S\u00e3o Gon\u00e7alo; Saquarema; Silva Jardim; Tangu\u00e1 e Teres\u00f3polis.<\/p>\n\n\n\n<p><em>Por Juliana Oliveira\u00a0\/Assessoria de imprensa\u00a0<\/em><\/p>\n","protected":false},"excerpt":{"rendered":"<p>Deputado Guilherme Delaroli preside Frente Parlamentar; objetivo \u00e9 levar mais emprego e renda aos 15 munic\u00edpios do Conleste*_ Novato na Assembleia Legislativa do Rio (Alerj), o deputado estadual Guilherme Delaroli (PL) j\u00e1 definiu a sua primeira bandeira de atua\u00e7\u00e3o: trabalhar pela retomada das obras do Complexo Petroqu\u00edmico do Rio de Janeiro (Comperj) e operacionaliza\u00e7\u00e3o do [&hellip;]<\/p>\n","protected":false},"author":2,"featured_media":7267,"comment_status":"closed","ping_status":"closed","sticky":false,"template":"","format":"standard","meta":{"postBodyCss":"","postBodyMargin":[],"postBodyPadding":[],"postBodyBackground":{"backgroundType":"classic","gradient":""},"footnotes":""},"categories":[44,43],"tags":[270,269,59],"class_list":["post-7266","post","type-post","status-publish","format-standard","has-post-thumbnail","hentry","category-politica","category-regiao","tag-alerj","tag-comperj","tag-obras"],"aioseo_notices":[],"_links":{"self":[{"href":"https:\/\/aconteceemmacaeeregiao.com.br\/index.php\/wp-json\/wp\/v2\/posts\/7266","targetHints":{"allow":["GET"]}}],"collection":[{"href":"https:\/\/aconteceemmacaeeregiao.com.br\/index.php\/wp-json\/wp\/v2\/posts"}],"about":[{"href":"https:\/\/aconteceemmacaeeregiao.com.br\/index.php\/wp-json\/wp\/v2\/types\/post"}],"author":[{"embeddable":true,"href":"https:\/\/aconteceemmacaeeregiao.com.br\/index.php\/wp-json\/wp\/v2\/users\/2"}],"replies":[{"embeddable":true,"href":"https:\/\/aconteceemmacaeeregiao.com.br\/index.php\/wp-json\/wp\/v2\/comments?post=7266"}],"version-history":[{"count":0,"href":"https:\/\/aconteceemmacaeeregiao.com.br\/index.php\/wp-json\/wp\/v2\/posts\/7266\/revisions"}],"wp:featuredmedia":[{"embeddable":true,"href":"https:\/\/aconteceemmacaeeregiao.com.br\/index.php\/wp-json\/wp\/v2\/media\/7267"}],"wp:attachment":[{"href":"https:\/\/aconteceemmacaeeregiao.com.br\/index.php\/wp-json\/wp\/v2\/media?parent=7266"}],"wp:term":[{"taxonomy":"category","embeddable":true,"href":"https:\/\/aconteceemmacaeeregiao.com.br\/index.php\/wp-json\/wp\/v2\/categories?post=7266"},{"taxonomy":"post_tag","embeddable":true,"href":"https:\/\/aconteceemmacaeeregiao.com.br\/index.php\/wp-json\/wp\/v2\/tags?post=7266"}],"curies":[{"name":"wp","href":"https:\/\/api.w.org\/{rel}","templated":true}]}}