{"id":7316,"date":"2023-02-13T20:13:48","date_gmt":"2023-02-13T23:13:48","guid":{"rendered":"https:\/\/aconteceemmacaeeregiao.com.br\/?p=7316"},"modified":"2023-02-13T20:13:48","modified_gmt":"2023-02-13T23:13:48","slug":"volta-as-aulas-como-os-pais-podem-ajudar-os-filhos-a-enfrentar-o-bullying","status":"publish","type":"post","link":"https:\/\/aconteceemmacaeeregiao.com.br\/index.php\/2023\/02\/13\/volta-as-aulas-como-os-pais-podem-ajudar-os-filhos-a-enfrentar-o-bullying\/","title":{"rendered":"Volta \u00e0s aulas \u2013 Como os pais podem ajudar os filhos a enfrentar o bullying?"},"content":{"rendered":"\n<p>Para muitos jovens, a volta \u00e0s aulas, que deveria ser um momento aguardado com muita alegria, pode acabar se transformando em sin\u00f4nimo de outro sentimento \u2013 o medo de ter que lidar com o bullying e a intimida\u00e7\u00e3o na escola. De acordo com a\u202fOrganiza\u00e7\u00e3o das Na\u00e7\u00f5es Unidas para Educa\u00e7\u00e3o, Ci\u00eancia e Cultura (Unesco),\u202fno mundo inteiro, um em cada tr\u00eas alunos j\u00e1 foi v\u00edtima de bullying. Alguns jovens ficam ansiosos s\u00f3 de pensar na rejei\u00e7\u00e3o dos colegas e por causa disso, pensamentos negativos invadem a mente. Mas \u00e9 poss\u00edvel ajudar os filhos a enfrentar situa\u00e7\u00f5es como essa com coragem!<br><\/p>\n\n\n\n<p>Fernanda, m\u00e3e de tr\u00eas filhas, conta que \u00e9 dif\u00edcil lidar com a tristeza delas quando s\u00e3o intimidadas no col\u00e9gio. Ela relata que uma das filhas sofria preconceito religioso na escola. Ao comentar sobre sua cren\u00e7a com uma colega, a menina foi menosprezada pelos que assistiam a conversa. \u201cEles usaram linguagens ofensivas, como: \u2018N\u00e3o acreditem nela! Isso \u00e9 mentira!\u2019 Nesse momento, o grupo formou um c\u00edrculo em volta da minha filha, e os ataques continuaram\u201d, acrescenta.<br><\/p>\n\n\n\n<p>Para enfrentar essa situa\u00e7\u00e3o, Fernanda disse que ela e o esposo conversaram bastante com a menina. Eles fizeram bom uso de v\u00eddeos e mat\u00e9rias disponibilizadas no site JW.ORG, como os artigos O que fazer se estou sofrendo bullying? e Como posso me proteger na escola? \u201cUma boa comunica\u00e7\u00e3o e um ambiente familiar sadio ajudou nossa filha a superar esses desafios\u201d, complementa.<br>Outra fam\u00edlia que soube lidar com o bullying \u00e9 a da Luciana. Recentemente, uma de suas filhas adolescentes sofreu agress\u00f5es verbais na escola, envolvendo a apar\u00eancia corporal. Luciana menciona que foi essencial manter a calma.<br><\/p>\n\n\n\n<p>\u201cQuando nossos filhos chegam chorando em casa, \u00e9 um desafio lidar com isso de maneira adequada\u201d, pontua. A filha de Luciana comentou que a anima\u00e7\u00e3o no quadro branco \u201cComo enfrentar o bullying sem partir para a briga\u201d a incentivou a procurar ajuda para resolver o problema. \u201cO v\u00eddeo me ensinou que n\u00e3o tenho que enfrentar isso sozinha. Foi o que fiz: chamei o professor na hora!\u201d, destaca a jovem. Esse v\u00eddeo est\u00e1 dispon\u00edvel gratuitamente para todo o p\u00fablico.<br><\/p>\n\n\n\n<p>O bullying n\u00e3o envolve apenas agress\u00f5es f\u00edsicas, ele tamb\u00e9m pode incluir ofensas verbais, rejei\u00e7\u00e3o e o ass\u00e9dio virtual &#8211; o cyberbullying. \u00c9 not\u00f3rio os esfor\u00e7os das organiza\u00e7\u00f5es, governos e escolas em tentar coibir essas a\u00e7\u00f5es maldosas. Infelizmente, n\u00e3o h\u00e1 como impedir algu\u00e9m de publicar algo depreciativo, de falar ou de fazer algo impr\u00f3prio. Contudo, \u00e9 poss\u00edvel ajudar os jovens a lidar com essas situa\u00e7\u00f5es. Artigos e v\u00eddeos, disponibilizados gratuitamente no site JW.ORG t\u00eam ajudado muitos pais a conversar com seus filhos sobre esses assuntos. Os que j\u00e1 usaram esses recursos conseguiram \u00f3timos resultados.<\/p>\n","protected":false},"excerpt":{"rendered":"<p>Para muitos jovens, a volta \u00e0s aulas, que deveria ser um momento aguardado com muita alegria, pode acabar se transformando em sin\u00f4nimo de outro sentimento \u2013 o medo de ter que lidar com o bullying e a intimida\u00e7\u00e3o na escola. De acordo com a\u202fOrganiza\u00e7\u00e3o das Na\u00e7\u00f5es Unidas para Educa\u00e7\u00e3o, Ci\u00eancia e Cultura (Unesco),\u202fno mundo inteiro, [&hellip;]<\/p>\n","protected":false},"author":2,"featured_media":7318,"comment_status":"closed","ping_status":"closed","sticky":false,"template":"","format":"standard","meta":{"postBodyCss":"","postBodyMargin":[],"postBodyPadding":[],"postBodyBackground":{"backgroundType":"classic","gradient":""},"footnotes":""},"categories":[61],"tags":[275,244],"class_list":["post-7316","post","type-post","status-publish","format-standard","has-post-thumbnail","hentry","category-educacao","tag-bullying","tag-escola"],"aioseo_notices":[],"_links":{"self":[{"href":"https:\/\/aconteceemmacaeeregiao.com.br\/index.php\/wp-json\/wp\/v2\/posts\/7316","targetHints":{"allow":["GET"]}}],"collection":[{"href":"https:\/\/aconteceemmacaeeregiao.com.br\/index.php\/wp-json\/wp\/v2\/posts"}],"about":[{"href":"https:\/\/aconteceemmacaeeregiao.com.br\/index.php\/wp-json\/wp\/v2\/types\/post"}],"author":[{"embeddable":true,"href":"https:\/\/aconteceemmacaeeregiao.com.br\/index.php\/wp-json\/wp\/v2\/users\/2"}],"replies":[{"embeddable":true,"href":"https:\/\/aconteceemmacaeeregiao.com.br\/index.php\/wp-json\/wp\/v2\/comments?post=7316"}],"version-history":[{"count":0,"href":"https:\/\/aconteceemmacaeeregiao.com.br\/index.php\/wp-json\/wp\/v2\/posts\/7316\/revisions"}],"wp:featuredmedia":[{"embeddable":true,"href":"https:\/\/aconteceemmacaeeregiao.com.br\/index.php\/wp-json\/wp\/v2\/media\/7318"}],"wp:attachment":[{"href":"https:\/\/aconteceemmacaeeregiao.com.br\/index.php\/wp-json\/wp\/v2\/media?parent=7316"}],"wp:term":[{"taxonomy":"category","embeddable":true,"href":"https:\/\/aconteceemmacaeeregiao.com.br\/index.php\/wp-json\/wp\/v2\/categories?post=7316"},{"taxonomy":"post_tag","embeddable":true,"href":"https:\/\/aconteceemmacaeeregiao.com.br\/index.php\/wp-json\/wp\/v2\/tags?post=7316"}],"curies":[{"name":"wp","href":"https:\/\/api.w.org\/{rel}","templated":true}]}}