{"id":7320,"date":"2023-02-13T20:29:53","date_gmt":"2023-02-13T23:29:53","guid":{"rendered":"https:\/\/aconteceemmacaeeregiao.com.br\/?p=7320"},"modified":"2023-02-13T20:29:53","modified_gmt":"2023-02-13T23:29:53","slug":"museu-recebe-tela-em-homenagem-a-gloria-maria","status":"publish","type":"post","link":"https:\/\/aconteceemmacaeeregiao.com.br\/index.php\/2023\/02\/13\/museu-recebe-tela-em-homenagem-a-gloria-maria\/","title":{"rendered":"Museu recebe tela em homenagem a Gloria Maria"},"content":{"rendered":"\n<p><em><strong>A obra de <strong>Eduardo Kobra<\/strong>, de 4 metros por altura por 3 metros de largura, estar\u00e1 exposta at\u00e9 11 de mar\u00e7o. A entrada \u00e9 gratuita.<\/strong><\/em><\/p>\n\n\n\n<p>O Muhcab abre as portas para uma estrela. Neste s\u00e1bado (11 de fevereiro), o Museu da Hist\u00f3ria e Cultura Afro-Brasileira, mantido pela Secretaria Municipal de Cultura do Rio, recebe uma enorme tela com a imagem de Gloria Maria, feita pelo muralista Eduardo Kobra, a pedido do \u201cFant\u00e1stico\u201d. Executada num fim de semana, em apenas 15 horas, a obra em tecido tem 4 metros de altura por 3 de largura e pode ser vista at\u00e9 11 de mar\u00e7o, de quarta a s\u00e1bado, das 10h \u00e0s 17h.<\/p>\n\n\n\n<p>Gloria Maria faleceu no \u00faltimo dia 2 de fevereiro. Na tela, a jornalista e apresentadora, aparece toda colorida, cercada de borboletas e segurando o planeta Terra. \u201cEla tinha o planeta nas m\u00e3os\u201d, diz Kobra, que j\u00e1 foi entrevistado por Gloria Maria, um rosto que o Brasil se acostumou a ver na TV nos \u00faltimos 50 anos. \u201cEla se conectou com o mundo como poucas pessoas e trouxe isso para n\u00f3s.\u201d Segundo Kobra, foram cem latas de spray \u00e0 disposi\u00e7\u00e3o da empreitada, realizada em seu ateli\u00ea em Itu, S\u00e3o Paulo. &nbsp;<\/p>\n\n\n\n<p>\u201cA ideia de levar para o Muhcab foi do \u2018Fant\u00e1stico\u2019, entendendo ser este um local de relev\u00e2ncia identit\u00e1ria para receber a homenagem a uma figura t\u00e3o representativa para mulheres e homens pretos, sobretudo na \u00e1rea da comunica\u00e7\u00e3o\u201d, conta Leandro Santanna, diretor do espa\u00e7o, na Gamboa, que recebeu mais de 40 mil visitantes em 2022.<\/p>\n\n\n<div class=\"wp-block-image\">\n<figure class=\"aligncenter size-large\"><img fetchpriority=\"high\" decoding=\"async\" width=\"683\" height=\"1024\" src=\"https:\/\/aconteceemmacaeeregiao.com.br\/wp-content\/uploads\/2023\/02\/Eternamente-Gloria-por-Eduardo-Kobra-683x1024.jpg\" alt=\"\" class=\"wp-image-7322\" srcset=\"https:\/\/aconteceemmacaeeregiao.com.br\/wp-content\/uploads\/2023\/02\/Eternamente-Gloria-por-Eduardo-Kobra-683x1024.jpg 683w, https:\/\/aconteceemmacaeeregiao.com.br\/wp-content\/uploads\/2023\/02\/Eternamente-Gloria-por-Eduardo-Kobra-200x300.jpg 200w, https:\/\/aconteceemmacaeeregiao.com.br\/wp-content\/uploads\/2023\/02\/Eternamente-Gloria-por-Eduardo-Kobra-768x1152.jpg 768w, https:\/\/aconteceemmacaeeregiao.com.br\/wp-content\/uploads\/2023\/02\/Eternamente-Gloria-por-Eduardo-Kobra-1024x1536.jpg 1024w, https:\/\/aconteceemmacaeeregiao.com.br\/wp-content\/uploads\/2023\/02\/Eternamente-Gloria-por-Eduardo-Kobra-1365x2048.jpg 1365w, https:\/\/aconteceemmacaeeregiao.com.br\/wp-content\/uploads\/2023\/02\/Eternamente-Gloria-por-Eduardo-Kobra-600x900.jpg 600w, https:\/\/aconteceemmacaeeregiao.com.br\/wp-content\/uploads\/2023\/02\/Eternamente-Gloria-por-Eduardo-Kobra-scaled.jpg 1707w\" sizes=\"(max-width: 683px) 100vw, 683px\" \/><figcaption class=\"wp-element-caption\">Eternamente Gloria\nStudio Kobra\/Divulga\u00e7\u00e3o<\/figcaption><\/figure>\n<\/div>\n\n\n<p><strong>Kobra no museu<\/strong><\/p>\n\n\n\n<p>\u201cEmbora a base do meu trabalho seja a arte de rua, tamb\u00e9m acho fascinante estar com minhas obras cada vez mais presentes em museus e galerias. Na hist\u00f3ria da street art, Jean-Michel Basquiat e Keith Haring quebraram a barreira. Foram precursores nessa hist\u00f3ria de ir das ruas para galerias e museus. O interessante \u00e9 que hoje este movimento tamb\u00e9m acontece de \u2018dentro para fora\u2019, no sentido de artistas que eram exclusivos de galerias e museus hoje tamb\u00e9m pintarem nas ruas. \u00c9 importante estar tamb\u00e9m nos museus, porque \u00e9 outro tipo de suporte. \u00c9 poss\u00edvel realizar exposi\u00e7\u00f5es itinerantes. Uma tela que fa\u00e7o no meu ateli\u00ea pode ser vista em diversas partes do mundo, diferentemente de um mural, onde a pessoa tem que ir para a cidade em que a obra est\u00e1\u201d, diz Kobra.&nbsp;&nbsp;<\/p>\n\n\n\n<p>Aos 48 anos, Eduardo Kobra tem tr\u00eas mil murais em cerca de 35 pa\u00edses, incluindo diversas cidades estados e estados brasileiros \u2013 como \u201cEtnias \u2013 Todos Somos Um\u201d, no Rio de Janeiro, \u201cOscar Niemeyer\u201d, em S\u00e3o Paulo; \u201cThe Times They Are A-Changin\u201d (sobre Bob Dylan), em Minneapolis; \u201cLet me be Myself\u201d (sobre Anne Frank), em Amsterd\u00e3; \u201cA Bailarina\u201d (Maya Plisetskaia), em Moscou; \u201cFight For Street Art\u201d Basquiat e Andy Warhol), em Nova York; e \u201cDavid\u201d, nas montanhas de Carrara.<\/p>\n\n\n\n<p>Em todos os trabalhos, o artista busca democratizar a arte e transformar as ruas, avenidas, estradas e at\u00e9 montanhas em galerias e museus a c\u00e9u aberto. Dois desses murais entraram no Guinness World Record, como o \u201cmaior mural do mundo\u201d. Primeiro \u201cEtnias \u2013 Todos Somos Um\u201d, no Rio, com cerca de tr\u00eas mil metros quadrados e, depois, o \u201cMural do Chocolate\u201d, localizado na rodovia Castello Branco, em Itapevi, em S\u00e3o Paulo, com 5.742 metros quadrados. Em 2018, pintou 20 murais nos EUA, 18 deles em Nova York.<\/p>\n\n\n\n<p><strong>Muhcab &#8211; um dos 15 pontos da Pequena \u00c1frica<\/strong><\/p>\n\n\n\n<p>Vizinho ao Cais do Valongo, na Gamboa, o Museu da Hist\u00f3ria e Cultura Afro-Brasileira (Muhcab) \u00e9 um dos 15 pontos de mem\u00f3ria que comp\u00f5em a Pequena \u00c1frica, na Regi\u00e3o Portu\u00e1ria, e fica localizado no Centro Cultural Jos\u00e9 Bonif\u00e1cio.<\/p>\n\n\n\n<p>O Museu foi criado em 2017, via decreto, mas nunca tinha sido aberto para o p\u00fablico. O acervo ali guarda aproximadamente 2,5 mil itens, entre pinturas, esculturas e fotografias, al\u00e9m de trabalhos de artistas pl\u00e1sticos contempor\u00e2neos, que dialogam com o espa\u00e7o. A atual gest\u00e3o da Secretaria Municipal de Cultura executou a limpeza e o restauro das calhas para impedir vazamentos. As pe\u00e7as passaram por higieniza\u00e7\u00e3o, algumas tamb\u00e9m por pequenos restauros e ou ganharam uma nova moldura.<\/p>\n\n\n\n<p><strong>*15 PONTOS DA PEQUENA \u00c1FRICA*<\/strong><\/p>\n\n\n\n<ol class=\"wp-block-list\">\n<li>Cais do Valongo, Patrim\u00f4nio Mundial<\/li>\n\n\n\n<li>Mercado de escravos do Valongo<\/li>\n\n\n\n<li>Cemit\u00e9rio dos Pretos Novos \u2013 Instituto dos Pretos Novos \u2013 IPN<\/li>\n\n\n\n<li>Muhcab (antiga Escola Jos\u00e9 Bonif\u00e1cio)<\/li>\n\n\n\n<li>Pra\u00e7a da Harmonia \u2013 interpreta as Barricadas da Revolta da Vacina<\/li>\n\n\n\n<li>Sindicatos e associa\u00e7\u00f5es negras &#8211; Sociedade da Resist\u00eancia dos Trabalhadores do Trapiche e Caf\u00e9<\/li>\n\n\n\n<li>Casa de Machado de Assis<\/li>\n\n\n\n<li>Mirante da Pequena \u00c1frica<\/li>\n\n\n\n<li>Largo do Dep\u00f3sito\/Pra\u00e7a dos Estivadores<\/li>\n\n\n\n<li>Trapiches e atividades portu\u00e1rias da Rua da Sa\u00fade<\/li>\n\n\n\n<li>Pedra do Sal, Quilombo da Pedra do Sal e Rua S\u00e3o Francisco da Prainha<\/li>\n\n\n\n<li>Zungu Largo de S\u00e3o Francisco da Prainha<\/li>\n\n\n\n<li>Igreja S\u00e3o Francisco da Prainha<\/li>\n\n\n\n<li>Pra\u00e7a Mau\u00e1<\/li>\n\n\n\n<li>Igreja de Santa Rita<\/li>\n<\/ol>\n\n\n\n<p><strong><em>Muhcab:<\/em><\/strong><em>&nbsp;Rua Pedro Ernesto 80, Gamboa. Quarta a s\u00e1b, das 10h \u00e0s 17h. Gr\u00e1tis. Livre. Abertura \u2018Eternamente Gloria\u2019: 11\/02, \u00e0s 10h. At\u00e9 11\/03.<\/em><\/p>\n\n\n\n<p><em>Jornalista respons\u00e1vel pela assessoria de imprensa de Eduardo Kobra<\/em><\/p>\n\n\n\n<p>Airton Gontow &#8211; (11) 99109-0688 (WhatsApp)<\/p>\n\n\n\n<p>&nbsp;airton@gontof.com.br e&nbsp;<a href=\"mailto:redacao@gontof.com.br\">redacao@gontof.com.br<\/a><\/p>\n\n\n\n<p><em>Jornalistas respons\u00e1veis pela assessoria de imprensa do Muhcab<\/em><\/p>\n\n\n\n<p>Bruno Calixto &#8211; (21) 98089-0919 e Raisa Segantini &#8211; (21) 96538-1911<\/p>\n\n\n\n<p>imprensasmcrio.cultura@gmail.com<\/p>\n","protected":false},"excerpt":{"rendered":"<p>A obra de Eduardo Kobra, de 4 metros por altura por 3 metros de largura, estar\u00e1 exposta at\u00e9 11 de mar\u00e7o. A entrada \u00e9 gratuita. O Muhcab abre as portas para uma estrela. Neste s\u00e1bado (11 de fevereiro), o Museu da Hist\u00f3ria e Cultura Afro-Brasileira, mantido pela Secretaria Municipal de Cultura do Rio, recebe uma [&hellip;]<\/p>\n","protected":false},"author":2,"featured_media":7321,"comment_status":"closed","ping_status":"closed","sticky":false,"template":"","format":"standard","meta":{"postBodyCss":"","postBodyMargin":[],"postBodyPadding":[],"postBodyBackground":{"backgroundType":"classic","gradient":""},"footnotes":""},"categories":[86],"tags":[212,214,253,158],"class_list":["post-7320","post","type-post","status-publish","format-standard","has-post-thumbnail","hentry","category-cultura","tag-afro-brasileira","tag-artes","tag-jornalista","tag-museu"],"aioseo_notices":[],"_links":{"self":[{"href":"https:\/\/aconteceemmacaeeregiao.com.br\/index.php\/wp-json\/wp\/v2\/posts\/7320","targetHints":{"allow":["GET"]}}],"collection":[{"href":"https:\/\/aconteceemmacaeeregiao.com.br\/index.php\/wp-json\/wp\/v2\/posts"}],"about":[{"href":"https:\/\/aconteceemmacaeeregiao.com.br\/index.php\/wp-json\/wp\/v2\/types\/post"}],"author":[{"embeddable":true,"href":"https:\/\/aconteceemmacaeeregiao.com.br\/index.php\/wp-json\/wp\/v2\/users\/2"}],"replies":[{"embeddable":true,"href":"https:\/\/aconteceemmacaeeregiao.com.br\/index.php\/wp-json\/wp\/v2\/comments?post=7320"}],"version-history":[{"count":0,"href":"https:\/\/aconteceemmacaeeregiao.com.br\/index.php\/wp-json\/wp\/v2\/posts\/7320\/revisions"}],"wp:featuredmedia":[{"embeddable":true,"href":"https:\/\/aconteceemmacaeeregiao.com.br\/index.php\/wp-json\/wp\/v2\/media\/7321"}],"wp:attachment":[{"href":"https:\/\/aconteceemmacaeeregiao.com.br\/index.php\/wp-json\/wp\/v2\/media?parent=7320"}],"wp:term":[{"taxonomy":"category","embeddable":true,"href":"https:\/\/aconteceemmacaeeregiao.com.br\/index.php\/wp-json\/wp\/v2\/categories?post=7320"},{"taxonomy":"post_tag","embeddable":true,"href":"https:\/\/aconteceemmacaeeregiao.com.br\/index.php\/wp-json\/wp\/v2\/tags?post=7320"}],"curies":[{"name":"wp","href":"https:\/\/api.w.org\/{rel}","templated":true}]}}