{"id":7338,"date":"2023-02-13T21:33:42","date_gmt":"2023-02-14T00:33:42","guid":{"rendered":"https:\/\/aconteceemmacaeeregiao.com.br\/?p=7338"},"modified":"2023-02-13T21:33:43","modified_gmt":"2023-02-14T00:33:43","slug":"projeto-de-extensao-de-canoagem-retoma-atividades-na-lagoa","status":"publish","type":"post","link":"https:\/\/aconteceemmacaeeregiao.com.br\/index.php\/2023\/02\/13\/projeto-de-extensao-de-canoagem-retoma-atividades-na-lagoa\/","title":{"rendered":"Projeto de extens\u00e3o de canoagem retoma atividades na Lagoa"},"content":{"rendered":"\n<p>Ahonui significa ter paci\u00eancia e perseveran\u00e7a. E tendo como cen\u00e1rio a Lagoa de Imboassica, n\u00e3o \u00e9 muito dif\u00edcil conseguir exercitar essas virtudes. Tendo como testemunha o horizonte da serra macaense, com o Morro S\u00e3o Jo\u00e3o e o Pico do Frade, o projeto de extens\u00e3o de canoagem polin\u00e9sia retoma suas atividades em mar\u00e7o. O primeiro encontro ser\u00e1 no dia 3, \u00e0s 8h, com um caf\u00e9 da manh\u00e3 comunit\u00e1rio, \u00e0 margem da lagoa.<\/p>\n\n\n\n<p>O projeto Ahonui: cultivando a sa\u00fade f\u00edsica e mental com a canoa polin\u00e9sia, coordenado pelos educadores Daniel Nascimento, Karine Verdoorn, Crispiane Ribeiro e Ana Moraes, atende a alunos, professores e servidores administrativos das institui\u00e7\u00f5es parceiras da Cidade Universit\u00e1ria (UFF, UFRJ, FeMASS e IFF), com apoio do Clube Crispy Koa Va\u2019a. Agora, em 2023, ser\u00e3o comemorados os tr\u00eas anos da atividade, que promove os encontros sempre \u00e0s quartas e sextas-feiras, \u00e0s 8h.<br><br>Em 2021, foram aproximadamente 70 participantes. Em 2022, a m\u00e9dia continuou a mesma. Para 2023, a expectativa \u00e9 que continue neste mesmo patamar, segundo o professor Nascimento.<\/p>\n\n\n\n<blockquote class=\"wp-block-quote is-layout-flow wp-block-quote-is-layout-flow\">\n<p>&#8220;A atividade \u00e9 voltada para o p\u00fablico acad\u00eamico, mas qualquer pessoa que queira conhecer o projeto e sua din\u00e2mica pode chegar em qualquer um dos nossos encontros. Al\u00e9m de desfrutar dos benef\u00edcios da pr\u00e1tica coletiva da canoagem, os participantes podem usufruir das belezas naturais de Maca\u00e9, sendo o principal objetivo do projeto oferecer um momento de cuidado da sa\u00fade f\u00edsica e mental dos participantes\u201d, explica o professor.<\/p>\n<\/blockquote>\n\n\n\n<p>Mais informa\u00e7\u00f5es e contatos podem ser obtidos na rede social do projeto:&nbsp;<a href=\"https:\/\/www.instagram.com\/projeto_ahonui\/\">instagram.com\/projeto_ahonui<\/a>.<\/p>\n","protected":false},"excerpt":{"rendered":"<p>Ahonui significa ter paci\u00eancia e perseveran\u00e7a. E tendo como cen\u00e1rio a Lagoa de Imboassica, n\u00e3o \u00e9 muito dif\u00edcil conseguir exercitar essas virtudes. Tendo como testemunha o horizonte da serra macaense, com o Morro S\u00e3o Jo\u00e3o e o Pico do Frade, o projeto de extens\u00e3o de canoagem polin\u00e9sia retoma suas atividades em mar\u00e7o. O primeiro encontro [&hellip;]<\/p>\n","protected":false},"author":2,"featured_media":7339,"comment_status":"closed","ping_status":"closed","sticky":false,"template":"","format":"standard","meta":{"postBodyCss":"","postBodyMargin":[],"postBodyPadding":[],"postBodyBackground":{"backgroundType":"classic","gradient":""},"footnotes":""},"categories":[46,42],"tags":[239,267],"class_list":["post-7338","post","type-post","status-publish","format-standard","has-post-thumbnail","hentry","category-diversao","category-macae","tag-canoagem","tag-lagoa"],"aioseo_notices":[],"_links":{"self":[{"href":"https:\/\/aconteceemmacaeeregiao.com.br\/index.php\/wp-json\/wp\/v2\/posts\/7338","targetHints":{"allow":["GET"]}}],"collection":[{"href":"https:\/\/aconteceemmacaeeregiao.com.br\/index.php\/wp-json\/wp\/v2\/posts"}],"about":[{"href":"https:\/\/aconteceemmacaeeregiao.com.br\/index.php\/wp-json\/wp\/v2\/types\/post"}],"author":[{"embeddable":true,"href":"https:\/\/aconteceemmacaeeregiao.com.br\/index.php\/wp-json\/wp\/v2\/users\/2"}],"replies":[{"embeddable":true,"href":"https:\/\/aconteceemmacaeeregiao.com.br\/index.php\/wp-json\/wp\/v2\/comments?post=7338"}],"version-history":[{"count":0,"href":"https:\/\/aconteceemmacaeeregiao.com.br\/index.php\/wp-json\/wp\/v2\/posts\/7338\/revisions"}],"wp:featuredmedia":[{"embeddable":true,"href":"https:\/\/aconteceemmacaeeregiao.com.br\/index.php\/wp-json\/wp\/v2\/media\/7339"}],"wp:attachment":[{"href":"https:\/\/aconteceemmacaeeregiao.com.br\/index.php\/wp-json\/wp\/v2\/media?parent=7338"}],"wp:term":[{"taxonomy":"category","embeddable":true,"href":"https:\/\/aconteceemmacaeeregiao.com.br\/index.php\/wp-json\/wp\/v2\/categories?post=7338"},{"taxonomy":"post_tag","embeddable":true,"href":"https:\/\/aconteceemmacaeeregiao.com.br\/index.php\/wp-json\/wp\/v2\/tags?post=7338"}],"curies":[{"name":"wp","href":"https:\/\/api.w.org\/{rel}","templated":true}]}}