{"id":7350,"date":"2023-02-14T20:11:44","date_gmt":"2023-02-14T23:11:44","guid":{"rendered":"https:\/\/aconteceemmacaeeregiao.com.br\/?p=7350"},"modified":"2023-02-14T20:11:44","modified_gmt":"2023-02-14T23:11:44","slug":"camara-de-macae-empossa-novos-estagiarios","status":"publish","type":"post","link":"https:\/\/aconteceemmacaeeregiao.com.br\/index.php\/2023\/02\/14\/camara-de-macae-empossa-novos-estagiarios\/","title":{"rendered":"<strong>C\u00e2mara de Maca\u00e9 empossa novos estagi\u00e1rios<\/strong>"},"content":{"rendered":"\n<p><a href=\"https:\/\/cmmacae.rj.gov.br\/2023\/02\/14\/\"><\/a>Nesta ter\u00e7a-feira (14), a C\u00e2mara de <a href=\"https:\/\/aconteceemmacaeeregiao.com.br\/index.php\/category\/macae\/\" title=\"\">Maca\u00e9<\/a> deu continuidade ao II Programa de Est\u00e1gio Remunerado com a posse de mais tr\u00eas aprovados no concurso. Eles foram recebidos pelo presidente Cesinha (Pros) e, em seguida, conheceram o novo ambiente de trabalho. A iniciativa tem o objetivo de ampliar as oportunidades de trabalho para os jovens no in\u00edcio da carreira profissional.<\/p>\n\n\n\n<p>Cesinha acredita que os estagi\u00e1rios n\u00e3o somente aprender\u00e3o, mas tamb\u00e9m podem colaborar com novas ideias e pr\u00e1ticas adquiridas ao longo da trajet\u00f3ria acad\u00eamica. Os estagi\u00e1rios s\u00e3o alunos dos cursos de Direito, Ci\u00eancias Cont\u00e1beis e Administra\u00e7\u00e3o.<\/p>\n\n\n\n<p>\u201cFicamos muito felizes com essa nova convoca\u00e7\u00e3o. H\u00e1 um ano, demos posse aos primeiros aprovados, que realizam um trabalho elogiado por todos. Recentemente, comemoramos a pesquisa feita pelo IFF Campos e a Uenf que nos colocou como a terceira C\u00e2mara mais transparente do estado. Nossa meta \u00e9 chegar ao primeiro lugar. Para isso, contamos tamb\u00e9m com o empenho dos estagi\u00e1rios\u201d, disse.<\/p>\n\n\n\n<p>Estudante de Direito, Ana Fl\u00e1via Paiva Gon\u00e7alves tem grandes expectativas. \u201cEstou muito empolgada com essa oportunidade. J\u00e1 atuei em outros \u00f3rg\u00e3os, como a Defensoria P\u00fablica, e acredito que vai agregar muito \u00e0 minha forma\u00e7\u00e3o ter uma experi\u00eancia sob a \u00f3tica do Legislativo.\u201d<\/p>\n\n\n\n<p>Futuro contador, Erick Miranda Carneiro tamb\u00e9m revela que a busca pelo conhecimento o fez se inscrever no processo seletivo. \u201cSer\u00e1 um tempo de muito aprendizado\u201d, acrescentou. A terceira estagi\u00e1ria empossada \u00e9 Vaneza Dallmann Tuchtenhagen, aluna de Administra\u00e7\u00e3o.<\/p>\n\n\n\n<p><em>Por Ascom <a href=\"https:\/\/cmmacae.rj.gov.br\/\" title=\"\">C\u00e2mara de Maca\u00e9<\/a><\/em><\/p>\n","protected":false},"excerpt":{"rendered":"<p>Nesta ter\u00e7a-feira (14), a C\u00e2mara de Maca\u00e9 deu continuidade ao II Programa de Est\u00e1gio Remunerado com a posse de mais tr\u00eas aprovados no concurso. Eles foram recebidos pelo presidente Cesinha (Pros) e, em seguida, conheceram o novo ambiente de trabalho. A iniciativa tem o objetivo de ampliar as oportunidades de trabalho para os jovens no [&hellip;]<\/p>\n","protected":false},"author":2,"featured_media":7351,"comment_status":"closed","ping_status":"closed","sticky":false,"template":"","format":"standard","meta":{"postBodyCss":"","postBodyMargin":[],"postBodyPadding":[],"postBodyBackground":{"backgroundType":"classic","gradient":""},"footnotes":""},"categories":[166],"tags":[],"class_list":["post-7350","post","type-post","status-publish","format-standard","has-post-thumbnail","hentry","category-politica-macae"],"aioseo_notices":[],"_links":{"self":[{"href":"https:\/\/aconteceemmacaeeregiao.com.br\/index.php\/wp-json\/wp\/v2\/posts\/7350","targetHints":{"allow":["GET"]}}],"collection":[{"href":"https:\/\/aconteceemmacaeeregiao.com.br\/index.php\/wp-json\/wp\/v2\/posts"}],"about":[{"href":"https:\/\/aconteceemmacaeeregiao.com.br\/index.php\/wp-json\/wp\/v2\/types\/post"}],"author":[{"embeddable":true,"href":"https:\/\/aconteceemmacaeeregiao.com.br\/index.php\/wp-json\/wp\/v2\/users\/2"}],"replies":[{"embeddable":true,"href":"https:\/\/aconteceemmacaeeregiao.com.br\/index.php\/wp-json\/wp\/v2\/comments?post=7350"}],"version-history":[{"count":0,"href":"https:\/\/aconteceemmacaeeregiao.com.br\/index.php\/wp-json\/wp\/v2\/posts\/7350\/revisions"}],"wp:featuredmedia":[{"embeddable":true,"href":"https:\/\/aconteceemmacaeeregiao.com.br\/index.php\/wp-json\/wp\/v2\/media\/7351"}],"wp:attachment":[{"href":"https:\/\/aconteceemmacaeeregiao.com.br\/index.php\/wp-json\/wp\/v2\/media?parent=7350"}],"wp:term":[{"taxonomy":"category","embeddable":true,"href":"https:\/\/aconteceemmacaeeregiao.com.br\/index.php\/wp-json\/wp\/v2\/categories?post=7350"},{"taxonomy":"post_tag","embeddable":true,"href":"https:\/\/aconteceemmacaeeregiao.com.br\/index.php\/wp-json\/wp\/v2\/tags?post=7350"}],"curies":[{"name":"wp","href":"https:\/\/api.w.org\/{rel}","templated":true}]}}