{"id":7441,"date":"2023-02-16T18:54:14","date_gmt":"2023-02-16T21:54:14","guid":{"rendered":"https:\/\/aconteceemmacaeeregiao.com.br\/?p=7441"},"modified":"2023-02-16T18:54:14","modified_gmt":"2023-02-16T21:54:14","slug":"firjan-abre-inscricoes-para-cursos-tecnicos-e-universitarios","status":"publish","type":"post","link":"https:\/\/aconteceemmacaeeregiao.com.br\/index.php\/2023\/02\/16\/firjan-abre-inscricoes-para-cursos-tecnicos-e-universitarios\/","title":{"rendered":"Firjan abre inscri\u00e7\u00f5es para cursos t\u00e9cnicos e universit\u00e1rios"},"content":{"rendered":"\n<p>\u00a0<strong>As oportunidades s\u00e3o voltadas para 17 \u00e1reas de atua\u00e7\u00e3o e as inscri\u00e7\u00f5es v\u00e3o at\u00e9 o dia 10 de mar\u00e7o<\/strong><\/p>\n\n\n\n<p>Vagas para estudantes de diversas \u00e1reas, em uma grande empresa com todas as \u00e1reas eleg\u00edveis, \u00e9 o que oferece o&nbsp;<strong>Programa de Est\u00e1gio da Firjan<\/strong>&nbsp;para alunos da \u00e1rea t\u00e9cnica e do ensino universit\u00e1rio.&nbsp;<strong>Com inscri\u00e7\u00f5es abertas at\u00e9 10\/03<\/strong>, o est\u00e1gio tem dura\u00e7\u00e3o de seis meses a dois anos e carga hor\u00e1ria de quatro ou seis horas di\u00e1rias, com benef\u00edcios que incluem bolsa-aux\u00edlio, vale-refei\u00e7\u00e3o, aux\u00edlio-transporte, seguro de vida e recesso. O processo de sele\u00e7\u00e3o do programa come\u00e7a com a inscri\u00e7\u00e3o on-line no site da Firjan&nbsp;<a href=\"https:\/\/nam02.safelinks.protection.outlook.com\/?url=http%3A%2F%2Fwww.firjan.com.br%2Fprogramadeestagio&amp;data=05%7C01%7Cbrrodrigues%40firjan.com.br%7C07329684bb894917892108db052964a1%7Cd0c698d4e4ea4ee9a79df2d7a78399c8%7C0%7C0%7C638109447600021359%7CUnknown%7CTWFpbGZsb3d8eyJWIjoiMC4wLjAwMDAiLCJQIjoiV2luMzIiLCJBTiI6Ik1haWwiLCJXVCI6Mn0%3D%7C3000%7C%7C%7C&amp;sdata=R6BPKJsLVsdw9ZPrQ4uoZK6gOSgB1zGzRpbQj7%2BQDO4%3D&amp;reserved=0\" target=\"_blank\" rel=\"noreferrer noopener\">www.firjan.com.br\/programadeestagio<\/a>, seguida de entrevistas individuais, resolu\u00e7\u00e3o de cases, conversa de alinhamento e painel final.<\/p>\n\n\n\n<p>Estudantes de cursos t\u00e9cnicos, inclusive dos mais de 20 cursos da Firjan SENAI, e universit\u00e1rios est\u00e3o aptos a entrar no Programa de Est\u00e1gio, que engloba diversas \u00e1reas de atua\u00e7\u00e3o: Competitividade, Comunica\u00e7\u00e3o, Desenvolvimento e Inova\u00e7\u00e3o, <a href=\"https:\/\/aconteceemmacaeeregiao.com.br\/?s=educa%C3%A7%C3%A3o\" title=\"\">Educa\u00e7\u00e3o<\/a>, Gest\u00e3o de Pessoas, Integridade Corporativa, Jur\u00eddico, Neg\u00f3cios, Petr\u00f3leo, G\u00e1s e Naval, Planejamento e Finan\u00e7as, Planejamento Estrat\u00e9gico, Relacionamento, Rela\u00e7\u00f5es Institucionais, Sa\u00fade e Seguran\u00e7a do Trabalho, Suprimentos e Servi\u00e7os,\u00a0 Tecnologia da Informa\u00e7\u00e3o e Tecnologia e Inova\u00e7\u00e3o.<\/p>\n\n\n\n<p>O objetivo do programa,&nbsp;previsto para&nbsp;come\u00e7ar no m\u00eas de maio,&nbsp;\u00e9 levar aos estudantes a oportunidade de complementar a sua forma\u00e7\u00e3o escolar, por meio de experi\u00eancias profissionais e de a\u00e7\u00f5es de desenvolvimento que promovam o aperfei\u00e7oamento t\u00e9cnico, cultural e de relacionamento humano.<\/p>\n\n\n\n<p>\u201cO Programa de Est\u00e1gio da Firjan contribui na forma\u00e7\u00e3o de novas gera\u00e7\u00f5es de profissionais e ajuda a criar e manter um ambiente de renova\u00e7\u00e3o, de oxigena\u00e7\u00e3o permanente para a Firjan e para as empresas, que posteriormente aproveitam nossos estagi\u00e1rios\u201d, enfatiza&nbsp;<strong>Cintia Miranda, gerente de Sele\u00e7\u00e3o e Administra\u00e7\u00e3o de Pessoal da Firjan.<\/strong><\/p>\n\n\n\n<p><strong>Desenvolvimento<\/strong><\/p>\n\n\n\n<p>Para permitir um acompanhamento mais pr\u00f3ximo do estagi\u00e1rio, o programa prev\u00ea a realiza\u00e7\u00e3o de uma trilha de desenvolvimento, ou seja, momentos de capacita\u00e7\u00e3o sobre as tem\u00e1ticas mais atuais para o profissional. A Firjan ainda proporciona a roteiriza\u00e7\u00e3o de eventos, abordando fatores t\u00e9cnicos da forma\u00e7\u00e3o acad\u00eamica universit\u00e1ria ou da escola t\u00e9cnica, bem como a cria\u00e7\u00e3o da liga dos estagi\u00e1rios, um canal de comunica\u00e7\u00e3o para discuss\u00f5es e sugest\u00f5es e, at\u00e9 mesmo, para rodas de di\u00e1logo com executivos da federa\u00e7\u00e3o.<\/p>\n\n\n\n<p>Cintia Miranda chama a aten\u00e7\u00e3o para o fato de o est\u00e1gio ser totalmente pr\u00e1tico e de o jovem se envolver em todas as tarefas. \u201cOs estagi\u00e1rios t\u00eam a oportunidade de vivenciar o dia a dia da profiss\u00e3o, por meio de experi\u00eancias pr\u00e1ticas, participando ativamente da rotina, dos processos e dos projetos da empresa\u201d, acrescenta.<\/p>\n\n\n\n<p>\u201c\u00c9 uma experi\u00eancia totalmente din\u00e2mica, que nos coloca em contato com pessoas novas o tempo todo e com uma ampla diversidade. S\u00e3o profissionais de diferentes \u00e1reas e trajet\u00f3rias diversas que nos acolhem de uma forma muito especial e enriquecedora\u201d, destaca&nbsp;Luiza Qian, estagi\u00e1ria da Divis\u00e3o de Sa\u00fade Ocupacional.<\/p>\n\n\n\n<p><strong>Mais informa\u00e7\u00f5es e inscri\u00e7\u00f5es no site da Firjan:<\/strong>&nbsp;<a href=\"https:\/\/nam02.safelinks.protection.outlook.com\/?url=http%3A%2F%2Fwww.firjan.com.br%2Fprogramadeestagio&amp;data=05%7C01%7Cbrrodrigues%40firjan.com.br%7C07329684bb894917892108db052964a1%7Cd0c698d4e4ea4ee9a79df2d7a78399c8%7C0%7C0%7C638109447600021359%7CUnknown%7CTWFpbGZsb3d8eyJWIjoiMC4wLjAwMDAiLCJQIjoiV2luMzIiLCJBTiI6Ik1haWwiLCJXVCI6Mn0%3D%7C3000%7C%7C%7C&amp;sdata=R6BPKJsLVsdw9ZPrQ4uoZK6gOSgB1zGzRpbQj7%2BQDO4%3D&amp;reserved=0\" target=\"_blank\" rel=\"noreferrer noopener\">www.firjan.com.br\/programadeestagio<\/a>.<\/p>\n","protected":false},"excerpt":{"rendered":"<p>\u00a0As oportunidades s\u00e3o voltadas para 17 \u00e1reas de atua\u00e7\u00e3o e as inscri\u00e7\u00f5es v\u00e3o at\u00e9 o dia 10 de mar\u00e7o Vagas para estudantes de diversas \u00e1reas, em uma grande empresa com todas as \u00e1reas eleg\u00edveis, \u00e9 o que oferece o&nbsp;Programa de Est\u00e1gio da Firjan&nbsp;para alunos da \u00e1rea t\u00e9cnica e do ensino universit\u00e1rio.&nbsp;Com inscri\u00e7\u00f5es abertas at\u00e9 10\/03, [&hellip;]<\/p>\n","protected":false},"author":2,"featured_media":7442,"comment_status":"closed","ping_status":"closed","sticky":false,"template":"","format":"standard","meta":{"postBodyCss":"","postBodyMargin":[],"postBodyPadding":[],"postBodyBackground":{"backgroundType":"classic","gradient":""},"footnotes":""},"categories":[61,43],"tags":[198,194,75],"class_list":["post-7441","post","type-post","status-publish","format-standard","has-post-thumbnail","hentry","category-educacao","category-regiao","tag-cursos","tag-estagio","tag-firjan"],"aioseo_notices":[],"_links":{"self":[{"href":"https:\/\/aconteceemmacaeeregiao.com.br\/index.php\/wp-json\/wp\/v2\/posts\/7441","targetHints":{"allow":["GET"]}}],"collection":[{"href":"https:\/\/aconteceemmacaeeregiao.com.br\/index.php\/wp-json\/wp\/v2\/posts"}],"about":[{"href":"https:\/\/aconteceemmacaeeregiao.com.br\/index.php\/wp-json\/wp\/v2\/types\/post"}],"author":[{"embeddable":true,"href":"https:\/\/aconteceemmacaeeregiao.com.br\/index.php\/wp-json\/wp\/v2\/users\/2"}],"replies":[{"embeddable":true,"href":"https:\/\/aconteceemmacaeeregiao.com.br\/index.php\/wp-json\/wp\/v2\/comments?post=7441"}],"version-history":[{"count":0,"href":"https:\/\/aconteceemmacaeeregiao.com.br\/index.php\/wp-json\/wp\/v2\/posts\/7441\/revisions"}],"wp:featuredmedia":[{"embeddable":true,"href":"https:\/\/aconteceemmacaeeregiao.com.br\/index.php\/wp-json\/wp\/v2\/media\/7442"}],"wp:attachment":[{"href":"https:\/\/aconteceemmacaeeregiao.com.br\/index.php\/wp-json\/wp\/v2\/media?parent=7441"}],"wp:term":[{"taxonomy":"category","embeddable":true,"href":"https:\/\/aconteceemmacaeeregiao.com.br\/index.php\/wp-json\/wp\/v2\/categories?post=7441"},{"taxonomy":"post_tag","embeddable":true,"href":"https:\/\/aconteceemmacaeeregiao.com.br\/index.php\/wp-json\/wp\/v2\/tags?post=7441"}],"curies":[{"name":"wp","href":"https:\/\/api.w.org\/{rel}","templated":true}]}}