{"id":7538,"date":"2023-02-23T18:52:20","date_gmt":"2023-02-23T21:52:20","guid":{"rendered":"https:\/\/aconteceemmacaeeregiao.com.br\/?p=7538"},"modified":"2023-02-23T18:52:21","modified_gmt":"2023-02-23T21:52:21","slug":"macae-20-propoe-cidade-sustentavel-a-longo-prazo","status":"publish","type":"post","link":"https:\/\/aconteceemmacaeeregiao.com.br\/index.php\/2023\/02\/23\/macae-20-propoe-cidade-sustentavel-a-longo-prazo\/","title":{"rendered":"Maca\u00e9 + 20 prop\u00f5e cidade sustent\u00e1vel a longo prazo"},"content":{"rendered":"\n<p>O planejamento estrat\u00e9gico a longo prazo \u00e9 o principal objetivo do projeto Maca\u00e9 + 20, realizado pelo Escrit\u00f3rio de Gest\u00e3o, Indicadores e Metas (Egim), que estabelece uma proje\u00e7\u00e3o para os pr\u00f3ximos 20 anos. O material apresenta as propostas para o desenvolvimento da cidade, com a implementa\u00e7\u00e3o de um modelo de gest\u00e3o estrat\u00e9gica nos \u00f3rg\u00e3os da administra\u00e7\u00e3o direta e indireta da Prefeitura de Maca\u00e9, considerando o gerenciamento dos recursos e o alcance das metas planejadas. A ideia \u00e9 propor o crescimento ordenado e em sinergia com princ\u00edpios de uso sustent\u00e1vel e consciente para promover qualidade de vida \u00e0 popula\u00e7\u00e3o.<\/p>\n\n\n\n<p>De acordo com o gerente do Egim, R\u00f4mulo Campos, os novos tempos exigem que os gestores municipais alinhem a equipe de governo aos princ\u00edpios e compromissos do Executivo, constantes no Plano de Governo, na legisla\u00e7\u00e3o pertinente e no Plano Diretor, al\u00e9m de integr\u00e1-la aos Objetivos do Desenvolvimento Sustent\u00e1vel (ODS).<\/p>\n\n\n\n<blockquote class=\"wp-block-quote is-layout-flow wp-block-quote-is-layout-flow\">\n<p>\u201cA vis\u00e3o de curto prazo e a descontinuidade das a\u00e7\u00f5es configuram uma forma de a\u00e7\u00e3o que penaliza a sociedade porque impossibilita o alcance de resultados positivos, dificulta o aprendizado das experi\u00eancias passadas e sobrecarrega o sistema com constantes reinvestimentos em solu\u00e7\u00f5es que respondem, na maioria das vezes, de forma paliativa. \u00c9 nesse contexto que o Maca\u00e9 +20 se insere, dando continuidade e aprofundando o processo de reflex\u00e3o que vem se consolidando desde o in\u00edcio do governo\u201d, acrescenta R\u00f4mulo.<\/p>\n<\/blockquote>\n\n\n\n<p>Para implementar o Maca\u00e9 + 20 ser\u00e3o realizados f\u00f3runs com o objetivo de levantar propostas a partir da discuss\u00e3o e an\u00e1lise preliminar dos dados coletados na pesquisa te\u00f3rica e documental. Os f\u00f3runs ter\u00e3o participa\u00e7\u00e3o do corpo t\u00e9cnico e da sociedade civil organizada a respeito da cidade de Maca\u00e9 para os pr\u00f3ximos 20 anos.<\/p>\n\n\n\n<p>O projeto contar\u00e1 com as seguintes etapas: estrutura\u00e7\u00e3o da equipe de trabalho; desenvolvimento e consolida\u00e7\u00e3o de rotinas; elabora\u00e7\u00e3o do diagn\u00f3stico; elabora\u00e7\u00e3o de texto base para discuss\u00e3o em f\u00f3rum; semin\u00e1rio de apresenta\u00e7\u00e3o do diagn\u00f3stico; f\u00f3rum de elabora\u00e7\u00e3o de propostas (F\u00f3rum Maca\u00e9 +20); pesquisas on-line junto \u00e0 popula\u00e7\u00e3o; elabora\u00e7\u00e3o do texto final do Plano Estrat\u00e9gico Maca\u00e9 +20.<\/p>\n\n\n\n<p>As a\u00e7\u00f5es ser\u00e3o consolidadas em eixos estruturantes como: Economia para o Desenvolvimento Sustent\u00e1vel (local\/regional); Desenvolvimento Social e Direitos Humanos; Planejamento Urbano e Rural; Meio Ambiente, Sustentabilidade e Desastres Naturais; Cidade Inteligente; Tecnologia e Inova\u00e7\u00e3o.<\/p>\n\n\n\n<blockquote class=\"wp-block-quote is-layout-flow wp-block-quote-is-layout-flow\">\n<p>\u201cAs prefeituras brasileiras t\u00eam uma grande responsabilidade perante a sociedade, sendo indispens\u00e1vel alinhar todas as necessidades reais da popula\u00e7\u00e3o com o or\u00e7amento p\u00fablico, a capacidade t\u00e9cnica de seu corpo de servidores, dentre outros aspectos. Al\u00e9m disso, um dos principais compromissos de uma prefeitura \u00e9 o de promover o di\u00e1logo direto e comprometido com a popula\u00e7\u00e3o, por meio de transpar\u00eancia em todos os processos da gest\u00e3o municipal. O Maca\u00e9 + 20 busca subsidiar o planejamento de pol\u00edticas p\u00fablicas fundamentais para a administra\u00e7\u00e3o da cidade, e fazer de Maca\u00e9 uma cidade mais inteligente, equilibrada e justa para o mun\u00edcipe\u201d, acrescenta o gerente do Egim.<\/p>\n<\/blockquote>\n\n\n\n<p><em>Por Jornalista Tatiana Gama\/ Secom Pref. de Maca\u00e9<\/em><\/p>\n","protected":false},"excerpt":{"rendered":"<p>O planejamento estrat\u00e9gico a longo prazo \u00e9 o principal objetivo do projeto Maca\u00e9 + 20, realizado pelo Escrit\u00f3rio de Gest\u00e3o, Indicadores e Metas (Egim), que estabelece uma proje\u00e7\u00e3o para os pr\u00f3ximos 20 anos. O material apresenta as propostas para o desenvolvimento da cidade, com a implementa\u00e7\u00e3o de um modelo de gest\u00e3o estrat\u00e9gica nos \u00f3rg\u00e3os da [&hellip;]<\/p>\n","protected":false},"author":2,"featured_media":6761,"comment_status":"closed","ping_status":"closed","sticky":false,"template":"","format":"standard","meta":{"postBodyCss":"","postBodyMargin":[],"postBodyPadding":[],"postBodyBackground":{"backgroundType":"classic","gradient":""},"footnotes":""},"categories":[45,42,67],"tags":[175,89,304],"class_list":["post-7538","post","type-post","status-publish","format-standard","has-post-thumbnail","hentry","category-economia","category-macae","category-meio-ambiente","tag-desenvolvimento","tag-prefeitura","tag-sustentavel"],"aioseo_notices":[],"_links":{"self":[{"href":"https:\/\/aconteceemmacaeeregiao.com.br\/index.php\/wp-json\/wp\/v2\/posts\/7538","targetHints":{"allow":["GET"]}}],"collection":[{"href":"https:\/\/aconteceemmacaeeregiao.com.br\/index.php\/wp-json\/wp\/v2\/posts"}],"about":[{"href":"https:\/\/aconteceemmacaeeregiao.com.br\/index.php\/wp-json\/wp\/v2\/types\/post"}],"author":[{"embeddable":true,"href":"https:\/\/aconteceemmacaeeregiao.com.br\/index.php\/wp-json\/wp\/v2\/users\/2"}],"replies":[{"embeddable":true,"href":"https:\/\/aconteceemmacaeeregiao.com.br\/index.php\/wp-json\/wp\/v2\/comments?post=7538"}],"version-history":[{"count":0,"href":"https:\/\/aconteceemmacaeeregiao.com.br\/index.php\/wp-json\/wp\/v2\/posts\/7538\/revisions"}],"wp:featuredmedia":[{"embeddable":true,"href":"https:\/\/aconteceemmacaeeregiao.com.br\/index.php\/wp-json\/wp\/v2\/media\/6761"}],"wp:attachment":[{"href":"https:\/\/aconteceemmacaeeregiao.com.br\/index.php\/wp-json\/wp\/v2\/media?parent=7538"}],"wp:term":[{"taxonomy":"category","embeddable":true,"href":"https:\/\/aconteceemmacaeeregiao.com.br\/index.php\/wp-json\/wp\/v2\/categories?post=7538"},{"taxonomy":"post_tag","embeddable":true,"href":"https:\/\/aconteceemmacaeeregiao.com.br\/index.php\/wp-json\/wp\/v2\/tags?post=7538"}],"curies":[{"name":"wp","href":"https:\/\/api.w.org\/{rel}","templated":true}]}}