{"id":7540,"date":"2023-02-23T19:01:33","date_gmt":"2023-02-23T22:01:33","guid":{"rendered":"https:\/\/aconteceemmacaeeregiao.com.br\/?p=7540"},"modified":"2023-02-23T19:01:34","modified_gmt":"2023-02-23T22:01:34","slug":"sorriso-maroto-encerra-a-programacao-em-quissama-neste-domingo-26","status":"publish","type":"post","link":"https:\/\/aconteceemmacaeeregiao.com.br\/index.php\/2023\/02\/23\/sorriso-maroto-encerra-a-programacao-em-quissama-neste-domingo-26\/","title":{"rendered":"Sorriso Maroto encerra a programa\u00e7\u00e3o em Quissam\u00e3 neste domingo (26)"},"content":{"rendered":"\n<p><br>O \u00faltimo final de semana de programa\u00e7\u00e3o do ver\u00e3o Viver Quissa 2023 vai ser de muito pagode com o grupo Sorriso Maroto, no domingo (26).\u00a0 A Prefeitura de Quissam\u00e3, atrav\u00e9s da Secretaria de Cultura, Patrim\u00f4nio Hist\u00f3rico e Lazer, leva o show ao palco oficial, no S\u00edtio Quissam\u00e3, \u00e0s 22h. A banda criada h\u00e1 25 anos vai tocar e cantar com o p\u00fablico sucessos que marcam gera\u00e7\u00f5es.\u00a0Expectativa novamente de grande p\u00fablico, como tem sido tradicional durante toda programa\u00e7\u00e3o de ver\u00e3o e carnaval\u00a0no munic\u00edpio. O evento \u00e9 totalmente gratuito.<\/p>\n\n\n\n<p>O Sorriso Maroto surgiu em 1997 entre uma brincadeira de amigos. Bruno Cardoso (voz), Cris Oliveira (percuss\u00e3o e vocal), S\u00e9rgio Jr (viol\u00e3o e vocal), Vin\u00edcius Augusto (teclado e vocal) e Fred (percuss\u00e3o) decidiram se juntar em Graja\u00fa, no Rio de Janeiro, e de l\u00e1 para c\u00e1 n\u00e3o pararam de fazer sucesso em todo Brasil e no mundo.<\/p>\n\n\n\n<ul class=\"wp-block-list\">\n<li><a href=\"https:\/\/aconteceemmacaeeregiao.com.br\/?s=quissam%C3%A3\" title=\"\">Leia mais not\u00edcias de Quissam\u00e3<\/a><\/li>\n<\/ul>\n\n\n\n<p>O primeiro projeto do grupo ganhou Disco de Ouro e alcan\u00e7ou o topo das r\u00e1dios brasileiras com &#8220;Ainda Gosto de Voc\u00ea&#8221;. Em 2002, lan\u00e7ou o trabalho &#8220;Por Voc\u00ea&#8221;, que contou com seis faixas, presentes tamb\u00e9m no repert\u00f3rio do primeiro DVD, lan\u00e7ado dois anos depois. Sucesso de p\u00fablico, o &#8220;Por Voc\u00ea Ao Vivo&#8221;, de 2004, ficou entre os cinco primeiros lugares dos CDs brasileiros mais vendidos em S\u00e3o Paulo.<\/p>\n\n\n\n<p>A Secretaria Municipal de Cultura, Patrim\u00f4nio Hist\u00f3rico e Lazer preparou uma programa\u00e7\u00e3o especial para o ver\u00e3o, que conta com uma s\u00e9rie de shows gratuitos. Passaram por Quissam\u00e3\u00a0Leo Santana, L7nnon, Dennis DJ, Xande de Pilares, Ferrugem, entre outros. Diversas atividades esportivas e culturais, voltadas para todas as idades, tamb\u00e9m estiveram na agenda do Ver\u00e3o Viver Quissa 2023, com torneios, blocos, bois malhadinhos, matin\u00eas, apresenta\u00e7\u00f5es nas Casuarinas, Visgueiro, orla de Jo\u00e3o Francisco, Barra do Furado e Centro.\u00a0\u00a0<\/p>\n\n\n\n<p><em>Por Secom Pref. de Quissam\u00e3<\/em><\/p>\n","protected":false},"excerpt":{"rendered":"<p>O \u00faltimo final de semana de programa\u00e7\u00e3o do ver\u00e3o Viver Quissa 2023 vai ser de muito pagode com o grupo Sorriso Maroto, no domingo (26).\u00a0 A Prefeitura de Quissam\u00e3, atrav\u00e9s da Secretaria de Cultura, Patrim\u00f4nio Hist\u00f3rico e Lazer, leva o show ao palco oficial, no S\u00edtio Quissam\u00e3, \u00e0s 22h. A banda criada h\u00e1 25 anos [&hellip;]<\/p>\n","protected":false},"author":2,"featured_media":7541,"comment_status":"closed","ping_status":"closed","sticky":false,"template":"","format":"standard","meta":{"postBodyCss":"","postBodyMargin":[],"postBodyPadding":[],"postBodyBackground":{"backgroundType":"classic","gradient":""},"footnotes":""},"categories":[46,200,50,43],"tags":[90],"class_list":["post-7540","post","type-post","status-publish","format-standard","has-post-thumbnail","hentry","category-diversao","category-evento","category-quissama","category-regiao","tag-shows"],"aioseo_notices":[],"_links":{"self":[{"href":"https:\/\/aconteceemmacaeeregiao.com.br\/index.php\/wp-json\/wp\/v2\/posts\/7540","targetHints":{"allow":["GET"]}}],"collection":[{"href":"https:\/\/aconteceemmacaeeregiao.com.br\/index.php\/wp-json\/wp\/v2\/posts"}],"about":[{"href":"https:\/\/aconteceemmacaeeregiao.com.br\/index.php\/wp-json\/wp\/v2\/types\/post"}],"author":[{"embeddable":true,"href":"https:\/\/aconteceemmacaeeregiao.com.br\/index.php\/wp-json\/wp\/v2\/users\/2"}],"replies":[{"embeddable":true,"href":"https:\/\/aconteceemmacaeeregiao.com.br\/index.php\/wp-json\/wp\/v2\/comments?post=7540"}],"version-history":[{"count":0,"href":"https:\/\/aconteceemmacaeeregiao.com.br\/index.php\/wp-json\/wp\/v2\/posts\/7540\/revisions"}],"wp:featuredmedia":[{"embeddable":true,"href":"https:\/\/aconteceemmacaeeregiao.com.br\/index.php\/wp-json\/wp\/v2\/media\/7541"}],"wp:attachment":[{"href":"https:\/\/aconteceemmacaeeregiao.com.br\/index.php\/wp-json\/wp\/v2\/media?parent=7540"}],"wp:term":[{"taxonomy":"category","embeddable":true,"href":"https:\/\/aconteceemmacaeeregiao.com.br\/index.php\/wp-json\/wp\/v2\/categories?post=7540"},{"taxonomy":"post_tag","embeddable":true,"href":"https:\/\/aconteceemmacaeeregiao.com.br\/index.php\/wp-json\/wp\/v2\/tags?post=7540"}],"curies":[{"name":"wp","href":"https:\/\/api.w.org\/{rel}","templated":true}]}}