{"id":7543,"date":"2023-02-23T19:17:01","date_gmt":"2023-02-23T22:17:01","guid":{"rendered":"https:\/\/aconteceemmacaeeregiao.com.br\/?p=7543"},"modified":"2023-02-23T19:17:02","modified_gmt":"2023-02-23T22:17:02","slug":"foragido-da-justica-de-nova-iguacu-e-preso-em-cabo-frio","status":"publish","type":"post","link":"https:\/\/aconteceemmacaeeregiao.com.br\/index.php\/2023\/02\/23\/foragido-da-justica-de-nova-iguacu-e-preso-em-cabo-frio\/","title":{"rendered":"Foragido da Justi\u00e7a de Nova Igua\u00e7u \u00e9 preso em Cabo Frio"},"content":{"rendered":"\n<p><em><strong>Foragido da Justi\u00e7a de Nova Igua\u00e7u \u00e9 preso em Cabo Frio<\/strong><\/em><\/p>\n\n\n\n<p>A Pol\u00edcia Militar prendeu, na noite desta quarta-feira (22), um homem considerado foragido da Justi\u00e7a de Nova Igua\u00e7u. O criminoso foi capturado em Cabo Frio.<\/p>\n\n\n\n<p>De acordo com a ocorr\u00eancia, os agentes receberam informa\u00e7\u00f5es pelo Disque Den\u00fancia sobre o paradeiro do acusado. Em dilig\u00eancia na Rua das Casuarinas, no bairro Unamar, no distrito de Tamoios, o criminoso, identificado como A.H.N., de 44 anos, foi localizado.<\/p>\n\n\n\n<p>Contra o elemento havia um mandado de pris\u00e3o em aberto, expedido pela Comarca de Nova Igua\u00e7u. Ele foi encaminhado para a 126\u00aa Delegacia de Pol\u00edcia (126\u00aa DP), onde permanece preso \u00e0 disposi\u00e7\u00e3o da Justi\u00e7a.<\/p>\n\n\n\n<p><em>Por Renata Cristiane\/ O Dia<\/em><\/p>\n","protected":false},"excerpt":{"rendered":"<p>Foragido da Justi\u00e7a de Nova Igua\u00e7u \u00e9 preso em Cabo Frio A Pol\u00edcia Militar prendeu, na noite desta quarta-feira (22), um homem considerado foragido da Justi\u00e7a de Nova Igua\u00e7u. O criminoso foi capturado em Cabo Frio. De acordo com a ocorr\u00eancia, os agentes receberam informa\u00e7\u00f5es pelo Disque Den\u00fancia sobre o paradeiro do acusado. Em dilig\u00eancia [&hellip;]<\/p>\n","protected":false},"author":2,"featured_media":7544,"comment_status":"closed","ping_status":"closed","sticky":false,"template":"","format":"standard","meta":{"postBodyCss":"","postBodyMargin":[],"postBodyPadding":[],"postBodyBackground":{"backgroundType":"classic","gradient":""},"footnotes":""},"categories":[155,47,43],"tags":[307,305,306,100],"class_list":["post-7543","post","type-post","status-publish","format-standard","has-post-thumbnail","hentry","category-cabo-frio","category-ocorrencias","category-regiao","tag-126-dp","tag-nova-iguacu","tag-policia-militar","tag-prisao"],"aioseo_notices":[],"_links":{"self":[{"href":"https:\/\/aconteceemmacaeeregiao.com.br\/index.php\/wp-json\/wp\/v2\/posts\/7543","targetHints":{"allow":["GET"]}}],"collection":[{"href":"https:\/\/aconteceemmacaeeregiao.com.br\/index.php\/wp-json\/wp\/v2\/posts"}],"about":[{"href":"https:\/\/aconteceemmacaeeregiao.com.br\/index.php\/wp-json\/wp\/v2\/types\/post"}],"author":[{"embeddable":true,"href":"https:\/\/aconteceemmacaeeregiao.com.br\/index.php\/wp-json\/wp\/v2\/users\/2"}],"replies":[{"embeddable":true,"href":"https:\/\/aconteceemmacaeeregiao.com.br\/index.php\/wp-json\/wp\/v2\/comments?post=7543"}],"version-history":[{"count":0,"href":"https:\/\/aconteceemmacaeeregiao.com.br\/index.php\/wp-json\/wp\/v2\/posts\/7543\/revisions"}],"wp:featuredmedia":[{"embeddable":true,"href":"https:\/\/aconteceemmacaeeregiao.com.br\/index.php\/wp-json\/wp\/v2\/media\/7544"}],"wp:attachment":[{"href":"https:\/\/aconteceemmacaeeregiao.com.br\/index.php\/wp-json\/wp\/v2\/media?parent=7543"}],"wp:term":[{"taxonomy":"category","embeddable":true,"href":"https:\/\/aconteceemmacaeeregiao.com.br\/index.php\/wp-json\/wp\/v2\/categories?post=7543"},{"taxonomy":"post_tag","embeddable":true,"href":"https:\/\/aconteceemmacaeeregiao.com.br\/index.php\/wp-json\/wp\/v2\/tags?post=7543"}],"curies":[{"name":"wp","href":"https:\/\/api.w.org\/{rel}","templated":true}]}}