{"id":7546,"date":"2023-02-23T20:12:55","date_gmt":"2023-02-23T23:12:55","guid":{"rendered":"https:\/\/aconteceemmacaeeregiao.com.br\/?p=7546"},"modified":"2023-02-23T20:12:56","modified_gmt":"2023-02-23T23:12:56","slug":"projeto-verao-tonorio-chega-a-cabo-frio","status":"publish","type":"post","link":"https:\/\/aconteceemmacaeeregiao.com.br\/index.php\/2023\/02\/23\/projeto-verao-tonorio-chega-a-cabo-frio\/","title":{"rendered":"Projeto &#8220;Ver\u00e3o #t\u00f4noRio&#8221; chega a Cabo Frio"},"content":{"rendered":"\n<p><em>Praia do Forte contar\u00e1 com estande instagram\u00e1vel e van do Artesanato, durante todo o fim de semana. A cidade recebe o projeto, no cl\u00edmax da alta temporada<br><\/em><br>Finalizando a temporada do Projeto &#8220;Ver\u00e3o #t\u00f4noRio&#8221;, no per\u00edodo de Carnaval, Cabo Frio recebe nesta quinta-feira (23\/2) o estande instagram\u00e1vel da Secretaria de Estado de Turismo (Setur-RJ\/TurisRio) para um fim de semana repleto de atividades, no cl\u00edmax da alta temporada. A a\u00e7\u00e3o estar\u00e1 na orla da Praia do Forte, onde os moradores e turistas poder\u00e3o aproveitar o estande. A visita\u00e7\u00e3o pode ser feita, gratuitamente, de quinta a s\u00e1bado, das 16h \u00e0s 22h e domingo, das 14h \u00e0s 20h.<\/p>\n\n\n\n<p>A van do Artesanato, loja itinerante que exp\u00f5e pe\u00e7as de artes\u00e3os da cidade e regi\u00e3o, tamb\u00e9m estar\u00e1 no local at\u00e9 s\u00e1bado (25), apresentando os trabalhos dos art\u00edfices. A iniciativa do Programa de Artesanato do Estado do Rio de Janeiro, coordenado pela Setur-RJ\/TurisRio, tem como objetivo fomentar a atividade geradora de renda e desenvolvimento regional.<\/p>\n\n\n\n<p>\u2013 O projeto &#8220;Ver\u00e3o #t\u00f4noRio&#8221; \u00e9 um sucesso em todas as cidades por onde passa. Neste per\u00edodo, considerado auge da alta temporada, os turistas poder\u00e3o curtir o bel\u00edssimo estande instagram\u00e1vel em Cabo Frio, cidade de forte apelo tur\u00edstico devido \u00e0s belezas naturais e praias paradis\u00edacas. O p\u00fablico vai conferir as in\u00fameras possibilidades das regi\u00f5es tur\u00edsticas do RJ, al\u00e9m de assistir aos shows musicais e tirar uma linda foto nos pain\u00e9is do estande \u2013 explica o secret\u00e1rio de estado de Turismo, Gustavo Tutuca.<\/p>\n\n\n\n<p>O estande contar\u00e1 ainda com espa\u00e7o a c\u00e9u aberto, al\u00e9m de um balc\u00e3o de informa\u00e7\u00f5es tur\u00edsticas, onde \u00e9 poss\u00edvel conhecer mais sobre as 12 regi\u00f5es tur\u00edsticas, que comp\u00f5em o RJ. Durante a a\u00e7\u00e3o, haver\u00e1 atra\u00e7\u00f5es musicais gratuitas, com a participa\u00e7\u00e3o de artistas da regi\u00e3o (Confira abaixo).<\/p>\n\n\n\n<p><strong>Cidades litor\u00e2neas contempladas<br><\/strong><br>A iniciativa fomenta a atividade tur\u00edstica, al\u00e9m da capital, nos munic\u00edpios litor\u00e2neos do estado, durante a esta\u00e7\u00e3o mais quente do ano. A a\u00e7\u00e3o j\u00e1 esteve em Paraty, Angra dos Reis e Mangaratiba, na Costa Verde, Saquarema e Arraial do Cabo, na Costa do Sol.<\/p>\n\n\n\n<p>Na cidade do Rio de Janeiro, o projeto segue na Praia de Copacabana at\u00e9 o dia 19 de mar\u00e7o. O estande instagram\u00e1vel, na altura do posto 4, est\u00e1 recebendo, neste fim de semana, a participa\u00e7\u00e3o dos munic\u00edpios Itatiaia e Trajano de Moraes, de quinta a domingo, apresentando panfletos dos atrativos tur\u00edsticos na parte destinada \u00e0s informa\u00e7\u00f5es tur\u00edsticas.<\/p>\n\n\n\n<p><strong>Servi\u00e7o:<\/strong><\/p>\n\n\n\n<p>#t\u00f4noRio Cabo Frio<br>Local: Cabo Frio<br>Per\u00edodo: 23\/2 a 26\/2<br>Hor\u00e1rio da a\u00e7\u00e3o: quinta a s\u00e1bado, das 16h \u00e0s 22h, domingo, das 14h \u00e0s 20h.<br>Shows musicais: quinta a s\u00e1bado, a partir das 20h e domingo, a partir das 18h.<br>Atra\u00e7\u00f5es musicais:<br>Quinta (23\/2) \u2013 Zozimo \u2013 20h<br>Sexta (24\/2) \u2013 Nega Mari \u2013 20h<br>S\u00e1bado (25\/2) \u2013 Deivinho \u2013 20h<br>Domingo (26\/2) \u2013 Rubinho \u2013 18h<br>Van do Artesanato: quinta a s\u00e1bado, das 16h \u00e0s 22h.<\/p>\n\n\n\n<p><em>Por Ascom Setur\/TurisRio<\/em><\/p>\n","protected":false},"excerpt":{"rendered":"<p>Praia do Forte contar\u00e1 com estande instagram\u00e1vel e van do Artesanato, durante todo o fim de semana. A cidade recebe o projeto, no cl\u00edmax da alta temporadaFinalizando a temporada do Projeto &#8220;Ver\u00e3o #t\u00f4noRio&#8221;, no per\u00edodo de Carnaval, Cabo Frio recebe nesta quinta-feira (23\/2) o estande instagram\u00e1vel da Secretaria de Estado de Turismo (Setur-RJ\/TurisRio) para um [&hellip;]<\/p>\n","protected":false},"author":2,"featured_media":7553,"comment_status":"closed","ping_status":"closed","sticky":false,"template":"","format":"standard","meta":{"postBodyCss":"","postBodyMargin":[],"postBodyPadding":[],"postBodyBackground":{"backgroundType":"classic","gradient":""},"footnotes":""},"categories":[155,46,43],"tags":[125],"class_list":["post-7546","post","type-post","status-publish","format-standard","has-post-thumbnail","hentry","category-cabo-frio","category-diversao","category-regiao","tag-verao"],"aioseo_notices":[],"_links":{"self":[{"href":"https:\/\/aconteceemmacaeeregiao.com.br\/index.php\/wp-json\/wp\/v2\/posts\/7546","targetHints":{"allow":["GET"]}}],"collection":[{"href":"https:\/\/aconteceemmacaeeregiao.com.br\/index.php\/wp-json\/wp\/v2\/posts"}],"about":[{"href":"https:\/\/aconteceemmacaeeregiao.com.br\/index.php\/wp-json\/wp\/v2\/types\/post"}],"author":[{"embeddable":true,"href":"https:\/\/aconteceemmacaeeregiao.com.br\/index.php\/wp-json\/wp\/v2\/users\/2"}],"replies":[{"embeddable":true,"href":"https:\/\/aconteceemmacaeeregiao.com.br\/index.php\/wp-json\/wp\/v2\/comments?post=7546"}],"version-history":[{"count":0,"href":"https:\/\/aconteceemmacaeeregiao.com.br\/index.php\/wp-json\/wp\/v2\/posts\/7546\/revisions"}],"wp:featuredmedia":[{"embeddable":true,"href":"https:\/\/aconteceemmacaeeregiao.com.br\/index.php\/wp-json\/wp\/v2\/media\/7553"}],"wp:attachment":[{"href":"https:\/\/aconteceemmacaeeregiao.com.br\/index.php\/wp-json\/wp\/v2\/media?parent=7546"}],"wp:term":[{"taxonomy":"category","embeddable":true,"href":"https:\/\/aconteceemmacaeeregiao.com.br\/index.php\/wp-json\/wp\/v2\/categories?post=7546"},{"taxonomy":"post_tag","embeddable":true,"href":"https:\/\/aconteceemmacaeeregiao.com.br\/index.php\/wp-json\/wp\/v2\/tags?post=7546"}],"curies":[{"name":"wp","href":"https:\/\/api.w.org\/{rel}","templated":true}]}}