{"id":7578,"date":"2023-02-24T19:56:17","date_gmt":"2023-02-24T22:56:17","guid":{"rendered":"https:\/\/aconteceemmacaeeregiao.com.br\/?p=7578"},"modified":"2023-02-24T19:56:18","modified_gmt":"2023-02-24T22:56:18","slug":"cabo-frio-sedia-primeira-etapa-do-circuito-rei-e-rainha-do-mar-2023","status":"publish","type":"post","link":"https:\/\/aconteceemmacaeeregiao.com.br\/index.php\/2023\/02\/24\/cabo-frio-sedia-primeira-etapa-do-circuito-rei-e-rainha-do-mar-2023\/","title":{"rendered":"Cabo Frio sedia primeira etapa do <strong>Circuito Rei e Rainha do Mar 2023<\/strong>\u00a0"},"content":{"rendered":"\n<p><em><strong>Provas acontecem dia 05 de mar\u00e7o, na praia do Per\u00f3,<\/strong> <strong>com expectativa de reunir 1.500 participantes<\/strong><\/em><\/p>\n\n\n\n<p>Fevereiro n\u00e3o \u00e9 s\u00f3 Carnaval! \u00c9 tempo de se preparar e se organizar para o Circuito Rei e Rainha do Mar, que acontece em Cabo Frio no dia 05 de mar\u00e7o (domingo), na Praia do Per\u00f3. A cidade ser\u00e1 cen\u00e1rio da primeira etapa de 2023 da concorrida e querida competi\u00e7\u00e3o!<\/p>\n\n\n\n<p>Maior festival de \u00e1guas abertas e esportes de praia do Brasil, o Rei e Rainha do Mar promete um dia dedicado ao esporte na praia do Per\u00f3. A expectativa dos organizadores \u00e9 de que a competi\u00e7\u00e3o re\u00fana cerca de 1.500 participantes, levando em conta a edi\u00e7\u00e3o de 2021 (em 2002, a etapa foi cancelada por conta das condi\u00e7\u00f5es meteorol\u00f3gicas). &#8220;S\u00e3o n\u00fameros muito importantes para nossa economia e para nosso turismo, al\u00e9m de uma excelente maneira de apresentar a cidade e suas belezas para os visitantes&#8221;, comenta a presidente do Cabo Frio Convention &amp; Visitors Bureau, Maria In\u00eas Oliveros.&nbsp;<\/p>\n\n\n\n<p>Nata\u00e7\u00e3o no mar, corrida na areia, biathlon (nata\u00e7\u00e3o e corrida) e kids est\u00e3o na programa\u00e7\u00e3o do evento. Entre as op\u00e7\u00f5es de nata\u00e7\u00e3o, est\u00e3o as provas Open 500M (para atletas a partir de 11 anos de idade), Sprint 1K, Classic 2K, e Challenge 4K. Para corrida e caminhada, a Beach Run oferece provas de 2K e 5K, e somando as duas modalidades, a Beach Biathlon conta com 1K de nata\u00e7\u00e3o no mar e 2K de corrida na areia. A modalidade Beach &amp; Trail Run est\u00e1 confirmada mais uma vez com percurso de 8K.<\/p>\n\n\n\n<p>Para quem n\u00e3o participou da edi\u00e7\u00e3o Rei e Rainha do Mar Cabo Frio 2021, saiba que o lugar reserva percursos com lindos cen\u00e1rios da orla cabo-friense, como a volta no Morro do Vigia, para os nadadores das provas Classic e Challenge, e as dunas cabofrienses para os corredores da Trail Run.<\/p>\n\n\n<div class=\"wp-block-image\">\n<figure class=\"aligncenter size-large\"><img fetchpriority=\"high\" decoding=\"async\" width=\"1024\" height=\"683\" src=\"https:\/\/aconteceemmacaeeregiao.com.br\/wp-content\/uploads\/2023\/02\/RRM_cabo_frio-3229-1024x683.jpg\" alt=\"\" class=\"wp-image-7579\" srcset=\"https:\/\/aconteceemmacaeeregiao.com.br\/wp-content\/uploads\/2023\/02\/RRM_cabo_frio-3229-1024x683.jpg 1024w, https:\/\/aconteceemmacaeeregiao.com.br\/wp-content\/uploads\/2023\/02\/RRM_cabo_frio-3229-300x200.jpg 300w, https:\/\/aconteceemmacaeeregiao.com.br\/wp-content\/uploads\/2023\/02\/RRM_cabo_frio-3229-768x512.jpg 768w, https:\/\/aconteceemmacaeeregiao.com.br\/wp-content\/uploads\/2023\/02\/RRM_cabo_frio-3229-1536x1024.jpg 1536w, https:\/\/aconteceemmacaeeregiao.com.br\/wp-content\/uploads\/2023\/02\/RRM_cabo_frio-3229-1200x800.jpg 1200w, https:\/\/aconteceemmacaeeregiao.com.br\/wp-content\/uploads\/2023\/02\/RRM_cabo_frio-3229.jpg 2048w\" sizes=\"(max-width: 1024px) 100vw, 1024px\" \/><\/figure>\n<\/div>\n\n\n<p>&nbsp;&#8220;O Per\u00f3 \u00e9 um local muito especial n\u00e3o s\u00f3 por sua beleza, \u00e9 um verdadeiro santu\u00e1rio natural com certifica\u00e7\u00e3o Bandeira Azul, selo internacional de qualidade ambiental dedicada ao reconhecimento da gest\u00e3o sustent\u00e1vel do local. Acreditamos que o esporte outdoor tem um papel importante na aproxima\u00e7\u00e3o das pessoas com os temas ambientais. Estamos ansiosos para encontrar atletas e fam\u00edlias inteiras participando da etapa em Cabo Frio 2023&#8221;, salienta o CEO da Effect Sport, Pedro Rego Monteiro.<\/p>\n\n\n\n<p><strong>Onde ficar<\/strong><\/p>\n\n\n\n<p>Op\u00e7\u00f5es n\u00e3o faltam na hora de escolher onde se hospedar para participar do Rei e Rainha do Mar em Cabo Frio. Confira as melhores dicas:<\/p>\n\n\n\n<p><strong><em>Bairros do Per\u00f3 &amp; Ogiva<\/em><\/strong><\/p>\n\n\n\n<p>. Paradiso Per\u00f3 \u2013 na orla, fica a poucos do local onde acontecem as competi\u00e7\u00f5es<\/p>\n\n\n\n<p>Instagram: @paradisopero<\/p>\n\n\n\n<p>. Porto Veleiro \u2013 fica no bairro da Ogiva, vizinho \u00e0 Praia do Per\u00f3<\/p>\n\n\n\n<p>Site:&nbsp;<a href=\"http:\/\/portoveleiro.com.br\/\" target=\"_blank\" rel=\"noreferrer noopener\">portoveleiro.com.br<\/a><\/p>\n\n\n\n<p>Instagram: @portoveleirocabofrio<\/p>\n\n\n\n<p><strong><em>Bairro da Passagem \u2013 a cerca de 9km do Per\u00f3:&nbsp;<\/em><\/strong><\/p>\n\n\n\n<p>Hotel Boutique Recanto da Passagem<\/p>\n\n\n\n<p>Site:&nbsp;<a href=\"http:\/\/www.hotelboutiquerp.com.br\/\" target=\"_blank\" rel=\"noreferrer noopener\">www.hotelboutiquerp.com.br<\/a><\/p>\n\n\n\n<p>Instagram: @hotelboutoquerp<\/p>\n\n\n\n<p>Passagem Concept Hotel e Spa<\/p>\n\n\n\n<p>Site:&nbsp;<a href=\"http:\/\/www.passagemconcept.com\/\" target=\"_blank\" rel=\"noreferrer noopener\">www.passagemconcept.com<\/a><\/p>\n\n\n\n<p>Instagram: @passagemconcept<\/p>\n\n\n\n<p>Hotel Premium Recanto da Passagem<\/p>\n\n\n\n<p>Site:&nbsp;<a href=\"http:\/\/www.hotelpremiumrp.com.br\/\" target=\"_blank\" rel=\"noreferrer noopener\">www.hotelpremiumrp.com.br<\/a><\/p>\n\n\n\n<p>Instagram: @hotelpremiumrp<\/p>\n\n\n\n<p>Paradiso Del Sol<\/p>\n\n\n\n<p>Site: www.&nbsp;<a href=\"http:\/\/hotelparadisodelsol.com.br\/\" target=\"_blank\" rel=\"noreferrer noopener\">Hotelparadisodelsol.com.br<\/a><\/p>\n\n\n\n<p>Instagram: @hotelparadisodelsol<\/p>\n\n\n\n<p><strong><em>Praia do Forte: a cerca de 8km da Praia do Per\u00f3<\/em><\/strong><\/p>\n\n\n\n<p>Hotel Nova Onda<\/p>\n\n\n\n<p>Instagram: @novaondahotel<\/p>\n\n\n\n<p>Hotel Marlen<\/p>\n\n\n\n<p>Site:&nbsp;<a href=\"http:\/\/www.hotelmarlen.com.br\/\" target=\"_blank\" rel=\"noreferrer noopener\">www.hotelmarlen.com.br<\/a><\/p>\n\n\n\n<p>Instagram: @hotelmarlencf<\/p>\n\n\n\n<p>Porto Pr\u00edncipe<\/p>\n\n\n\n<p>Site:&nbsp;<a href=\"http:\/\/www.portoprincipe.com.br\/\" target=\"_blank\" rel=\"noreferrer noopener\">www.portoprincipe.com.br<\/a><\/p>\n\n\n\n<p>Instagram: @porto.principe<\/p>\n\n\n\n<p>Pousada Brisa do Forte<\/p>\n\n\n\n<p>Instagram: @pousadabrisadoforte<\/p>\n\n\n\n<p>Pousada Ondas do Forte<\/p>\n\n\n\n<p>Instagram: @pousadaondasdoforte<\/p>\n\n\n\n<p><em>Por Gracie Croce\/ Secom<\/em><\/p>\n","protected":false},"excerpt":{"rendered":"<p>Provas acontecem dia 05 de mar\u00e7o, na praia do Per\u00f3, com expectativa de reunir 1.500 participantes Fevereiro n\u00e3o \u00e9 s\u00f3 Carnaval! \u00c9 tempo de se preparar e se organizar para o Circuito Rei e Rainha do Mar, que acontece em Cabo Frio no dia 05 de mar\u00e7o (domingo), na Praia do Per\u00f3. A cidade ser\u00e1 [&hellip;]<\/p>\n","protected":false},"author":2,"featured_media":7580,"comment_status":"closed","ping_status":"closed","sticky":false,"template":"","format":"standard","meta":{"postBodyCss":"","postBodyMargin":[],"postBodyPadding":[],"postBodyBackground":{"backgroundType":"classic","gradient":""},"footnotes":""},"categories":[155,6,43],"tags":[311,312,225],"class_list":["post-7578","post","type-post","status-publish","format-standard","has-post-thumbnail","hentry","category-cabo-frio","category-esporte","category-regiao","tag-competicao","tag-triatlo","tag-turismo"],"aioseo_notices":[],"_links":{"self":[{"href":"https:\/\/aconteceemmacaeeregiao.com.br\/index.php\/wp-json\/wp\/v2\/posts\/7578","targetHints":{"allow":["GET"]}}],"collection":[{"href":"https:\/\/aconteceemmacaeeregiao.com.br\/index.php\/wp-json\/wp\/v2\/posts"}],"about":[{"href":"https:\/\/aconteceemmacaeeregiao.com.br\/index.php\/wp-json\/wp\/v2\/types\/post"}],"author":[{"embeddable":true,"href":"https:\/\/aconteceemmacaeeregiao.com.br\/index.php\/wp-json\/wp\/v2\/users\/2"}],"replies":[{"embeddable":true,"href":"https:\/\/aconteceemmacaeeregiao.com.br\/index.php\/wp-json\/wp\/v2\/comments?post=7578"}],"version-history":[{"count":0,"href":"https:\/\/aconteceemmacaeeregiao.com.br\/index.php\/wp-json\/wp\/v2\/posts\/7578\/revisions"}],"wp:featuredmedia":[{"embeddable":true,"href":"https:\/\/aconteceemmacaeeregiao.com.br\/index.php\/wp-json\/wp\/v2\/media\/7580"}],"wp:attachment":[{"href":"https:\/\/aconteceemmacaeeregiao.com.br\/index.php\/wp-json\/wp\/v2\/media?parent=7578"}],"wp:term":[{"taxonomy":"category","embeddable":true,"href":"https:\/\/aconteceemmacaeeregiao.com.br\/index.php\/wp-json\/wp\/v2\/categories?post=7578"},{"taxonomy":"post_tag","embeddable":true,"href":"https:\/\/aconteceemmacaeeregiao.com.br\/index.php\/wp-json\/wp\/v2\/tags?post=7578"}],"curies":[{"name":"wp","href":"https:\/\/api.w.org\/{rel}","templated":true}]}}