{"id":7582,"date":"2023-02-24T20:14:46","date_gmt":"2023-02-24T23:14:46","guid":{"rendered":"https:\/\/aconteceemmacaeeregiao.com.br\/?p=7582"},"modified":"2023-02-24T20:14:47","modified_gmt":"2023-02-24T23:14:47","slug":"arteris-divulga-80-vagas-de-emprego-em-concessionarias-de-rodovias","status":"publish","type":"post","link":"https:\/\/aconteceemmacaeeregiao.com.br\/index.php\/2023\/02\/24\/arteris-divulga-80-vagas-de-emprego-em-concessionarias-de-rodovias\/","title":{"rendered":"Arteris divulga 80 vagas de emprego em concession\u00e1rias de rodovias"},"content":{"rendered":"\n<p><em><strong>Entre as oportunidades est\u00e3o 15 vagas para o novo programa Jovens Profissionais &#8211; que teve as inscri\u00e7\u00f5es prorrogadas at\u00e9 10 de mar\u00e7o<\/strong><\/em><\/p>\n\n\n\n<p><strong>S\u00e3o Paulo, 24 de fevereiro &#8211;&nbsp;<\/strong>A Arteris est\u00e1 com vagas abertas para atua\u00e7\u00e3o nos estados de S\u00e3o Paulo, Minas Gerais, Rio de Janeiro, Santa Catarina e Paran\u00e1. Ao todo, s\u00e3o 84 oportunidades nas sedes administrativas e nas atividades operacionais nas rodovias, sendo 15 delas destinadas ao Programa Jovens Profissionais, que busca atrair novos formados em diferentes \u00e1reas de atua\u00e7\u00e3o. Todas as inscri\u00e7\u00f5es devem ser realizadas pelo site&nbsp;<a href=\"http:\/\/www.bizut.com.br\/paginas\/arteris\" target=\"_blank\" rel=\"noreferrer noopener\">www.bizut.com.br\/paginas\/arteris<\/a>.<\/p>\n\n\n\n<p>Em&nbsp;<strong>S\u00e3o Paulo (SP)<\/strong>, os processos abertos s\u00e3o para Analista de Planejamento F\u00edsico, Gerente de Desempenho de Projetos,&nbsp;Analista de Seguros, Analista de Gest\u00e3o de Obras, Analista de Controladoria e programa Jovem Profissional para rec\u00e9m-formados.<\/p>\n\n\n\n<p>H\u00e1 oportunidades em&nbsp;<strong>Ribeir\u00e3o Preto (SP)<\/strong>&nbsp;para Estagi\u00e1rio(a), programa Jovem Profissional para rec\u00e9m-formados, Operador(a) de&nbsp;Centro de Controle de Arrecada\u00e7\u00e3o (PCD), Especialista Tribut\u00e1rio, Operador(a) de Service Desk, T\u00e9cnico(a) de Manuten\u00e7\u00e3o, Operador(a) de Guincho Pesado,&nbsp;Analista Cont\u00e1bil,&nbsp;Arquiteto de Solu\u00e7\u00f5es, Analista de&nbsp;<em>Business<\/em>&nbsp;<em>Inteligence<\/em>, Analista de Engenharia e Assistente de Pessoal.<\/p>\n\n\n\n<p>Em&nbsp;<strong>S\u00e3o Carlos (SP)<\/strong>,<strong>&nbsp;Prat\u00e2nia (SP), Restinga (SP), S\u00e3o Louren\u00e7o da Serra (SP), Ita\u00ed (SP) e Coronel Macedo (SP)&nbsp;<\/strong>as vagas s\u00e3o para Operador(a) de Ped\u00e1gio.&nbsp;<\/p>\n\n\n\n<p>Em&nbsp;<strong>Atibaia (SP)<\/strong>, h\u00e1 vaga para Inspetor(a) de Fiscaliza\u00e7\u00e3o, programa Jovem Profissional para rec\u00e9m-formados e Auxiliar de Topografia. J\u00e1 em&nbsp;<strong>Barra Bonita (SP)<\/strong>, h\u00e1 oportunidade para Estagi\u00e1rio(a), Analista de Engenharia, programa Jovem Profissional para rec\u00e9m-formados e T\u00e9cnico(a) de Manuten\u00e7\u00e3o. Em&nbsp;<strong>Registro (SP)<\/strong>, a oportunidade \u00e9 Assistente T\u00e9cnico(a) e T\u00e9cnico(a) de Seguran\u00e7a do Trabalho.<\/p>\n\n\n\n<p>A Arteris oferece ainda oportunidades em\u00a0<strong>Araras (SP)<\/strong>\u00a0para o programa Jovem Profissional para rec\u00e9m-formados e T\u00e9cnico(a) em Seguran\u00e7a do Trabalho em\u00a0<strong>Bragan\u00e7a Paulista (SP)<\/strong>. Em\u00a0<strong>Miracatu (SP) e S\u00e3o Sim\u00e3o (SP)<\/strong>, h\u00e1 vaga para Operador(a) de Guincho Pesado.<\/p>\n\n\n\n<ul class=\"wp-block-list\">\n<li><a href=\"https:\/\/aconteceemmacaeeregiao.com.br\/index.php\/2023\/02\/24\/instituto-abre-vagas-para-macae-rio-de-janeiro-e-sao-paulo\/\">Instituto abre vagas para Maca\u00e9, Rio de Janeiro e S\u00e3o Paulo<\/a><\/li>\n<\/ul>\n\n\n\n<p><\/p>\n\n\n\n<p><strong>Minas Gerais e Rio de Janeiro\u00a0<\/strong><\/p>\n\n\n\n<p>No estado de Minas Gerais, a Arteris possui vagas para Estagi\u00e1rio(a), Analista de Comunica\u00e7\u00e3o, Auxiliar de Laborat\u00f3rio, programa Jovem Profissional para rec\u00e9m-formados, Motorista de Caminh\u00e3o e Rasteleiro(a) em&nbsp;<strong>Pouso Alegre (MG)<\/strong>. Tamb\u00e9m h\u00e1 oportunidade para Operador(a) de Guincho Pesado em<strong>&nbsp;Rio Manso (MG).&nbsp;<\/strong><\/p>\n\n\n\n<p>Em&nbsp;<strong>S\u00e3o Gon\u00e7alo (RJ), Campos de Goytacazes (RJ) e Rio Bonito (RJ)<\/strong>, h\u00e1 vagas dispon\u00edveis para Operador(a) de Ped\u00e1gio.<\/p>\n\n\n\n<p><strong>Regi\u00e3o Sul<\/strong><\/p>\n\n\n\n<p>Em&nbsp;<strong>S\u00e3o Jos\u00e9 dos Pinhais (PR)<\/strong>, as oportunidades s\u00e3o para Estagi\u00e1rio(a), programa Jovem Profissional para rec\u00e9m-formados, Advogado(a), Assistente de Monitora\u00e7\u00e3o, Assistente de Faixa de Dom\u00ednio, Top\u00f3grafo, Analista de Assuntos Regulat\u00f3rios e Analista de Centro de Controle Operacional. H\u00e1 tamb\u00e9m vaga para Auxiliar de Balan\u00e7a em&nbsp;<strong>Fazenda Rio Grande (PR)<\/strong>&nbsp;e Operador(a) de Guincho em&nbsp;<strong>Piraquara (PR)<\/strong>.<\/p>\n\n\n\n<p>Na cidade de&nbsp;<strong>Porto Belo (SC)<\/strong>, a vaga \u00e9 para Operador(a) de Ped\u00e1gio. J\u00e1 em&nbsp;<strong>S\u00e3o Jos\u00e9 (SC)<\/strong>, h\u00e1 vaga para Aprendiz, Analista de Planejamento F\u00edsico, Assistente Jur\u00eddico, Analista de Recursos Humanos&nbsp;e Analista de Meio Ambiente.&nbsp;Tamb\u00e9m h\u00e1 oportunidade para Inspetor de Fiscaliza\u00e7\u00e3o em&nbsp;<strong>Araquari (SC)<\/strong>. Em&nbsp;<strong>Garuva (SC)<\/strong>, h\u00e1 oportunidades para Operador(a) de Ped\u00e1gio e Supervisor(a) de Tr\u00e1fego. J\u00e1 em&nbsp;<strong>Porto Belo (SC)<\/strong>, para Operador(a) de Ped\u00e1gio.<\/p>\n\n\n\n<p><strong>Programa Jovens Profissionais<\/strong><\/p>\n\n\n\n<p>O programa Jovens Profissionais tem o objetivo de identificar talentos rec\u00e9m-formados em Administra\u00e7\u00e3o, Engenharia, Economia, Direito, Ci\u00eancias da Computa\u00e7\u00e3o e Psicologia para atuar em diferentes \u00e1reas da companhia, entre elas Engenharia, Finan\u00e7as, Opera\u00e7\u00f5es, Jur\u00eddico, e Recursos Humanos. A companhia busca atrair profissionais de perfil din\u00e2mico e motivados a contribuir com o desenvolvimento da Arteris, empresa respons\u00e1vel por administrar 3.200 quil\u00f4metros de rodovias. Ao final do programa, cada jovem profissional ter\u00e1 como miss\u00e3o apresentar um projeto que tenha foco no aprimoramento da gest\u00e3o e dos servi\u00e7os desenvolvidos pela Arteris.<\/p>\n\n\n\n<p><strong>Diversidade, inclus\u00e3o e benef\u00edcios<\/strong><\/p>\n\n\n\n<p>Nestes processos, a empresa prioriza a diversidade e inclus\u00e3o, independentemente da idade, ra\u00e7a, identidade de g\u00eanero, orienta\u00e7\u00e3o sexual ou se \u00e9 uma pessoa com defici\u00eancia e\/ou benefici\u00e1rio reabilitado. Por isso, a companhia est\u00e1 em busca de profissionais qualificados que respeitem suas premissas corporativas e que colaborem com a continuidade da qualidade na presta\u00e7\u00e3o de servi\u00e7os destinados aos usu\u00e1rios de rodovias.<\/p>\n\n\n\n<p>Todas as vagas t\u00eam direito a benef\u00edcios de plano de sa\u00fade e odontol\u00f3gico, programa de participa\u00e7\u00e3o de resultado, previd\u00eancia privada, vale refei\u00e7\u00e3o ou alimenta\u00e7\u00e3o, vale farm\u00e1cia, vale transporte, hor\u00e1rio flex\u00edvel (apenas para \u00e1rea administrativa), Gympass, seguro de vida, aux\u00edlio creche, empr\u00e9stimo consignado e acesso \u00e0 Universidade Arteris de Desenvolvimento, que faz parte do plano de desenvolvimento de carreira destinado \u00e0queles que desejam crescer profissionalmente na empresa.<\/p>\n","protected":false},"excerpt":{"rendered":"<p>Entre as oportunidades est\u00e3o 15 vagas para o novo programa Jovens Profissionais<\/p>\n","protected":false},"author":2,"featured_media":7583,"comment_status":"closed","ping_status":"closed","sticky":false,"template":"","format":"standard","meta":{"postBodyCss":"","postBodyMargin":[],"postBodyPadding":[],"postBodyBackground":{"backgroundType":"classic","gradient":""},"footnotes":""},"categories":[73,43],"tags":[298,82,87],"class_list":["post-7582","post","type-post","status-publish","format-standard","has-post-thumbnail","hentry","category-emprego","category-regiao","tag-brasil","tag-oportunidade","tag-vagas"],"aioseo_notices":[],"_links":{"self":[{"href":"https:\/\/aconteceemmacaeeregiao.com.br\/index.php\/wp-json\/wp\/v2\/posts\/7582","targetHints":{"allow":["GET"]}}],"collection":[{"href":"https:\/\/aconteceemmacaeeregiao.com.br\/index.php\/wp-json\/wp\/v2\/posts"}],"about":[{"href":"https:\/\/aconteceemmacaeeregiao.com.br\/index.php\/wp-json\/wp\/v2\/types\/post"}],"author":[{"embeddable":true,"href":"https:\/\/aconteceemmacaeeregiao.com.br\/index.php\/wp-json\/wp\/v2\/users\/2"}],"replies":[{"embeddable":true,"href":"https:\/\/aconteceemmacaeeregiao.com.br\/index.php\/wp-json\/wp\/v2\/comments?post=7582"}],"version-history":[{"count":0,"href":"https:\/\/aconteceemmacaeeregiao.com.br\/index.php\/wp-json\/wp\/v2\/posts\/7582\/revisions"}],"wp:featuredmedia":[{"embeddable":true,"href":"https:\/\/aconteceemmacaeeregiao.com.br\/index.php\/wp-json\/wp\/v2\/media\/7583"}],"wp:attachment":[{"href":"https:\/\/aconteceemmacaeeregiao.com.br\/index.php\/wp-json\/wp\/v2\/media?parent=7582"}],"wp:term":[{"taxonomy":"category","embeddable":true,"href":"https:\/\/aconteceemmacaeeregiao.com.br\/index.php\/wp-json\/wp\/v2\/categories?post=7582"},{"taxonomy":"post_tag","embeddable":true,"href":"https:\/\/aconteceemmacaeeregiao.com.br\/index.php\/wp-json\/wp\/v2\/tags?post=7582"}],"curies":[{"name":"wp","href":"https:\/\/api.w.org\/{rel}","templated":true}]}}