{"id":7604,"date":"2023-02-27T19:24:18","date_gmt":"2023-02-27T22:24:18","guid":{"rendered":"https:\/\/aconteceemmacaeeregiao.com.br\/?p=7604"},"modified":"2023-02-27T19:24:19","modified_gmt":"2023-02-27T22:24:19","slug":"macae-com-198-vagas-de-emprego","status":"publish","type":"post","link":"https:\/\/aconteceemmacaeeregiao.com.br\/index.php\/2023\/02\/27\/macae-com-198-vagas-de-emprego\/","title":{"rendered":"Maca\u00e9 com 198 vagas de emprego"},"content":{"rendered":"\n<p>A semana come\u00e7a com 198 oportunidades de emprego para diversas \u00e1reas de atua\u00e7\u00e3o e todos os n\u00edveis de escolaridade. A Secretaria Adjunta de Trabalho e Renda de Maca\u00e9 informa que a lista completa com as vagas de emprego est\u00e1 dispon\u00edvel no site oficial da prefeitura.<br><br>Os interessados em concorrer \u00e0s vagas podem se dirigir \u00e0 sede da Central do Trabalhador, que funciona no Edif\u00edcio Comercial Lotus, na Avenida Nossa Senhora da Gl\u00f3ria, 1181, Praia Campista, de 8h \u00e0s 17h. Caso n\u00e3o encontre uma vaga que se encaixe no perfil desejado, \u00e9 poss\u00edvel fazer um cadastro de forma online.<br><br>As fun\u00e7\u00f5es oferecidas nesta semana s\u00e3o: desenhista cadista, assistente de reparo de flutuador, operador de ro\u00e7adeira, soldador, ajudante de cozinha, ajudante de caminh\u00e3o, copeiro, borracheiro, mec\u00e2nico de riser, t\u00e9cnico em seguran\u00e7a do trabalho, torneiro mec\u00e2nico, inspetor de pintura offshore, cabeleireiro, padeiro, vendedor, auxiliar de classe de educa\u00e7\u00e3o infantil, aprendiz PCD, motoboy, entre outros.<br><a href=\"https:\/\/sistemas.macae.rj.gov.br:84\/semtre\/interno\/interno\/muralexterno.php\">Clique e confira a lista completa<\/a>.<br><br>Seguem os links de acesso aos servi\u00e7os da Secretaria de Trabalho e Renda:<br><br>Ao empres\u00e1rio:\u00a0<a href=\"https:\/\/sistemas.macae.rj.gov.br:84\/trabalhoerenda\/\">cadastrar vagas de emprego<\/a>.<br><br>Ao trabalhador:\u00a0<a href=\"https:\/\/sistemas.macae.rj.gov.br:84\/trabalhoerenda\/\">efetuar o cadastro para vagas de emprego<\/a>.<\/p>\n\n\n\n<p><em>Por Jornalista Genimarta Oliveira\/ Secom Pref. de Maca\u00e9<\/em><\/p>\n","protected":false},"excerpt":{"rendered":"<p>A semana come\u00e7a com 198 oportunidades de emprego para diversas \u00e1reas de atua\u00e7\u00e3o e todos os n\u00edveis de escolaridade. A Secretaria Adjunta de Trabalho e Renda de Maca\u00e9 informa que a lista completa com as vagas de emprego est\u00e1 dispon\u00edvel no site oficial da prefeitura. Os interessados em concorrer \u00e0s vagas podem se dirigir \u00e0 [&hellip;]<\/p>\n","protected":false},"author":2,"featured_media":6240,"comment_status":"closed","ping_status":"closed","sticky":false,"template":"","format":"standard","meta":{"postBodyCss":"","postBodyMargin":[],"postBodyPadding":[],"postBodyBackground":{"backgroundType":"classic","gradient":""},"footnotes":""},"categories":[73,42],"tags":[77,82,87],"class_list":["post-7604","post","type-post","status-publish","format-standard","has-post-thumbnail","hentry","category-emprego","category-macae","tag-emprego","tag-oportunidade","tag-vagas"],"aioseo_notices":[],"_links":{"self":[{"href":"https:\/\/aconteceemmacaeeregiao.com.br\/index.php\/wp-json\/wp\/v2\/posts\/7604","targetHints":{"allow":["GET"]}}],"collection":[{"href":"https:\/\/aconteceemmacaeeregiao.com.br\/index.php\/wp-json\/wp\/v2\/posts"}],"about":[{"href":"https:\/\/aconteceemmacaeeregiao.com.br\/index.php\/wp-json\/wp\/v2\/types\/post"}],"author":[{"embeddable":true,"href":"https:\/\/aconteceemmacaeeregiao.com.br\/index.php\/wp-json\/wp\/v2\/users\/2"}],"replies":[{"embeddable":true,"href":"https:\/\/aconteceemmacaeeregiao.com.br\/index.php\/wp-json\/wp\/v2\/comments?post=7604"}],"version-history":[{"count":0,"href":"https:\/\/aconteceemmacaeeregiao.com.br\/index.php\/wp-json\/wp\/v2\/posts\/7604\/revisions"}],"wp:featuredmedia":[{"embeddable":true,"href":"https:\/\/aconteceemmacaeeregiao.com.br\/index.php\/wp-json\/wp\/v2\/media\/6240"}],"wp:attachment":[{"href":"https:\/\/aconteceemmacaeeregiao.com.br\/index.php\/wp-json\/wp\/v2\/media?parent=7604"}],"wp:term":[{"taxonomy":"category","embeddable":true,"href":"https:\/\/aconteceemmacaeeregiao.com.br\/index.php\/wp-json\/wp\/v2\/categories?post=7604"},{"taxonomy":"post_tag","embeddable":true,"href":"https:\/\/aconteceemmacaeeregiao.com.br\/index.php\/wp-json\/wp\/v2\/tags?post=7604"}],"curies":[{"name":"wp","href":"https:\/\/api.w.org\/{rel}","templated":true}]}}