{"id":7609,"date":"2023-02-27T19:56:11","date_gmt":"2023-02-27T22:56:11","guid":{"rendered":"https:\/\/aconteceemmacaeeregiao.com.br\/?p=7609"},"modified":"2023-02-27T19:56:12","modified_gmt":"2023-02-27T22:56:12","slug":"bandas-consagradas-de-rock-chegam-a-macae","status":"publish","type":"post","link":"https:\/\/aconteceemmacaeeregiao.com.br\/index.php\/2023\/02\/27\/bandas-consagradas-de-rock-chegam-a-macae\/","title":{"rendered":"Bandas consagradas de rock chegam a Maca\u00e9"},"content":{"rendered":"\n<p>O \u201cFestival Lagoa Rock \u2013 Arte e Sustentabilidade\u201d est\u00e1 de volta e promete agitar a Praia dos Cavaleiros, de quinta-feira (2) a domingo (5), das 18h \u00e0s 23h. Os shows, promovidos pela Secretaria Municipal de Cultura, acontecem no palco montado pr\u00f3ximo ao posto 1, com apresenta\u00e7\u00f5es de bandas consagradas nesse ritmo musical. Worker Beat, Vmax, Guma, Uns e Outros, Bar\u00e3o Vermelho, Call The Police s\u00e3o as atra\u00e7\u00f5es do evento que completou 10 anos no m\u00eas de janeiro.<br><\/p>\n\n\n\n<p>Na quinta-feira (2), a programa\u00e7\u00e3o contar\u00e1 com DJ Lagoa Rock, \u00e0s 18h, e Worker Beat, \u00e0s 21h. O DJ Lagoa Rock retorna ao palco, \u00e0s 22h30, com encerramento \u00e0s 23h. As apresenta\u00e7\u00f5es continuam na sexta-feira (3), no mesmo hor\u00e1rio. Ser\u00e1 a vez de DJ Pitty, banda VMax e Uns e Outros.<br><br>No s\u00e1bado (4), o p\u00fablico poder\u00e1 curtir a banda Jardins do Jack, \u00e0s 18h30, seguido do DJ Pitty, \u00e0s 19h30, e Bar\u00e3o Vermelho, a partir das 21h. No domingo (5), o Festival Lagoa Rock come\u00e7a mais cedo, \u00e0s 15h, com DJ Pitty. Na sequ\u00eancia, \u00e0s 16h, entra no palco a banda Guma. DJ Pitty volta \u00e0s 17h, seguido de Call The Police, \u00e0s 18h30. Logo ap\u00f3s, DJ Pitty encerra a programa\u00e7\u00e3o com mais hits, das 20h \u00e0s 21h.<br><br>O secret\u00e1rio de Cultura, Leandro Mussi, fala sobre a import\u00e2ncia de apoiar o evento.<\/p>\n\n\n<div class=\"wp-block-image\">\n<figure class=\"aligncenter size-large\"><img fetchpriority=\"high\" decoding=\"async\" width=\"1024\" height=\"576\" src=\"https:\/\/aconteceemmacaeeregiao.com.br\/wp-content\/uploads\/2023\/02\/Uns_e_Outros_-_formacao_atual-1024x576.jpg\" alt=\"\" class=\"wp-image-7611\" srcset=\"https:\/\/aconteceemmacaeeregiao.com.br\/wp-content\/uploads\/2023\/02\/Uns_e_Outros_-_formacao_atual-1024x576.jpg 1024w, https:\/\/aconteceemmacaeeregiao.com.br\/wp-content\/uploads\/2023\/02\/Uns_e_Outros_-_formacao_atual-300x169.jpg 300w, https:\/\/aconteceemmacaeeregiao.com.br\/wp-content\/uploads\/2023\/02\/Uns_e_Outros_-_formacao_atual-768x432.jpg 768w, https:\/\/aconteceemmacaeeregiao.com.br\/wp-content\/uploads\/2023\/02\/Uns_e_Outros_-_formacao_atual-1536x864.jpg 1536w, https:\/\/aconteceemmacaeeregiao.com.br\/wp-content\/uploads\/2023\/02\/Uns_e_Outros_-_formacao_atual.jpg 1920w\" sizes=\"(max-width: 1024px) 100vw, 1024px\" \/><figcaption class=\"wp-element-caption\">Banda Uns e Outros<\/figcaption><\/figure>\n<\/div>\n\n\n<blockquote class=\"wp-block-quote is-layout-flow wp-block-quote-is-layout-flow\">\n<p>\u201c\u00c9 fundamental para o governo municipal apoiar eventos como o Lagoa Rock. Temos a inten\u00e7\u00e3o de traz\u00ea-lo para o Calend\u00e1rio Cultural, com edi\u00e7\u00f5es a cada dois meses, divertindo a nossa popula\u00e7\u00e3o e turistas\u201d, destaca o secret\u00e1rio.<\/p>\n<\/blockquote>\n\n\n\n<p>Para o idealizador e organizador do Lagoa Rock, Koy Lemos, a retomada do festival proporciona visibilidade aos artistas locais.<\/p>\n\n\n\n<blockquote class=\"wp-block-quote is-layout-flow wp-block-quote-is-layout-flow\">\n<p>\u201cNossa principal ideia \u00e9 que eles troquem experi\u00eancias com esses grandes artistas, al\u00e9m de buscarmos despertar nas pessoas a import\u00e2ncia da sustentabilidade e das riquezas naturais que temos em nossa cidade\u201d, comenta Koy.<\/p>\n<\/blockquote>\n\n\n\n<p>Os profissionais da imprensa podem solicitar o\u00a0<strong><a href=\"https:\/\/www.even3.com.br\/lagoarock2023credenciamento\/\">credenciamento aqui<\/a><\/strong>\u00a0com o limite de at\u00e9 3 profissionais por ve\u00edculo.<br><strong><a href=\"https:\/\/www.instagram.com\/reel\/CpGNAmYA4Vk\/?utm_source=ig_web_copy_link\">Assista ao v\u00eddeo do evento<\/a><\/strong>.<\/p>\n\n\n\n<p><em>Por Jornalista Tatiana Gama\/ Secom Pref. de Maca\u00e9<\/em><\/p>\n","protected":false},"excerpt":{"rendered":"<p>Shows acontecem na Praia dos Cavaleiros<\/p>\n","protected":false},"author":2,"featured_media":7610,"comment_status":"closed","ping_status":"closed","sticky":false,"template":"","format":"standard","meta":{"postBodyCss":"","postBodyMargin":[],"postBodyPadding":[],"postBodyBackground":{"backgroundType":"classic","gradient":""},"footnotes":""},"categories":[46,200,42],"tags":[204,317,90],"class_list":["post-7609","post","type-post","status-publish","format-standard","has-post-thumbnail","hentry","category-diversao","category-evento","category-macae","tag-praia-dos-cavaleiros","tag-rock","tag-shows"],"aioseo_notices":[],"_links":{"self":[{"href":"https:\/\/aconteceemmacaeeregiao.com.br\/index.php\/wp-json\/wp\/v2\/posts\/7609","targetHints":{"allow":["GET"]}}],"collection":[{"href":"https:\/\/aconteceemmacaeeregiao.com.br\/index.php\/wp-json\/wp\/v2\/posts"}],"about":[{"href":"https:\/\/aconteceemmacaeeregiao.com.br\/index.php\/wp-json\/wp\/v2\/types\/post"}],"author":[{"embeddable":true,"href":"https:\/\/aconteceemmacaeeregiao.com.br\/index.php\/wp-json\/wp\/v2\/users\/2"}],"replies":[{"embeddable":true,"href":"https:\/\/aconteceemmacaeeregiao.com.br\/index.php\/wp-json\/wp\/v2\/comments?post=7609"}],"version-history":[{"count":0,"href":"https:\/\/aconteceemmacaeeregiao.com.br\/index.php\/wp-json\/wp\/v2\/posts\/7609\/revisions"}],"wp:featuredmedia":[{"embeddable":true,"href":"https:\/\/aconteceemmacaeeregiao.com.br\/index.php\/wp-json\/wp\/v2\/media\/7610"}],"wp:attachment":[{"href":"https:\/\/aconteceemmacaeeregiao.com.br\/index.php\/wp-json\/wp\/v2\/media?parent=7609"}],"wp:term":[{"taxonomy":"category","embeddable":true,"href":"https:\/\/aconteceemmacaeeregiao.com.br\/index.php\/wp-json\/wp\/v2\/categories?post=7609"},{"taxonomy":"post_tag","embeddable":true,"href":"https:\/\/aconteceemmacaeeregiao.com.br\/index.php\/wp-json\/wp\/v2\/tags?post=7609"}],"curies":[{"name":"wp","href":"https:\/\/api.w.org\/{rel}","templated":true}]}}