{"id":7613,"date":"2023-02-27T20:11:09","date_gmt":"2023-02-27T23:11:09","guid":{"rendered":"https:\/\/aconteceemmacaeeregiao.com.br\/?p=7613"},"modified":"2023-02-27T20:11:10","modified_gmt":"2023-02-27T23:11:10","slug":"grafite-mais-alto-do-brasil-e-do-artista-marlon-musk","status":"publish","type":"post","link":"https:\/\/aconteceemmacaeeregiao.com.br\/index.php\/2023\/02\/27\/grafite-mais-alto-do-brasil-e-do-artista-marlon-musk\/","title":{"rendered":"Grafite mais alto do Brasil \u00e9 do artista Marlon Musk"},"content":{"rendered":"\n<p><strong><em>Lateral de edif\u00edcio com mais de 110 metros de altura, em Balne\u00e1rio Cambori\u00fa, vai ganhar mural com curadoria feita pela Open Street Gallery e o artista que assinar\u00e1 a obra \u00e9 o macaense Marlon Musk.<\/em><\/strong><\/p>\n\n\n\n<p>Um dos edif\u00edcios mais ic\u00f4nicos e central de Balne\u00e1rio Cambori\u00fa vai ganhar um novo arranjo com as cores do artista Marlon Muk. O mural a c\u00e9u aberto, que est\u00e1 sendo feito no Edif\u00edcio Cosmos, ter\u00e1 111,77 metros de altura por 5,54 metros de largura, ou seja 619,20 m2 , e j\u00e1 \u00e9 considerado o mais alto do Brasil e est\u00e1 entre os mais altos do mundo. A a\u00e7\u00e3o faz parte do projeto #cidadeincompar\u00e1vel, realizado pela construtora EMBRAED em parceria com o movimento Open Street Gallery. A pintura come\u00e7ou em 17 de fevereiro e deve levar 10 dias para ser conclu\u00edda.<\/p>\n\n\n\n<p>\u201cCriamos o projeto #cidadeincompar\u00e1vel para interagir diretamente com as pessoas que circulam pela cidade e tamb\u00e9m para criar um encontro da vida urbana com a arte de forma criativa e org\u00e2nica. As interven\u00e7\u00f5es art\u00edsticas que ser\u00e3o desenvolvidas na cidade v\u00e3o muito al\u00e9m de apenas dar cor \u00e0 cidade, \u00e9 uma forma de potencializarmos as belezas do nosso litoral. Com essa gentileza urbana queremos construir uma nova atmosfera para quem mora em Balne\u00e1rio Cambori\u00fa e tamb\u00e9m para quem visita a cidade, para que possam vivenciar essa conex\u00e3o entre o urbanismo e a arte, al\u00e9m de encantar aos olhos com os grandes projetos que vamos desenvolver nos pr\u00f3ximos meses\u201d, explica a presidente da EMBRAED Tatiana Rosa Cequinel. O mural no edif\u00edcio Cosmos ser\u00e1 a terceira a\u00e7\u00e3o do projeto #cidadeincompar\u00e1vel, que j\u00e1 revitalizou o mirante do Encanto, em Itapema, e o pr\u00e9dio dos Bombeiros, em Balne\u00e1rio Cambori\u00fa.<\/p>\n\n\n<div class=\"wp-block-image\">\n<figure class=\"aligncenter size-full\"><img fetchpriority=\"high\" decoding=\"async\" width=\"920\" height=\"460\" src=\"https:\/\/aconteceemmacaeeregiao.com.br\/wp-content\/uploads\/2023\/02\/43_63f8a7c687c30.jpeg\" alt=\"\" class=\"wp-image-7615\" srcset=\"https:\/\/aconteceemmacaeeregiao.com.br\/wp-content\/uploads\/2023\/02\/43_63f8a7c687c30.jpeg 920w, https:\/\/aconteceemmacaeeregiao.com.br\/wp-content\/uploads\/2023\/02\/43_63f8a7c687c30-300x150.jpeg 300w, https:\/\/aconteceemmacaeeregiao.com.br\/wp-content\/uploads\/2023\/02\/43_63f8a7c687c30-768x384.jpeg 768w\" sizes=\"(max-width: 920px) 100vw, 920px\" \/><\/figure>\n<\/div>\n\n\n<p>Para o diretor da Open Street Gallery, Murilo Trevizol, campanhas como esta lan\u00e7ada em parceria com a EMBRAED s\u00e3o essenciais para ampliar o acesso \u00e0 arte e \u00e0 cultura. \u201cQueremos transformar a cidade numa grande galeria a c\u00e9u aberto porque a arte transforma a vida das pessoas. A Arte tem o poder de unir, mover e transformar e essa \u00e9 uma gentileza urbana que queremos deixar para as pr\u00f3ximas gera\u00e7\u00f5es\u201d, comenta Murilo.<\/p>\n\n\n<div class=\"wp-block-image\">\n<figure class=\"aligncenter is-resized\"><img decoding=\"async\" data-src=\"https:\/\/odebateon.com.br\/wp-content\/uploads\/2023\/02\/grafite-422x800-1-e1677533451592.webp\" alt=\"\" class=\"wp-image-63950 lazyload\" width=\"575\" height=\"772\" src=\"data:image\/svg+xml;base64,PHN2ZyB3aWR0aD0iMSIgaGVpZ2h0PSIxIiB4bWxucz0iaHR0cDovL3d3dy53My5vcmcvMjAwMC9zdmciPjwvc3ZnPg==\" style=\"--smush-placeholder-width: 575px; --smush-placeholder-aspect-ratio: 575\/772;\" \/><figcaption class=\"wp-element-caption\">Pr\u00e9dio no Centro de Balne\u00e1rio Cambori\u00fa ganhar\u00e1 mural a c\u00e9u aberto gigante \u2013 Foto: Embraed\/Divulga\u00e7\u00e3o\/ND<\/figcaption><\/figure>\n<\/div>\n\n\n<p>O artista escolhido pela EMBRAED e pela Open Street Gallery \u00e9 Marlon Muk, grafiteiro renomado que j\u00e1 assinou obras nos quatro cantos do pa\u00eds. A arte criada na lateral do edif\u00edcio Cosmos ter\u00e1 inspira\u00e7\u00e3o na natureza.<\/p>\n\n\n\n<blockquote class=\"wp-block-quote is-layout-flow wp-block-quote-is-layout-flow\">\n<p>\u201cBALNE\u00c1RIO CAMBORI\u00da \u00c9 UMA CIDADE CHEIA DE BELEZAS NATURAIS E, COMO \u00c9 UM EDIF\u00cdCIO FRENTE MAR, BUSQUEI DESTACAR O SOL. \u00c9 ELE QUE D\u00c1 A TONALIDADE A TODO O MURAL, COM SEUS RAIOS QUE PERMEIAM AS FOLHAS DE UMA COSTELA DE AD\u00c3O. ESCOLHI ESSA PLANTA PELA SUA SIMETRIA E SEUS SIGNIFICADOS\u201d,&nbsp;DETALHA MUK.<\/p>\n<\/blockquote>\n\n\n\n<p>Segundo a filosofia chinesa, a Costela de Ad\u00e3o \u00e9 uma planta capaz de atrair boa sorte para os ambientes nos quais \u00e9 inserida. Por isso, \u00e9 fortemente recomendada no Feng Shui.<br><strong>Open Street Gallery<\/strong><\/p>\n\n\n\n<p>A OpenStreetGallery.co \u00e9 um movimento coletivo de arte urbana atuante em Balne\u00e1rio Cambori\u00fa e regi\u00e3o desde 2017. O principal objetivo do projeto \u00e9 contribuir na valoriza\u00e7\u00e3o e diversidade da arte e ressignificar ambientes do cotidiano das cidades. Entre as principais a\u00e7\u00f5es est\u00e1 a revitaliza\u00e7\u00e3o do Beco do Brooklyn, espa\u00e7o com mais de 400 metros quadrados que era inutilizado e foi transformado em uma galeria de arte a c\u00e9u aberto com diversas op\u00e7\u00f5es gastron\u00f4micas.<\/p>\n\n\n\n<p><em>Por site Linha Popular<\/em><\/p>\n","protected":false},"excerpt":{"rendered":"<p>Lateral de edif\u00edcio com mais de 110 metros de altura, em Balne\u00e1rio Cambori\u00fa, vai ganhar mural com curadoria feita pela Open Street Gallery e o artista que assinar\u00e1 a obra \u00e9 o macaense Marlon Musk. Um dos edif\u00edcios mais ic\u00f4nicos e central de Balne\u00e1rio Cambori\u00fa vai ganhar um novo arranjo com as cores do artista [&hellip;]<\/p>\n","protected":false},"author":2,"featured_media":7614,"comment_status":"closed","ping_status":"closed","sticky":false,"template":"","format":"standard","meta":{"postBodyCss":"","postBodyMargin":[],"postBodyPadding":[],"postBodyBackground":{"backgroundType":"classic","gradient":""},"footnotes":""},"categories":[86,42],"tags":[72,318,319],"class_list":["post-7613","post","type-post","status-publish","format-standard","has-post-thumbnail","hentry","category-cultura","category-macae","tag-artista","tag-cultura-pop","tag-grafite"],"aioseo_notices":[],"_links":{"self":[{"href":"https:\/\/aconteceemmacaeeregiao.com.br\/index.php\/wp-json\/wp\/v2\/posts\/7613","targetHints":{"allow":["GET"]}}],"collection":[{"href":"https:\/\/aconteceemmacaeeregiao.com.br\/index.php\/wp-json\/wp\/v2\/posts"}],"about":[{"href":"https:\/\/aconteceemmacaeeregiao.com.br\/index.php\/wp-json\/wp\/v2\/types\/post"}],"author":[{"embeddable":true,"href":"https:\/\/aconteceemmacaeeregiao.com.br\/index.php\/wp-json\/wp\/v2\/users\/2"}],"replies":[{"embeddable":true,"href":"https:\/\/aconteceemmacaeeregiao.com.br\/index.php\/wp-json\/wp\/v2\/comments?post=7613"}],"version-history":[{"count":0,"href":"https:\/\/aconteceemmacaeeregiao.com.br\/index.php\/wp-json\/wp\/v2\/posts\/7613\/revisions"}],"wp:featuredmedia":[{"embeddable":true,"href":"https:\/\/aconteceemmacaeeregiao.com.br\/index.php\/wp-json\/wp\/v2\/media\/7614"}],"wp:attachment":[{"href":"https:\/\/aconteceemmacaeeregiao.com.br\/index.php\/wp-json\/wp\/v2\/media?parent=7613"}],"wp:term":[{"taxonomy":"category","embeddable":true,"href":"https:\/\/aconteceemmacaeeregiao.com.br\/index.php\/wp-json\/wp\/v2\/categories?post=7613"},{"taxonomy":"post_tag","embeddable":true,"href":"https:\/\/aconteceemmacaeeregiao.com.br\/index.php\/wp-json\/wp\/v2\/tags?post=7613"}],"curies":[{"name":"wp","href":"https:\/\/api.w.org\/{rel}","templated":true}]}}