{"id":7620,"date":"2023-02-27T21:25:43","date_gmt":"2023-02-28T00:25:43","guid":{"rendered":"https:\/\/aconteceemmacaeeregiao.com.br\/?p=7620"},"modified":"2023-02-28T19:46:12","modified_gmt":"2023-02-28T22:46:12","slug":"acusado-de-homicidio-e-preso-em-macae","status":"publish","type":"post","link":"https:\/\/aconteceemmacaeeregiao.com.br\/index.php\/2023\/02\/27\/acusado-de-homicidio-e-preso-em-macae\/","title":{"rendered":"Acusado de homic\u00eddio \u00e9 preso em Maca\u00e9"},"content":{"rendered":"\n<p>Agentes da 123\u00aa DP (Maca\u00e9) prenderam um homem, nesta sexta-feira (24\/02), por homic\u00eddio qualificado. O crime aconteceu em maio do ano passado, no munic\u00edpio de Maca\u00e9, no Norte Fluminense.<\/p>\n\n\n\n<p>A unidade apurou que a v\u00edtima integrava uma fac\u00e7\u00e3o que atua na cidade e foi morta por criminosos rivais. Durante as investiga\u00e7\u00f5es, outros autores do crime foram identificados e indiciados. A pris\u00e3o desta sexta aconteceu no bairro do Aeroporto.<\/p>\n\n\n\n<p><em>por Ascom Pol\u00edcia Civil RJ<\/em><\/p>\n","protected":false},"excerpt":{"rendered":"<p>Agentes da 123\u00aa DP (Maca\u00e9) prenderam um homem, nesta sexta-feira (24\/02), por homic\u00eddio qualificado. O crime aconteceu em maio do ano passado, no munic\u00edpio de Maca\u00e9, no Norte Fluminense. A unidade apurou que a v\u00edtima integrava uma fac\u00e7\u00e3o que atua na cidade e foi morta por criminosos rivais. Durante as investiga\u00e7\u00f5es, outros autores do crime [&hellip;]<\/p>\n","protected":false},"author":2,"featured_media":6291,"comment_status":"closed","ping_status":"closed","sticky":false,"template":"","format":"standard","meta":{"postBodyCss":"","postBodyMargin":[],"postBodyPadding":[],"postBodyBackground":{"backgroundType":"classic","gradient":""},"footnotes":""},"categories":[47],"tags":[96,100],"class_list":["post-7620","post","type-post","status-publish","format-standard","has-post-thumbnail","hentry","category-ocorrencias","tag-123-dp","tag-prisao"],"aioseo_notices":[],"_links":{"self":[{"href":"https:\/\/aconteceemmacaeeregiao.com.br\/index.php\/wp-json\/wp\/v2\/posts\/7620","targetHints":{"allow":["GET"]}}],"collection":[{"href":"https:\/\/aconteceemmacaeeregiao.com.br\/index.php\/wp-json\/wp\/v2\/posts"}],"about":[{"href":"https:\/\/aconteceemmacaeeregiao.com.br\/index.php\/wp-json\/wp\/v2\/types\/post"}],"author":[{"embeddable":true,"href":"https:\/\/aconteceemmacaeeregiao.com.br\/index.php\/wp-json\/wp\/v2\/users\/2"}],"replies":[{"embeddable":true,"href":"https:\/\/aconteceemmacaeeregiao.com.br\/index.php\/wp-json\/wp\/v2\/comments?post=7620"}],"version-history":[{"count":0,"href":"https:\/\/aconteceemmacaeeregiao.com.br\/index.php\/wp-json\/wp\/v2\/posts\/7620\/revisions"}],"wp:featuredmedia":[{"embeddable":true,"href":"https:\/\/aconteceemmacaeeregiao.com.br\/index.php\/wp-json\/wp\/v2\/media\/6291"}],"wp:attachment":[{"href":"https:\/\/aconteceemmacaeeregiao.com.br\/index.php\/wp-json\/wp\/v2\/media?parent=7620"}],"wp:term":[{"taxonomy":"category","embeddable":true,"href":"https:\/\/aconteceemmacaeeregiao.com.br\/index.php\/wp-json\/wp\/v2\/categories?post=7620"},{"taxonomy":"post_tag","embeddable":true,"href":"https:\/\/aconteceemmacaeeregiao.com.br\/index.php\/wp-json\/wp\/v2\/tags?post=7620"}],"curies":[{"name":"wp","href":"https:\/\/api.w.org\/{rel}","templated":true}]}}