{"id":7657,"date":"2023-03-02T21:48:19","date_gmt":"2023-03-03T00:48:19","guid":{"rendered":"https:\/\/aconteceemmacaeeregiao.com.br\/?p=7657"},"modified":"2023-03-02T21:48:20","modified_gmt":"2023-03-03T00:48:20","slug":"quissama-inicia-colheita-de-cultivares-de-soja-no-horto-municipal","status":"publish","type":"post","link":"https:\/\/aconteceemmacaeeregiao.com.br\/index.php\/2023\/03\/02\/quissama-inicia-colheita-de-cultivares-de-soja-no-horto-municipal\/","title":{"rendered":"<strong>Quissam\u00e3 inicia colheita de cultivares de soja no Horto Municipal\u00a0<\/strong>"},"content":{"rendered":"\n<p>T\u00e9cnicos da Secretaria de Agricultura, Meio Ambiente e Pesca de Quissam\u00e3 iniciaram nesta semana, no Horto Municipal Hermes de Souza Pinto, a colheita do experimento de soja, uma parceria com a Empresa de Pesquisa Agropecu\u00e1ria do Estado do Rio de Janeiro (Pesagro).\u00a0 A a\u00e7\u00e3o foi acompanhada pelo vice-prefeito e secret\u00e1rio da pasta, Marcelo Batist<\/p>\n\n\n\n<p>Em uma \u00e1rea de 1,2 hectare foram plantadas quatro cultivares, sendo duas tardias, uma precoce e uma transg\u00eanica. O objetivo da secretaria de Agricultura, Meio Ambiente e Pesca \u00e9 obter resultados a respeito da produtividade da soja e sua adapta\u00e7\u00e3o ao solo da regi\u00e3o, com destina\u00e7\u00e3o para a alimenta\u00e7\u00e3o do gado leiteiro.<\/p>\n\n\n\n<p>Os t\u00e9cnicos acreditam que o experimento apresente uma produ\u00e7\u00e3o de 2,5 toneladas, que ser\u00e3o destinadas ao replantio, tamb\u00e9m com percentual para os criadores de gado de leite. &nbsp;<\/p>\n\n\n\n<p>&#8220;O experimento do plantio da soja atende \u00e0 demanda apresentada pelos criadores de gado leiteiro, na busca por alternativas que possam auxiliar na alimenta\u00e7\u00e3o dos animais e baratear os custos de produ\u00e7\u00e3o. Em Quissam\u00e3, a secretaria de Agricultura, Meio Ambiente e Pesca realiza em parceria com a Pesagro diversas pesquisas que possam auxiliar os produtores locais&#8221;, destacou Marcelo Batista.\u00a0<\/p>\n\n\n\n<p><em>Por Secom Pref. de Quissam\u00e3<\/em><\/p>\n","protected":false},"excerpt":{"rendered":"<p>T\u00e9cnicos da Secretaria de Agricultura, Meio Ambiente e Pesca de Quissam\u00e3 iniciaram nesta semana, no Horto Municipal Hermes de Souza Pinto, a colheita do experimento de soja, uma parceria com a Empresa de Pesquisa Agropecu\u00e1ria do Estado do Rio de Janeiro (Pesagro).\u00a0 A a\u00e7\u00e3o foi acompanhada pelo vice-prefeito e secret\u00e1rio da pasta, Marcelo Batist Em [&hellip;]<\/p>\n","protected":false},"author":2,"featured_media":7659,"comment_status":"closed","ping_status":"closed","sticky":false,"template":"","format":"standard","meta":{"postBodyCss":"","postBodyMargin":[],"postBodyPadding":[],"postBodyBackground":{"backgroundType":"classic","gradient":""},"footnotes":""},"categories":[45,67,50,43],"tags":[324,74,323],"class_list":["post-7657","post","type-post","status-publish","format-standard","has-post-thumbnail","hentry","category-economia","category-meio-ambiente","category-quissama","category-regiao","tag-pesagro","tag-rio-de-janeiro","tag-soja"],"aioseo_notices":[],"_links":{"self":[{"href":"https:\/\/aconteceemmacaeeregiao.com.br\/index.php\/wp-json\/wp\/v2\/posts\/7657","targetHints":{"allow":["GET"]}}],"collection":[{"href":"https:\/\/aconteceemmacaeeregiao.com.br\/index.php\/wp-json\/wp\/v2\/posts"}],"about":[{"href":"https:\/\/aconteceemmacaeeregiao.com.br\/index.php\/wp-json\/wp\/v2\/types\/post"}],"author":[{"embeddable":true,"href":"https:\/\/aconteceemmacaeeregiao.com.br\/index.php\/wp-json\/wp\/v2\/users\/2"}],"replies":[{"embeddable":true,"href":"https:\/\/aconteceemmacaeeregiao.com.br\/index.php\/wp-json\/wp\/v2\/comments?post=7657"}],"version-history":[{"count":0,"href":"https:\/\/aconteceemmacaeeregiao.com.br\/index.php\/wp-json\/wp\/v2\/posts\/7657\/revisions"}],"wp:featuredmedia":[{"embeddable":true,"href":"https:\/\/aconteceemmacaeeregiao.com.br\/index.php\/wp-json\/wp\/v2\/media\/7659"}],"wp:attachment":[{"href":"https:\/\/aconteceemmacaeeregiao.com.br\/index.php\/wp-json\/wp\/v2\/media?parent=7657"}],"wp:term":[{"taxonomy":"category","embeddable":true,"href":"https:\/\/aconteceemmacaeeregiao.com.br\/index.php\/wp-json\/wp\/v2\/categories?post=7657"},{"taxonomy":"post_tag","embeddable":true,"href":"https:\/\/aconteceemmacaeeregiao.com.br\/index.php\/wp-json\/wp\/v2\/tags?post=7657"}],"curies":[{"name":"wp","href":"https:\/\/api.w.org\/{rel}","templated":true}]}}