{"id":7661,"date":"2023-03-02T21:55:48","date_gmt":"2023-03-03T00:55:48","guid":{"rendered":"https:\/\/aconteceemmacaeeregiao.com.br\/?p=7661"},"modified":"2023-03-02T21:55:48","modified_gmt":"2023-03-03T00:55:48","slug":"campos-e-a-segunda-cidade-do-estado-onde-mais-se-investiu-em-energia-solar","status":"publish","type":"post","link":"https:\/\/aconteceemmacaeeregiao.com.br\/index.php\/2023\/03\/02\/campos-e-a-segunda-cidade-do-estado-onde-mais-se-investiu-em-energia-solar\/","title":{"rendered":"Campos \u00e9 a segunda cidade do estado onde mais se investiu em energia solar"},"content":{"rendered":"\n<p><strong><em>Parque industrial campista \u00e9 o terceiro com maior gera\u00e7\u00e3o desse tipo de energia no Estado do Rio<\/em><\/strong><\/p>\n\n\n\n<p>Com R$ 142,2 milh\u00f5es j\u00e1 investidos por pessoas f\u00edsicas e jur\u00eddicas, Campos \u00e9 a segunda cidade do Estado com o maior montante de investimentos em gera\u00e7\u00e3o de energia solar. Os dados in\u00e9ditos foram compilados pela Firjan, que aponta ainda o parque industrial campista como o terceiro do Estado que mais conta com usinas solares instaladas a servi\u00e7o da ind\u00fastria local.<\/p>\n\n\n\n<p>\u201cEste tema est\u00e1 no DNA dos cidad\u00e3os do Norte Fluminense. Al\u00e9m dos benef\u00edcios econ\u00f4micos, do aumento da competitividade e da consequente gera\u00e7\u00e3o de empregos, h\u00e1 cada vez mais uma conscientiza\u00e7\u00e3o da necessidade de investimentos em energias renov\u00e1veis. O maior exemplo \u00e9 o Porto do A\u00e7u, que conta com uma s\u00e9rie de projetos que v\u00e3o transformar o patamar da regi\u00e3o, n\u00e3o s\u00f3 com energia solar, mas tamb\u00e9m com e\u00f3lica e de hidrog\u00eanio\u201d, destacou o presidente da Firjan Norte Fluminense, Francisco Roberto de Siqueira.<\/p>\n\n\n\n<p>Os dados de investimentos referem-se ao per\u00edodo hist\u00f3rico de 2013 a 2021 \u2013 \u00faltimo ano que esse tipo de informa\u00e7\u00e3o foi divulgado pela Empresa de Pesquisa Energ\u00e9tica (EPE). No \u00faltimo registro anual, a cidade do Norte Fluminense ficou \u00e0 frente at\u00e9 da capital (R$ 69,9 milh\u00f5es contra R$ 64,5 milh\u00f5es). Niter\u00f3i, que tem popula\u00e7\u00e3o semelhante \u00e0 de Campos, foi a terceira cidade onde mais se investiu no mesmo per\u00edodo hist\u00f3rico (R$ 90,2 mi), seguida de Itaperuna (R$ 75,1 mi). Maca\u00e9, com R$ 39,2 milh\u00f5es, \u00e9 a s\u00e9tima.<\/p>\n\n\n\n<p><strong>Campos: segunda cidade que mais gera energia solar<\/strong><\/p>\n\n\n\n<p>Com 55 MW, Campos tamb\u00e9m \u00e9 a segunda cidade do estado que mais produz energia el\u00e9trica a partir da luz do sol, de acordo com dados da Ag\u00eancia Nacional de Energia El\u00e9trica (ANEEL) de at\u00e9 2 de fevereiro deste ano. O Rio \u00e9 o primeiro (133 MW) e em terceiro vem Niter\u00f3i (39 MW), seguido de Itaperuna (24 MW). J\u00e1 quanto \u00e0 presen\u00e7a de placas solares apenas a servi\u00e7o das ind\u00fastrias de cada cidade, o destaque \u00e9 Nova Friburgo (4,3 MW) seguido de Campos (4 MW) e Itagua\u00ed (1,6 MW).<\/p>\n\n\n<div class=\"wp-block-image\">\n<figure class=\"aligncenter size-full\"><img fetchpriority=\"high\" decoding=\"async\" width=\"1024\" height=\"576\" src=\"https:\/\/aconteceemmacaeeregiao.com.br\/wp-content\/uploads\/2023\/03\/596a92a1-3965-455d-973d-147dd620a984.jpg\" alt=\"\" class=\"wp-image-7663\" srcset=\"https:\/\/aconteceemmacaeeregiao.com.br\/wp-content\/uploads\/2023\/03\/596a92a1-3965-455d-973d-147dd620a984.jpg 1024w, https:\/\/aconteceemmacaeeregiao.com.br\/wp-content\/uploads\/2023\/03\/596a92a1-3965-455d-973d-147dd620a984-300x169.jpg 300w, https:\/\/aconteceemmacaeeregiao.com.br\/wp-content\/uploads\/2023\/03\/596a92a1-3965-455d-973d-147dd620a984-768x432.jpg 768w\" sizes=\"(max-width: 1024px) 100vw, 1024px\" \/><\/figure>\n<\/div>\n\n\n<p><strong>Ind\u00fastria campista com energia solar<\/strong><\/p>\n\n\n\n<p>\u00c9 o caso da Petrofer, com sede na Codin, em Guarus, e tamb\u00e9m nos estados de S\u00e3o Paulo e Minas Gerais. Especializada na distribui\u00e7\u00e3o de cimento, argamassa e a\u00e7o, a empresa instalou energia solar h\u00e1 tr\u00eas anos, o que depois acabou gerando uma economia de 40% na conta de luz. A previs\u00e3o agora \u00e9 ampliar a usina solar de modo a baixar a conta em mais de 70% &#8211; viabilizando, assim, novos investimentos e gera\u00e7\u00e3o de empregos na cidade.<\/p>\n\n\n\n<p>\u201cGra\u00e7as a essa economia, diversificamos o neg\u00f3cio e montamos uma f\u00e1brica que atua no corte e dobra de a\u00e7o. Este projeto j\u00e1 cresceu cerca de 80%, tanto que vamos adquirir uma nova m\u00e1quina, mas foi um investimento que s\u00f3 foi poss\u00edvel com essa economia na conta de energia\u201d, contou Ricardo Dantas, s\u00f3cio-gerente da Petrofer. \u201c\u00c0s vezes voc\u00ea investe numa m\u00e1quina que consome muita energia e a\u00ed tem dificuldade de conseguir a oferta necess\u00e1ria por parte da concession\u00e1ria, ent\u00e3o a energia solar, al\u00e9m de ajudar a economizar, permite que tenhamos a oferta de energia necess\u00e1ria para crescer.<\/p>\n\n\n\n<p><strong>Com\u00e9rcio e resid\u00eancias<\/strong><\/p>\n\n\n\n<p>Outros dados do levantamento apontam Campos bem posicionado tamb\u00e9m nos setores comercial e residencial. A cidade \u00e9 a terceira do estado com mais gera\u00e7\u00e3o de energia solar a partir de pontos comerciais (14 MW), atr\u00e1s apenas do Rio de Janeiro (47 MW) e de Serop\u00e9dica (16 MW). J\u00e1 a \u00e1rea residencial foi a que mais aderiu \u00e0s placas solares: 37 MW s\u00e3o gerados por moradores campistas, a segunda posi\u00e7\u00e3o em todo o estado.<\/p>\n\n\n\n<p><strong>Financiamento de energia solar<\/strong><\/p>\n\n\n\n<p>A Firjan, por meio de seu N\u00facleo de Acesso ao Cr\u00e9dito (NAC), assessora empresas com informa\u00e7\u00f5es qualificadas sobre as linhas cr\u00e9dito dispon\u00edveis, desenvolvendo a\u00e7\u00f5es para facilita\u00e7\u00e3o do acesso ao financiamento e dialogando com os agentes respons\u00e1veis para o atendimento das propostas. Dessa forma, a federa\u00e7\u00e3o busca contribuir para que as empresas tenham os recursos no volume e velocidade necess\u00e1rios.<\/p>\n\n\n\n<p>\u201cNo ano passado houve um grande aumento de empesas em busca dessas linhas cr\u00e9dito, que serve para todos os portes. O primeiro passo para financiar o projeto de energia solar \u00e9 ter um or\u00e7amento ou proposta t\u00e9cnico-comercial. Ent\u00e3o \u00e9 importante destacar que, no momento da simula\u00e7\u00e3o do cr\u00e9dito, o ideal \u00e9 fazer com que a presta\u00e7\u00e3o do financiamento do projeto de energia solar seja similar \u00e0 economia gerada pelo projeto. Dessa forma, o novo custo provocado pelas parcelas do financiamento ser\u00e1 pago com a economia da pr\u00f3pria conta de luz\u201d, explicou Eduardo Trotta, especialista de Suporte de Investimentos da Firjan.<\/p>\n\n\n\n<p>Este e outros servi\u00e7os est\u00e3o dispon\u00edveis no&nbsp;<a href=\"https:\/\/firjan.com.br\/firjan\/peq.htm\" target=\"_blank\" rel=\"noreferrer noopener\">Portal Firjan da Pequena Empresa (Firjan_PEQ), dispon\u00edvel neste link<\/a>:&nbsp;<a href=\"https:\/\/firjan.com.br\/firjan\/peq.htm\" target=\"_blank\" rel=\"noreferrer noopener\">https:\/\/firjan.com.br\/firjan\/peq.htm<\/a>.<\/p>\n\n\n\n<p><em>Por Naiara Rentes\/ Assessora de Imprensa<\/em><\/p>\n","protected":false},"excerpt":{"rendered":"<p>Parque industrial campista \u00e9 o terceiro com maior gera\u00e7\u00e3o desse tipo de energia no Estado do Rio Com R$ 142,2 milh\u00f5es j\u00e1 investidos por pessoas f\u00edsicas e jur\u00eddicas, Campos \u00e9 a segunda cidade do Estado com o maior montante de investimentos em gera\u00e7\u00e3o de energia solar. Os dados in\u00e9ditos foram compilados pela Firjan, que aponta [&hellip;]<\/p>\n","protected":false},"author":2,"featured_media":7664,"comment_status":"closed","ping_status":"closed","sticky":false,"template":"","format":"standard","meta":{"postBodyCss":"","postBodyMargin":[],"postBodyPadding":[],"postBodyBackground":{"backgroundType":"classic","gradient":""},"footnotes":""},"categories":[325,45,43],"tags":[151,326,75],"class_list":["post-7661","post","type-post","status-publish","format-standard","has-post-thumbnail","hentry","category-campos-dos-goytacezes","category-economia","category-regiao","tag-energia","tag-energia-solar","tag-firjan"],"aioseo_notices":[],"_links":{"self":[{"href":"https:\/\/aconteceemmacaeeregiao.com.br\/index.php\/wp-json\/wp\/v2\/posts\/7661","targetHints":{"allow":["GET"]}}],"collection":[{"href":"https:\/\/aconteceemmacaeeregiao.com.br\/index.php\/wp-json\/wp\/v2\/posts"}],"about":[{"href":"https:\/\/aconteceemmacaeeregiao.com.br\/index.php\/wp-json\/wp\/v2\/types\/post"}],"author":[{"embeddable":true,"href":"https:\/\/aconteceemmacaeeregiao.com.br\/index.php\/wp-json\/wp\/v2\/users\/2"}],"replies":[{"embeddable":true,"href":"https:\/\/aconteceemmacaeeregiao.com.br\/index.php\/wp-json\/wp\/v2\/comments?post=7661"}],"version-history":[{"count":0,"href":"https:\/\/aconteceemmacaeeregiao.com.br\/index.php\/wp-json\/wp\/v2\/posts\/7661\/revisions"}],"wp:featuredmedia":[{"embeddable":true,"href":"https:\/\/aconteceemmacaeeregiao.com.br\/index.php\/wp-json\/wp\/v2\/media\/7664"}],"wp:attachment":[{"href":"https:\/\/aconteceemmacaeeregiao.com.br\/index.php\/wp-json\/wp\/v2\/media?parent=7661"}],"wp:term":[{"taxonomy":"category","embeddable":true,"href":"https:\/\/aconteceemmacaeeregiao.com.br\/index.php\/wp-json\/wp\/v2\/categories?post=7661"},{"taxonomy":"post_tag","embeddable":true,"href":"https:\/\/aconteceemmacaeeregiao.com.br\/index.php\/wp-json\/wp\/v2\/tags?post=7661"}],"curies":[{"name":"wp","href":"https:\/\/api.w.org\/{rel}","templated":true}]}}