{"id":7735,"date":"2023-03-06T18:18:56","date_gmt":"2023-03-06T21:18:56","guid":{"rendered":"https:\/\/aconteceemmacaeeregiao.com.br\/?p=7735"},"modified":"2023-03-06T18:18:57","modified_gmt":"2023-03-06T21:18:57","slug":"cidade-universitaria-tera-programacao-especial-para-o-dia-da-mulher","status":"publish","type":"post","link":"https:\/\/aconteceemmacaeeregiao.com.br\/index.php\/2023\/03\/06\/cidade-universitaria-tera-programacao-especial-para-o-dia-da-mulher\/","title":{"rendered":"Cidade Universit\u00e1ria ter\u00e1 programa\u00e7\u00e3o especial para o Dia da Mulher"},"content":{"rendered":"\n<p>Em comemora\u00e7\u00e3o ao <a href=\"http:\/\/Dia da Mulher: 11 hist\u00f3rias de franqueadas que realizaram o sonho\" title=\"\">Dia Internacional da Mulher<\/a>, 8 de mar\u00e7o, a Secretaria Municipal de Educa\u00e7\u00e3o e a Secretaria Municipal Adjunta de Ensino Superior elaboraram uma programa\u00e7\u00e3o especial para as mulheres que frequentam a <a href=\"https:\/\/aconteceemmacaeeregiao.com.br\/?s=cidade+universitaria\" title=\"\">Cidade Universit\u00e1ria<\/a>. A programa\u00e7\u00e3o est\u00e1 bastante diversificada e promete agradar a todos, come\u00e7ando na parte da manh\u00e3 desta quarta-feira, na entrada da Cidade Universit\u00e1ria.<\/p>\n\n\n\n<p>\u00c0s 8h horas come\u00e7a a Oficina de Ikebana no Audit\u00f3rio Cl\u00e1udio Ulpiano no Bloco A. Ikebana \u00e9 uma arte japonesa que significa flores vivas, que consiste em arranjos florais para serem utilizados para decorar altares, montados com flores, folhas, galhos, frutos e plantas secas. Paralelo \u00e0 Oficina, haver\u00e1 a comercializa\u00e7\u00e3o de cosm\u00e9ticos e Inaugura\u00e7\u00e3o da Academia Diego Pontes, da Coordena\u00e7\u00e3o de Esportes e, \u00e0s 9h30h, aul\u00e3o com a Companhia de Dan\u00e7a Samara Jardim. J\u00e1 \u00e0s 10h, ter\u00e1 sess\u00e3o de Auriculoterapia com extensionistas da UFRJ, uma pr\u00e1tica integrativa, inspirada na terapia milenar chinesa.<br><br>Nos intervalos haver\u00e1 caf\u00e9 da manh\u00e3 para as participantes. Na parte da tarde a programa\u00e7\u00e3o seguir\u00e1 no Audit\u00f3rio com a abertura do ciclo de palestras \u00e0s 14h, com a presen\u00e7a da Secret\u00e1ria de Educa\u00e7\u00e3o, Leandra Lopes; a Secret\u00e1ria de Ensino Superior, Flavi\u00e1 Picon; Gisele Muniz, Diretora da FeMASS e Wanessa Leal, Diretora do Col\u00e9gio de Aplica\u00e7\u00e3o \u2013 CAp, dando as boas-vindas \u00e0s mulheres presentes.<br><br>\u00c0s 14h30 se inicia a primeira palestra que tem como tema: \u201cSankofa &#8211; patrim\u00f4nio intelectual negro\u201d com: Daiana de Souza Andrade, Pesquisadora do CAp e alunas do 3\u00ba ano do CAp. \u00c0s 15h30, palestra de tema: \u201cMulher e Empoderamento no Ambiente de Trabalho\u201d com Sheila Juv\u00eancio, Secret\u00e1ria de Pol\u00edticas para as Mulheres e Sabrina Nunes da Secretaria de Trabalho e Renda. J\u00e1 \u00e0s 17h30, haver\u00e1 o Lan\u00e7amento do Livro: \u201cMulheres negras em perspectiva: Identidades e experi\u00eancias de escravid\u00e3o e liberdade no espa\u00e7o atl\u00e2ntico (s\u00e9culos XVII-XIX) com pesquisadoras convidadas da FeMASS, Sheila de Castro Faria e Concei\u00e7\u00e3o Franco.<\/p>\n\n\n\n<p><em>Por Secom Pref. de Maca\u00e9<\/em><\/p>\n","protected":false},"excerpt":{"rendered":"<p>Em comemora\u00e7\u00e3o ao Dia Internacional da Mulher, 8 de mar\u00e7o, a Secretaria Municipal de Educa\u00e7\u00e3o e a Secretaria Municipal Adjunta de Ensino Superior elaboraram uma programa\u00e7\u00e3o especial para as mulheres que frequentam a Cidade Universit\u00e1ria. A programa\u00e7\u00e3o est\u00e1 bastante diversificada e promete agradar a todos, come\u00e7ando na parte da manh\u00e3 desta quarta-feira, na entrada da [&hellip;]<\/p>\n","protected":false},"author":2,"featured_media":7737,"comment_status":"closed","ping_status":"closed","sticky":false,"template":"","format":"standard","meta":{"postBodyCss":"","postBodyMargin":[],"postBodyPadding":[],"postBodyBackground":{"backgroundType":"classic","gradient":""},"footnotes":""},"categories":[61,42],"tags":[337,332,339,338],"class_list":["post-7735","post","type-post","status-publish","format-standard","has-post-thumbnail","hentry","category-educacao","category-macae","tag-cidade-universitaria","tag-dia-da-mulher","tag-femais","tag-ufrj"],"aioseo_notices":[],"_links":{"self":[{"href":"https:\/\/aconteceemmacaeeregiao.com.br\/index.php\/wp-json\/wp\/v2\/posts\/7735","targetHints":{"allow":["GET"]}}],"collection":[{"href":"https:\/\/aconteceemmacaeeregiao.com.br\/index.php\/wp-json\/wp\/v2\/posts"}],"about":[{"href":"https:\/\/aconteceemmacaeeregiao.com.br\/index.php\/wp-json\/wp\/v2\/types\/post"}],"author":[{"embeddable":true,"href":"https:\/\/aconteceemmacaeeregiao.com.br\/index.php\/wp-json\/wp\/v2\/users\/2"}],"replies":[{"embeddable":true,"href":"https:\/\/aconteceemmacaeeregiao.com.br\/index.php\/wp-json\/wp\/v2\/comments?post=7735"}],"version-history":[{"count":0,"href":"https:\/\/aconteceemmacaeeregiao.com.br\/index.php\/wp-json\/wp\/v2\/posts\/7735\/revisions"}],"wp:featuredmedia":[{"embeddable":true,"href":"https:\/\/aconteceemmacaeeregiao.com.br\/index.php\/wp-json\/wp\/v2\/media\/7737"}],"wp:attachment":[{"href":"https:\/\/aconteceemmacaeeregiao.com.br\/index.php\/wp-json\/wp\/v2\/media?parent=7735"}],"wp:term":[{"taxonomy":"category","embeddable":true,"href":"https:\/\/aconteceemmacaeeregiao.com.br\/index.php\/wp-json\/wp\/v2\/categories?post=7735"},{"taxonomy":"post_tag","embeddable":true,"href":"https:\/\/aconteceemmacaeeregiao.com.br\/index.php\/wp-json\/wp\/v2\/tags?post=7735"}],"curies":[{"name":"wp","href":"https:\/\/api.w.org\/{rel}","templated":true}]}}