{"id":7751,"date":"2023-03-07T19:04:49","date_gmt":"2023-03-07T22:04:49","guid":{"rendered":"https:\/\/aconteceemmacaeeregiao.com.br\/?p=7751"},"modified":"2023-03-07T19:04:49","modified_gmt":"2023-03-07T22:04:49","slug":"voce-sabia-nota-do-enem-pode-ser-utilizada-para-ingresso-em-universidades-portuguesas","status":"publish","type":"post","link":"https:\/\/aconteceemmacaeeregiao.com.br\/index.php\/2023\/03\/07\/voce-sabia-nota-do-enem-pode-ser-utilizada-para-ingresso-em-universidades-portuguesas\/","title":{"rendered":"<strong>Voc\u00ea sabia? Nota do Enem pode ser utilizada para ingresso em universidades portuguesas<\/strong>"},"content":{"rendered":"\n<p><em><strong>Mais de 50 institui\u00e7\u00f5es lusitanas aceitam o vestibular nacional brasileiro em seu processo de admiss\u00e3o<\/strong><\/em><\/p>\n\n\n\n<p>Os resultados do&nbsp;Exame Nacional do Ensino M\u00e9dio (Enem), principal&nbsp;porta de entrada&nbsp;para as universidades&nbsp;p\u00fablicas&nbsp;e diversas universidades&nbsp;privadas&nbsp;ao redor de todo o Brasil, foram divulgados no \u00faltimo dia 09 de fevereiro. O que muitos dos estudantes inscritos na prova n\u00e3o sabem \u00e9 que&nbsp;a&nbsp;nota do exame&nbsp;pode ser utilizada como forma de ingresso em universidades portuguesas atrav\u00e9s do programa \u201cEnem Portugal\u201d, em vig\u00eancia desde 2014, em uma parceria do Instituto Nacional de Estudos e Pesquisas Educacionais An\u00edsio Teixeira&nbsp;(Inep) com institui\u00e7\u00f5es de ensino superior em Portugal.<\/p>\n\n\n\n<p>Se voc\u00ea quer estudar em Portugal, saiba que o pa\u00eds oferece algumas facilidades para os brasileiros. Candidatos que tenham frequentado o ensino m\u00e9dio em portugu\u00eas ou cidad\u00e3os de pa\u00edses onde o portugu\u00eas \u00e9 a l\u00edngua oficial, n\u00e3o precisam apresentar comprovante de profici\u00eancia. Outra comodidade para os estudantes brasileiros \u00e9 que mais de 50 institui\u00e7\u00f5es de ensino superior p\u00fablicas e privadas em Portugal aceitam os resultados do ENEM, como parte da admiss\u00e3o ao grau de licenciatura e mestrado (primeiro ciclo) abrangente, em institutos polit\u00e9cnicos e escolas superiores.<\/p>\n\n\n\n<p>O ingresso \u00e9 feito gra\u00e7as ao Estatuto do Estudante Internacional, que prev\u00ea que cada faculdade portuguesa tem autonomia para criar o seu respectivo processo seletivo dos estudantes internacionais. Com isso, cada faculdade elabora o seu pr\u00f3prio calend\u00e1rio com os per\u00edodos de submiss\u00e3o de candidaturas, documenta\u00e7\u00f5es necess\u00e1rias e at\u00e9 mesmo os crit\u00e9rios de avalia\u00e7\u00e3o e c\u00e1lculo das \u00e1reas de conhecimento espec\u00edfico, cobrados na prova do ENEM.<\/p>\n\n\n\n<p>Segundo o CEO e fundador do Estude em Portugal, Higor Cerqueira, os estudantes escolhem Portugal como destino de interc\u00e2mbio, por ser uma refer\u00eancia de alta qualidade no ensino. &#8220;O pa\u00eds \u00e9 conhecido por possuir uma rede qualificada de universidades p\u00fablicas e privadas reconhecidas internacionalmente, como a Universidade de Coimbra&#8221;, explica Cerqueira.<\/p>\n\n\n\n<p><strong>Confer\u00eancia Internacional de Estudos em Portugal<\/strong><\/p>\n\n\n\n<p>Em mar\u00e7o, acontecer\u00e1 a edi\u00e7\u00e3o de 2023 da Confer\u00eancia Internacional de Estudos em Portugal. O evento ter\u00e1 sua primeira edi\u00e7\u00e3o em S\u00e3o Paulo (SP), no dia 10 de mar\u00e7o, e ser\u00e1 sediado pela&nbsp;Casa de Portugal, das 10h \u00e0s 17h. J\u00e1 no Rio de Janeiro (RJ), o evento acontecer\u00e1 pela segunda vez, no dia 13 de mar\u00e7o, no Real Gabinete Portugu\u00eas de Leitura, tamb\u00e9m de 10h \u00e0s 17h.&nbsp;<a>Este \u00faltimo contar\u00e1 com transmiss\u00e3o ao vivo pelo canal de YouTube do Estude Em Portugal. O evento visa promover o alcance das informa\u00e7\u00f5es sobre estudar em Portugal, de forma organizada, confi\u00e1vel e centralizada e totalmente gratuita.<\/a><\/p>\n\n\n\n<p>&nbsp;&#8211; A proposta \u00e9 criar um espa\u00e7o democr\u00e1tico, para que os candidatos brasileiros possam tirar suas d\u00favidas sobre as vagas e os processos de candidaturas diretamente com os representantes de institui\u00e7\u00f5es portuguesas de ensino superior, que desembarcam no Brasil com a miss\u00e3o de estreitar os la\u00e7os e facilitar o acesso \u00e0 informa\u00e7\u00e3o a partir da promo\u00e7\u00e3o dos cursos t\u00e9cnicos, gradua\u00e7\u00f5es, mestrados e at\u00e9 mesmo doutorado &#8211; comenta Higor.&nbsp;<\/p>\n\n\n\n<p>A primeira edi\u00e7\u00e3o da Confer\u00eancia Internacional de Estudos em Portugal, contou com mais de 600 pessoas, al\u00e9m de mais de 4 mil telespectadores em transmiss\u00e3o ao vivo. Este ano, haver\u00e1 12 institui\u00e7\u00f5es de ensino superior de Portugal, dentre elas, a Universidade de Aveiro e Universidade do Algarve que se encontram em rankings onde as posicionam entre as melhores do mundo e de Portugal.<\/p>\n\n\n\n<p>Como novidade da confer\u00eancia, a Lyca Mobile est\u00e1 patrocinando uma experi\u00eancia de imers\u00e3o em realidade virtual, onde os interessados poder\u00e3o vestir \u00f3culos de realidade virtual e atrav\u00e9s deste recurso, far\u00e3o uma visita interativa nas principais cidades e faculdades portuguesas. Al\u00e9m desta, a Hurb e Liv Student, tamb\u00e9m comp\u00f5em o time de parceiros do evento.<\/p>\n\n\n\n<p>Outra surpresa do evento ser\u00e1 a distribui\u00e7\u00e3o gratuita da primeira edi\u00e7\u00e3o da Revista \u201cEstude em Portugal\u201d, reunindo informa\u00e7\u00f5es importantes para quem planeja mudar para Portugal atrav\u00e9s do visto de estudo.<\/p>\n\n\n\n<p>Para saber mais sobre a Confer\u00eancia Internacional de Estudos em Portugal e assistir \u00e0 transmiss\u00e3o online do evento, acesse:&nbsp;<a href=\"http:\/\/www.estudeemportugal.org\/conferencia\" target=\"_blank\" rel=\"noreferrer noopener\">www.estudeemportugal.org\/conferencia<\/a>.<\/p>\n\n\n\n<p>Acompanhe tamb\u00e9m o Estude Em Portugal, nas redes sociais e no Canal do YouTube, com conte\u00fados exclusivos e gratuitos atrav\u00e9s dos links:&nbsp;<a href=\"https:\/\/estudeemportugal.org\/\" target=\"_blank\" rel=\"noreferrer noopener\">https:\/\/estudeemportugal.org\/<\/a>&nbsp;e&nbsp;<a href=\"https:\/\/galeradoaviao.pt\/mentoria\" target=\"_blank\" rel=\"noreferrer noopener\">https:\/\/galeradoaviao.pt\/mentoria<\/a>.<\/p>\n","protected":false},"excerpt":{"rendered":"<p>Mais de 50 institui\u00e7\u00f5es lusitanas aceitam o vestibular nacional brasileiro em seu processo de admiss\u00e3o Os resultados do&nbsp;Exame Nacional do Ensino M\u00e9dio (Enem), principal&nbsp;porta de entrada&nbsp;para as universidades&nbsp;p\u00fablicas&nbsp;e diversas universidades&nbsp;privadas&nbsp;ao redor de todo o Brasil, foram divulgados no \u00faltimo dia 09 de fevereiro. O que muitos dos estudantes inscritos na prova n\u00e3o sabem \u00e9 que&nbsp;a&nbsp;nota [&hellip;]<\/p>\n","protected":false},"author":2,"featured_media":7753,"comment_status":"closed","ping_status":"closed","sticky":false,"template":"","format":"standard","meta":{"postBodyCss":"","postBodyMargin":[],"postBodyPadding":[],"postBodyBackground":{"backgroundType":"classic","gradient":""},"footnotes":""},"categories":[61],"tags":[341,340,167],"class_list":["post-7751","post","type-post","status-publish","format-standard","has-post-thumbnail","hentry","category-educacao","tag-enem","tag-portugal","tag-universitarios"],"aioseo_notices":[],"_links":{"self":[{"href":"https:\/\/aconteceemmacaeeregiao.com.br\/index.php\/wp-json\/wp\/v2\/posts\/7751","targetHints":{"allow":["GET"]}}],"collection":[{"href":"https:\/\/aconteceemmacaeeregiao.com.br\/index.php\/wp-json\/wp\/v2\/posts"}],"about":[{"href":"https:\/\/aconteceemmacaeeregiao.com.br\/index.php\/wp-json\/wp\/v2\/types\/post"}],"author":[{"embeddable":true,"href":"https:\/\/aconteceemmacaeeregiao.com.br\/index.php\/wp-json\/wp\/v2\/users\/2"}],"replies":[{"embeddable":true,"href":"https:\/\/aconteceemmacaeeregiao.com.br\/index.php\/wp-json\/wp\/v2\/comments?post=7751"}],"version-history":[{"count":0,"href":"https:\/\/aconteceemmacaeeregiao.com.br\/index.php\/wp-json\/wp\/v2\/posts\/7751\/revisions"}],"wp:featuredmedia":[{"embeddable":true,"href":"https:\/\/aconteceemmacaeeregiao.com.br\/index.php\/wp-json\/wp\/v2\/media\/7753"}],"wp:attachment":[{"href":"https:\/\/aconteceemmacaeeregiao.com.br\/index.php\/wp-json\/wp\/v2\/media?parent=7751"}],"wp:term":[{"taxonomy":"category","embeddable":true,"href":"https:\/\/aconteceemmacaeeregiao.com.br\/index.php\/wp-json\/wp\/v2\/categories?post=7751"},{"taxonomy":"post_tag","embeddable":true,"href":"https:\/\/aconteceemmacaeeregiao.com.br\/index.php\/wp-json\/wp\/v2\/tags?post=7751"}],"curies":[{"name":"wp","href":"https:\/\/api.w.org\/{rel}","templated":true}]}}