{"id":7772,"date":"2023-03-07T20:18:05","date_gmt":"2023-03-07T23:18:05","guid":{"rendered":"https:\/\/aconteceemmacaeeregiao.com.br\/?p=7772"},"modified":"2023-03-07T20:18:06","modified_gmt":"2023-03-07T23:18:06","slug":"camara-de-macae-divulga-programacao-do-mes-da-mulher","status":"publish","type":"post","link":"https:\/\/aconteceemmacaeeregiao.com.br\/index.php\/2023\/03\/07\/camara-de-macae-divulga-programacao-do-mes-da-mulher\/","title":{"rendered":"<strong>C\u00e2mara de Maca\u00e9 divulga programa\u00e7\u00e3o do M\u00eas da Mulher<\/strong>"},"content":{"rendered":"\n<p>Nas pr\u00f3ximas semanas, a C\u00e2mara de Maca\u00e9 promove, no Centro Cultural do Legislativo, uma s\u00e9rie de atividades gratuitas relacionadas ao M\u00eas Internacional da Mulher. Os eventos, sempre \u00e0s 17h, t\u00eam o objetivo de promover discuss\u00f5es sobre a quest\u00e3o feminina, com a presen\u00e7a confirmada de importantes lideran\u00e7as e representantes da sociedade civil. A programa\u00e7\u00e3o foi elaborada em parceria com a Procuradoria da Mulher, \u00f3rg\u00e3o institu\u00eddo pela Casa no \u00faltimo ano.<\/p>\n\n\n\n<p>O primeiro deles ser\u00e1 a palestra \u201cAss\u00e9dio no ambiente de trabalho\u201d, no dia 9. A vereadora Iza Vicente (Rede), que acumula a fun\u00e7\u00e3o de procuradora da Mulher, ser\u00e1 uma das palestrantes, ao lado das advogadas Ana Carolina Medeiros e Maria No\u00eamia Ven\u00e2ncio. O p\u00fablico receber\u00e1 certificado de presen\u00e7a e as inscri\u00e7\u00f5es acontecem na recep\u00e7\u00e3o da palestra.<\/p>\n\n\n\n<p>J\u00e1 no dia 15, o Centro Cultural recebe mais uma edi\u00e7\u00e3o da audi\u00eancia p\u00fablica \u201cElas Pensam Maca\u00e9\u201d, iniciativa de Iza, que neste ano tem como tema \u201cDesafios das Mulheres no Mercado de Trabalho em Maca\u00e9\u201d. No dia 16, acontece a \u201cA\u00e7\u00e3o de Bem Estar da Mulher\u201d, com as profissionais Andrea Sales, N\u00fabia Mattos e Tamires Terra.<\/p>\n\n\n\n<p>\u201cMar\u00e7o \u00e9 um importante m\u00eas para gerar reflex\u00f5es sobre como est\u00e3o hoje as pol\u00edticas p\u00fablicas voltadas para garantir oportunidades, seguran\u00e7a e direitos das mulheres, e aqui em Maca\u00e9 n\u00e3o \u00e9 diferente. Fico muito feliz de, enquanto vereadora, atuar como ferrenha incentivadora para que haja cada vez mais eventos para abra\u00e7ar e ouvir as mulheres de nossa cidade. A programa\u00e7\u00e3o est\u00e1 extensa. Escolha o seu evento e fa\u00e7a parte. Engaje-se politicamente em defesa das mulheres macaenses\u201d, convidou Iza, que \u00e9 advogada com especializa\u00e7\u00e3o em Direitos Humanos e atualmente mestranda em Administra\u00e7\u00e3o P\u00fablica.<\/p>\n\n\n\n<p>A parlamentar ainda ser\u00e1 uma das participantes da roda de conversa \u201cMulheres pretas em espa\u00e7os de poder\u201d, no dia 23. Servidora da C\u00e2mara, comunic\u00f3loga e especialista em neuroeduca\u00e7\u00e3o, L\u00edvia Suhett far\u00e1 a media\u00e7\u00e3o. Elas estar\u00e3o juntas com a secret\u00e1rias de Pol\u00edticas P\u00fablicas para as Mulheres, Sheila Juv\u00eancio, e Pol\u00edticas de Promo\u00e7\u00e3o da Igualdade Racial, Zoraia Braz, al\u00e9m da pedagoga Elioenai M\u00f4nica e a cabeleireira Sara Fernandes.<\/p>\n\n\n\n<p>J\u00e1 no dia 30, acontece a solenidade de entrega da \u201cMedalha Alba Corral\u201d para mulheres que fazem a diferen\u00e7a na sociedade macaense. O ato ser\u00e1 transmitido ao vivo, a partir das 17h, no canal C\u00e2mara de Maca\u00e9 (YouTube).<\/p>\n\n\n\n<p>O presidente Cesinha (Solidariedade) refor\u00e7a o convite para o p\u00fablico. \u201cPreparamos esses eventos com muito carinho. Teremos grandes oportunidades para aprender e trocar experi\u00eancias valiosas.\u201d<\/p>\n\n\n\n<p><strong>Confira a programa\u00e7\u00e3o completa:<\/strong><\/p>\n\n\n\n<p><strong>\u2013 09\/03 (quinta-feira)<br><\/strong>Palestra: Ass\u00e9dio no ambiente do trabalho<br>Hor\u00e1rio: 17h<br><strong>Local: Centro Cultural do Legislativo<\/strong><\/p>\n\n\n\n<p><strong>\u2013 15\/03 (quarta-feira)<br><\/strong>Audi\u00eancia P\u00fablica \u201cElas Pensam Maca\u00e9!\u201d<br>Hor\u00e1rio: 17h<br>Local: Centro Cultural do Legislativo<\/p>\n\n\n\n<p><strong>\u2013 16\/03 (quinta-feira)<br><\/strong>A\u00e7\u00e3o de Bem Estar da Mulher<br>Hor\u00e1rio: 17h<br>Local: Centro Cultural do Legislativo<\/p>\n\n\n\n<p><strong>\u2013 23\/03 (quinta-feira)<br><\/strong>Roda de conversa \u201cMulheres pretas em espa\u00e7os de poder\u201d<br>Hor\u00e1rio: 17h<br>Local: Centro Cultural do Legislativo<\/p>\n\n\n\n<p><strong>\u2013 30\/03 (quinta-feira)<br><\/strong>Solenidade \u201cMedalha Alba Corral\u201d<br>Hor\u00e1rio: 17h<br>Transmiss\u00e3o ao vivo no YouTube<\/p>\n\n\n\n<p>Endere\u00e7o:<\/p>\n\n\n\n<p><strong>Centro Cultural do Legislativo<br><\/strong>Avenida Rui Barbosa, 197 \u2013 Centro<\/p>\n\n\n\n<p><em>Por Secom C\u00e2mara de Maca\u00e9<\/em><\/p>\n\n\n\n<p><a href=\"https:\/\/cmmacae.rj.gov.br\/2023\/03\/02\/\"><\/a><\/p>\n","protected":false},"excerpt":{"rendered":"<p>Nas pr\u00f3ximas semanas, a C\u00e2mara de Maca\u00e9 promove, no Centro Cultural do Legislativo, uma s\u00e9rie de atividades gratuitas relacionadas ao M\u00eas Internacional da Mulher. Os eventos, sempre \u00e0s 17h, t\u00eam o objetivo de promover discuss\u00f5es sobre a quest\u00e3o feminina, com a presen\u00e7a confirmada de importantes lideran\u00e7as e representantes da sociedade civil. A programa\u00e7\u00e3o foi elaborada [&hellip;]<\/p>\n","protected":false},"author":2,"featured_media":7774,"comment_status":"closed","ping_status":"closed","sticky":false,"template":"","format":"standard","meta":{"postBodyCss":"","postBodyMargin":[],"postBodyPadding":[],"postBodyBackground":{"backgroundType":"classic","gradient":""},"footnotes":""},"categories":[42],"tags":[94,332],"class_list":["post-7772","post","type-post","status-publish","format-standard","has-post-thumbnail","hentry","category-macae","tag-camara-municipal-de-macae","tag-dia-da-mulher"],"aioseo_notices":[],"_links":{"self":[{"href":"https:\/\/aconteceemmacaeeregiao.com.br\/index.php\/wp-json\/wp\/v2\/posts\/7772","targetHints":{"allow":["GET"]}}],"collection":[{"href":"https:\/\/aconteceemmacaeeregiao.com.br\/index.php\/wp-json\/wp\/v2\/posts"}],"about":[{"href":"https:\/\/aconteceemmacaeeregiao.com.br\/index.php\/wp-json\/wp\/v2\/types\/post"}],"author":[{"embeddable":true,"href":"https:\/\/aconteceemmacaeeregiao.com.br\/index.php\/wp-json\/wp\/v2\/users\/2"}],"replies":[{"embeddable":true,"href":"https:\/\/aconteceemmacaeeregiao.com.br\/index.php\/wp-json\/wp\/v2\/comments?post=7772"}],"version-history":[{"count":0,"href":"https:\/\/aconteceemmacaeeregiao.com.br\/index.php\/wp-json\/wp\/v2\/posts\/7772\/revisions"}],"wp:featuredmedia":[{"embeddable":true,"href":"https:\/\/aconteceemmacaeeregiao.com.br\/index.php\/wp-json\/wp\/v2\/media\/7774"}],"wp:attachment":[{"href":"https:\/\/aconteceemmacaeeregiao.com.br\/index.php\/wp-json\/wp\/v2\/media?parent=7772"}],"wp:term":[{"taxonomy":"category","embeddable":true,"href":"https:\/\/aconteceemmacaeeregiao.com.br\/index.php\/wp-json\/wp\/v2\/categories?post=7772"},{"taxonomy":"post_tag","embeddable":true,"href":"https:\/\/aconteceemmacaeeregiao.com.br\/index.php\/wp-json\/wp\/v2\/tags?post=7772"}],"curies":[{"name":"wp","href":"https:\/\/api.w.org\/{rel}","templated":true}]}}