{"id":7880,"date":"2023-03-11T14:22:43","date_gmt":"2023-03-11T17:22:43","guid":{"rendered":"https:\/\/aconteceemmacaeeregiao.com.br\/?p=7880"},"modified":"2023-03-11T14:22:44","modified_gmt":"2023-03-11T17:22:44","slug":"vereadores-debatem-acidentes-com-animais-nas-linhas-verde-e-azul","status":"publish","type":"post","link":"https:\/\/aconteceemmacaeeregiao.com.br\/index.php\/2023\/03\/11\/vereadores-debatem-acidentes-com-animais-nas-linhas-verde-e-azul\/","title":{"rendered":"<strong>Vereadores debatem acidentes com animais nas linhas Verde e Azul<\/strong>"},"content":{"rendered":"\n<p>Foi aprovado, nesta quarta-feira (8) na C\u00e2mara de Maca\u00e9, requerimento de Rafael Amorim (PDT), solicitando \u00e0 Secretaria de Mobilidade Urbana informa\u00e7\u00f5es sobre acidentes com animais de grande porte. \u201cTivemos nos anos 2000 uma moderniza\u00e7\u00e3o nas linhas Azul e Verde, e na Avenida Industrial. Mas agora devemos torn\u00e1-las mais seguras\u201d.<\/p>\n\n\n\n<p>Segundo ele, trata-se de reclama\u00e7\u00f5es da popula\u00e7\u00e3o. \u201cEu fui muitas vezes aos locais, fiz v\u00eddeos, conversei com as pessoas, removi corpos. Vidas humanas tamb\u00e9m correm risco\u201d, disse o parlamentar. Amaro Luiz (PRTB) concordou. \u201cEm 2003, eu fiz um requerimento semelhante. E na \u00e9poca j\u00e1 ocorriam acidentes. Recentemente, eu mesmo quase me envolvi em um. \u00c0s sete horas da noite, um animal atravessou na minha frente e por pouco n\u00e3o atropelei\u201d.<\/p>\n\n\n\n<p>Jos\u00e9 Prestes (PTB) afirmou que o problema n\u00e3o acontece s\u00f3 na \u00e1rea urbana. \u201cUm dia desses, em nossa estrada estreita na Bicuda (Regi\u00e3o Serrana), um rapaz sofreu acidente num caminh\u00e3o porque tinha um cavalo na pista\u201d. Quanto \u00e0s vias citadas por Rafael, ele prop\u00f4s a coloca\u00e7\u00e3o de&nbsp;<em>guard rails<\/em>&nbsp;\u2013 tamb\u00e9m conhecidos como guarda-corpo, uma prote\u00e7\u00e3o em gradil a meia altura \u2013&nbsp; e disse que falta sinaliza\u00e7\u00e3o. \u201cJ\u00e1 vi v\u00e1rios carros entrando em val\u00f5es, por excesso de velocidade\u201d.<\/p>\n\n\n\n<p><strong>Telefonia, escolas e vazamento de \u00e1gua<\/strong><\/p>\n\n\n\n<p>Entre outros requerimentos, foram ainda aprovados um de Tico Jardim (Solidariedade) solicitando \u00e0 TIM provid\u00eancias quanto a problemas com o sinal da operadora. Outro de Luiz Matos (Republicanos) pediu \u00e0 Secretaria de Educa\u00e7\u00e3o o cronograma de reformas nas escolas. Ele tamb\u00e9m foi autor de proposi\u00e7\u00e3o para que a Cedae resolva vazamento em Rua do Novo Horizonte.<\/p>\n\n\n\n<p><em>Por Secom C\u00e2mara Municipal de Maca\u00e9<\/em><\/p>\n\n\n\n<p><a href=\"https:\/\/cmmacae.rj.gov.br\/2023\/03\/08\/\"><\/a><\/p>\n","protected":false},"excerpt":{"rendered":"<p>Foi aprovado, nesta quarta-feira (8) na C\u00e2mara de Maca\u00e9, requerimento de Rafael Amorim (PDT), solicitando \u00e0 Secretaria de Mobilidade Urbana informa\u00e7\u00f5es sobre acidentes com animais de grande porte. \u201cTivemos nos anos 2000 uma moderniza\u00e7\u00e3o nas linhas Azul e Verde, e na Avenida Industrial. Mas agora devemos torn\u00e1-las mais seguras\u201d. Segundo ele, trata-se de reclama\u00e7\u00f5es da [&hellip;]<\/p>\n","protected":false},"author":2,"featured_media":7882,"comment_status":"closed","ping_status":"closed","sticky":false,"template":"","format":"standard","meta":{"postBodyCss":"","postBodyMargin":[],"postBodyPadding":[],"postBodyBackground":{"backgroundType":"classic","gradient":""},"footnotes":""},"categories":[166],"tags":[94,366,365],"class_list":["post-7880","post","type-post","status-publish","format-standard","has-post-thumbnail","hentry","category-politica-macae","tag-camara-municipal-de-macae","tag-linha-azul","tag-linha-verde"],"aioseo_notices":[],"_links":{"self":[{"href":"https:\/\/aconteceemmacaeeregiao.com.br\/index.php\/wp-json\/wp\/v2\/posts\/7880","targetHints":{"allow":["GET"]}}],"collection":[{"href":"https:\/\/aconteceemmacaeeregiao.com.br\/index.php\/wp-json\/wp\/v2\/posts"}],"about":[{"href":"https:\/\/aconteceemmacaeeregiao.com.br\/index.php\/wp-json\/wp\/v2\/types\/post"}],"author":[{"embeddable":true,"href":"https:\/\/aconteceemmacaeeregiao.com.br\/index.php\/wp-json\/wp\/v2\/users\/2"}],"replies":[{"embeddable":true,"href":"https:\/\/aconteceemmacaeeregiao.com.br\/index.php\/wp-json\/wp\/v2\/comments?post=7880"}],"version-history":[{"count":0,"href":"https:\/\/aconteceemmacaeeregiao.com.br\/index.php\/wp-json\/wp\/v2\/posts\/7880\/revisions"}],"wp:featuredmedia":[{"embeddable":true,"href":"https:\/\/aconteceemmacaeeregiao.com.br\/index.php\/wp-json\/wp\/v2\/media\/7882"}],"wp:attachment":[{"href":"https:\/\/aconteceemmacaeeregiao.com.br\/index.php\/wp-json\/wp\/v2\/media?parent=7880"}],"wp:term":[{"taxonomy":"category","embeddable":true,"href":"https:\/\/aconteceemmacaeeregiao.com.br\/index.php\/wp-json\/wp\/v2\/categories?post=7880"},{"taxonomy":"post_tag","embeddable":true,"href":"https:\/\/aconteceemmacaeeregiao.com.br\/index.php\/wp-json\/wp\/v2\/tags?post=7880"}],"curies":[{"name":"wp","href":"https:\/\/api.w.org\/{rel}","templated":true}]}}