{"id":7884,"date":"2023-03-11T14:32:36","date_gmt":"2023-03-11T17:32:36","guid":{"rendered":"https:\/\/aconteceemmacaeeregiao.com.br\/?p=7884"},"modified":"2023-03-11T14:32:37","modified_gmt":"2023-03-11T17:32:37","slug":"camara-orienta-mulheres-no-combate-ao-assedio-moral-e-sexual","status":"publish","type":"post","link":"https:\/\/aconteceemmacaeeregiao.com.br\/index.php\/2023\/03\/11\/camara-orienta-mulheres-no-combate-ao-assedio-moral-e-sexual\/","title":{"rendered":"<strong>C\u00e2mara orienta mulheres no combate ao ass\u00e9dio moral e sexual<\/strong>"},"content":{"rendered":"\n<p>Piadas que desqualificam o g\u00eanero feminino, coment\u00e1rios sobre a sua apar\u00eancia, imposi\u00e7\u00e3o de metas inating\u00edveis, sobrecarga, vigil\u00e2ncia e cobran\u00e7a excessiva s\u00e3o apenas alguns dos desafios que as mulheres enfrentam diariamente no ambiente de trabalho. Com o objetivo de ajudar essas profissionais a lutar contra o ass\u00e9dio moral e sexual, a C\u00e2mara Municipal de Maca\u00e9 promoveu uma palestra na noite desta quinta-feira (9), no Centro Cultural do Legislativo.<\/p>\n\n\n\n<p>O evento faz parte da\u00a0<a href=\"https:\/\/cmmacae.rj.gov.br\/camara-de-macae-divulga-programacao-do-mes-da-mulher\/\">programa\u00e7\u00e3o do M\u00eas<\/a><a href=\"https:\/\/aconteceemmacaeeregiao.com.br\/index.php\/2023\/03\/07\/camara-de-macae-divulga-programacao-do-mes-da-mulher\/\" title=\"\"> da Mulher<\/a>, idealizada pelo Legislativo macaense e destinada de forma gratuita a todas as cidad\u00e3s da cidade. A mediadora foi a vereadora Iza Vicente (Rede), \u00fanica mulher parlamentar da Casa. Ela tamb\u00e9m \u00e9 advogada e est\u00e1 \u00e0 frente da Procuradoria da Mulher, que recebe den\u00fancias (<a href=\"mailto:procuradoriadamulher@cmmacae.rj.gov.br\">procuradoriadamulher@cmmacae.rj.gov.br<\/a>) e orienta as v\u00edtimas nesses e em outros casos de viol\u00eancia e discrimina\u00e7\u00e3o de g\u00eanero.<\/p>\n\n\n\n<p>Para Iza \u00e9 importante prevenir essas situa\u00e7\u00f5es e capacitar as v\u00edtimas para que elas identifiquem os abusos e saibam como agir diante dessas situa\u00e7\u00f5es. \u201cSabemos o quanto \u00e9 dif\u00edcil para as mulheres denunciarem o ass\u00e9dio moral ou sexual. Porque elas t\u00eam a sua compet\u00eancia questionada deliberada e reiteradamente e, na maior parte das vezes, dependem do emprego para sustentar a si e a fam\u00edlia\u201d<\/p>\n\n\n\n<p>O presidente Cesinha (Solidariedade) tamb\u00e9m esteve presente no evento e lembrou o aumento de casos de ass\u00e9dio e outros tipos de viol\u00eancia contra as mulheres nos \u00faltimos anos. \u201cSaibam que voc\u00eas podem contar com a C\u00e2mara para denunciar e apoi\u00e1-las na batalha contra o preconceito e a discrimina\u00e7\u00e3o\u201d.<\/p>\n\n\n\n<p><strong>Especialistas orientam cidad\u00e3s<\/strong><\/p>\n\n\n\n<p>A palestra come\u00e7ou com a defini\u00e7\u00e3o de ass\u00e9dio moral. Segundo a especialista em direito do trabalho Maria No\u00eamia Ven\u00e2ncio, o seu objetivo \u00e9 desestabilizar emocionalmente a pessoa, a fim de que ela fa\u00e7a algo para ser demitida ou pe\u00e7a a pr\u00f3pria demiss\u00e3o. \u201cPara que se configure o ass\u00e9dio moral, \u00e9 preciso que as a\u00e7\u00f5es sejam direcionadas \u00e0 v\u00edtima, aconte\u00e7am de modo repetitivo e por longo prazo\u201d.<\/p>\n\n\n\n<p>Maria No\u00eamia tamb\u00e9m falou do ass\u00e9dio organizacional, que permite o abuso por omiss\u00e3o ou pela cria\u00e7\u00e3o de ambientes competitivos, nas quais os funcion\u00e1rios s\u00e3o levados a disputar entre si. \u201cGestores despreparados e a exig\u00eancia de uma alta produtividade a todo custo s\u00e3o as principais causas, levando os profissionais ao&nbsp;<em>burnout<\/em>&nbsp;e a outras doen\u00e7as mentais\u201d \u2013 o que em \u00faltima inst\u00e2ncia acaba por inviabilizar o neg\u00f3cio.<\/p>\n\n\n\n<p>A advogada criminalista Ana Carolina Medeiros explicou que o ass\u00e9dio sexual por chantagem pressup\u00f5e algum tipo de proposta ou favor sexual entre pessoas em posi\u00e7\u00f5es hier\u00e1rquicas distintas. \u201cNeste caso, \u00e9 necessariamente uma rela\u00e7\u00e3o entre chefe e subordinada, na qual o superior usa a sua posi\u00e7\u00e3o para amea\u00e7ar, chantagear ou oferecer supostas vantagens \u00e0 v\u00edtima\u201d.<\/p>\n\n\n\n<p>Mas h\u00e1 ainda o ass\u00e9dio sexual por intimida\u00e7\u00e3o, onde a v\u00edtima \u00e9 submetida \u00e0 exposi\u00e7\u00e3o de pornografia, provoca\u00e7\u00f5es, falsas piadas, elogios ou coment\u00e1rios constrangedores e de conota\u00e7\u00e3o sensual ou sexual \u2013 por colega de trabalho. \u201cN\u00e3o precisa ter toque ou ato sexual para configurar o ass\u00e9dio. Tudo o que se faz contra a vontade do outro pode ser enquadrado desse modo e \u00e9 pass\u00edvel de repara\u00e7\u00e3o na esfera trabalhista, c\u00edvel e criminal\u201d, esclareceu Ana Carolina.<\/p>\n\n\n\n<p><em>Por jornalista Adriana Corr\u00eaa Porto\/ Secom C\u00e2mara<\/em><\/p>\n\n\n\n<p><a href=\"https:\/\/cmmacae.rj.gov.br\/2023\/03\/10\/\"><\/a><\/p>\n","protected":false},"excerpt":{"rendered":"<p>Piadas que desqualificam o g\u00eanero feminino, coment\u00e1rios sobre a sua apar\u00eancia, imposi\u00e7\u00e3o de metas inating\u00edveis, sobrecarga, vigil\u00e2ncia e cobran\u00e7a excessiva s\u00e3o apenas alguns dos desafios que as mulheres enfrentam diariamente no ambiente de trabalho. Com o objetivo de ajudar essas profissionais a lutar contra o ass\u00e9dio moral e sexual, a C\u00e2mara Municipal de Maca\u00e9 promoveu [&hellip;]<\/p>\n","protected":false},"author":2,"featured_media":7886,"comment_status":"closed","ping_status":"closed","sticky":false,"template":"","format":"standard","meta":{"postBodyCss":"","postBodyMargin":[],"postBodyPadding":[],"postBodyBackground":{"backgroundType":"classic","gradient":""},"footnotes":""},"categories":[166],"tags":[333,367,94,332,120],"class_list":["post-7884","post","type-post","status-publish","format-standard","has-post-thumbnail","hentry","category-politica-macae","tag-abuso-sexual","tag-assedio","tag-camara-municipal-de-macae","tag-dia-da-mulher","tag-mulher"],"aioseo_notices":[],"_links":{"self":[{"href":"https:\/\/aconteceemmacaeeregiao.com.br\/index.php\/wp-json\/wp\/v2\/posts\/7884","targetHints":{"allow":["GET"]}}],"collection":[{"href":"https:\/\/aconteceemmacaeeregiao.com.br\/index.php\/wp-json\/wp\/v2\/posts"}],"about":[{"href":"https:\/\/aconteceemmacaeeregiao.com.br\/index.php\/wp-json\/wp\/v2\/types\/post"}],"author":[{"embeddable":true,"href":"https:\/\/aconteceemmacaeeregiao.com.br\/index.php\/wp-json\/wp\/v2\/users\/2"}],"replies":[{"embeddable":true,"href":"https:\/\/aconteceemmacaeeregiao.com.br\/index.php\/wp-json\/wp\/v2\/comments?post=7884"}],"version-history":[{"count":0,"href":"https:\/\/aconteceemmacaeeregiao.com.br\/index.php\/wp-json\/wp\/v2\/posts\/7884\/revisions"}],"wp:featuredmedia":[{"embeddable":true,"href":"https:\/\/aconteceemmacaeeregiao.com.br\/index.php\/wp-json\/wp\/v2\/media\/7886"}],"wp:attachment":[{"href":"https:\/\/aconteceemmacaeeregiao.com.br\/index.php\/wp-json\/wp\/v2\/media?parent=7884"}],"wp:term":[{"taxonomy":"category","embeddable":true,"href":"https:\/\/aconteceemmacaeeregiao.com.br\/index.php\/wp-json\/wp\/v2\/categories?post=7884"},{"taxonomy":"post_tag","embeddable":true,"href":"https:\/\/aconteceemmacaeeregiao.com.br\/index.php\/wp-json\/wp\/v2\/tags?post=7884"}],"curies":[{"name":"wp","href":"https:\/\/api.w.org\/{rel}","templated":true}]}}