{"id":7957,"date":"2023-03-15T16:31:14","date_gmt":"2023-03-15T19:31:14","guid":{"rendered":"https:\/\/aconteceemmacaeeregiao.com.br\/?p=7957"},"modified":"2023-03-15T17:55:28","modified_gmt":"2023-03-15T20:55:28","slug":"o-que-fazer-para-nao-cair-na-malha-fina-do-leao","status":"publish","type":"post","link":"https:\/\/aconteceemmacaeeregiao.com.br\/index.php\/2023\/03\/15\/o-que-fazer-para-nao-cair-na-malha-fina-do-leao\/","title":{"rendered":"O que fazer para n\u00e3o cair na &#8220;malha fina&#8221; do le\u00e3o"},"content":{"rendered":"\n<p><em><strong>A gerente de contabilidade, Carolina Dantas, explica quais os procedimentos devem ser feitos para evitar ser &#8220;pego pelo Le\u00e3o&#8221; e ainda evitar atrasos no recebimento da restitui\u00e7\u00e3o; al\u00e9m das novas regras da Receita Federal<\/strong><\/em><\/p>\n\n\n\n<p>O prazo de envio da Declara\u00e7\u00e3o do Imposto de Renda 2023, referente ao ano calend\u00e1rio de 2022, come\u00e7a nesta quarta-feira (15). O contribuinte ter\u00e1 at\u00e9 as 23h59 do dia 31 de maio para disponibilizar \u00e0 Receita Federal a documenta\u00e7\u00e3o necess\u00e1ria para an\u00e1lise. O preenchimento correto da declara\u00e7\u00e3o evita que o contribuinte caia na Malha Fiscal, ou &#8220;malha fina&#8221; como \u00e9 popularmente conhecida.<\/p>\n\n\n\n<p>Segundo a gerente da empresa Elite Contabilidade, Carolina Dantas, a an\u00e1lise da Receita Federal \u00e9 bem rigorosa, e o contribuinte deve ficar atento para que os rendimentos recebidos, tribut\u00e1veis ou n\u00e3o, sejam informados de forma correta.<\/p>\n\n\n\n<p>&#8220;O sistema da Receita Federal analisa e compara a documenta\u00e7\u00e3o fornecida com as enviadas por entidades, como empresas, institui\u00e7\u00f5es financeiras, planos de sa\u00fade e outros. Quando as informa\u00e7\u00f5es n\u00e3o se confirmam, o contribuinte cai na &#8220;malha fina&#8221; para uma an\u00e1lise mais aprofundada. Esse procedimento atrasa o recebimento da restitui\u00e7\u00e3o. Quanto mais correta a declara\u00e7\u00e3o estiver e o quanto antes for entregue, mais r\u00e1pido poder\u00e1 ocorrer o recebimento da restitui\u00e7\u00e3o, se tiver direito&#8221;.<\/p>\n\n\n\n<p>Ainda de acordo com Carolina, a maioria dos casos dos cidad\u00e3os que caem na &#8220;malha fina&#8221; s\u00e3o omiss\u00f5es de ganhos em atividades secund\u00e1rias, comprova\u00e7\u00e3o de despesas m\u00e9dicas e diverg\u00eancias de valores de reten\u00e7\u00e3o na fonte.&nbsp;Um simples erro de digita\u00e7\u00e3o tamb\u00e9m pode virar um problema com chances de bloqueio e multa.&nbsp;<\/p>\n\n\n\n<p><strong>MUDAN\u00c7AS NO IMPOSTO DE RENDA 2023<\/strong><\/p>\n\n\n\n<p>A gerente lembra que neste ano de 2023, o preenchimento passou por mudan\u00e7as, entre elas a o cruzamento de dados por meio da declara\u00e7\u00e3o pr\u00e9-preenchida, que de fato facilita por j\u00e1 constar os dados enviados por institui\u00e7\u00e3o e minimizar erros, sendo necess\u00e1rio apenas conferir os dados e corrigi-los ou acrescent\u00e1-los, se necess\u00e1rio.<\/p>\n\n\n\n<p>Outra mudan\u00e7a \u00e9 que agora tamb\u00e9m, al\u00e9m do pr\u00f3prio contribuinte, pode fazer uso da declara\u00e7\u00e3o pr\u00e9-preenchida o procurador pessoa f\u00edsica ou jur\u00eddica do contribuinte, via procura\u00e7\u00e3o eletr\u00f4nica; e a pessoa autorizada pelo contribuinte \u2013 como dependentes e grupos familiares \u2013 por meio da nova funcionalidade &#8220;Autoriza\u00e7\u00e3o de acesso&#8221;, dispon\u00edvel apenas na ferramenta Meu Imposto de Renda. &nbsp;<\/p>\n\n\n\n<p>A Carolina alerta que &#8220;tanto quem autoriza como quem faz uso da autoriza\u00e7\u00e3o deve possuir conta digital no&nbsp;<a href=\"http:\/\/gov.br\/\" target=\"_blank\" rel=\"noreferrer noopener\">GOV.BR<\/a>&nbsp;nos n\u00edveis Ouro ou Prata&#8221;.<\/p>\n\n\n\n<p>A terceira altera\u00e7\u00e3o \u00e9 quanto \u00e0 forma de declarar pens\u00e3o aliment\u00edcia recebida, que deixam de ser declaradas como Rendimentos Tribut\u00e1veis Recebidos de PF\/Exterior e passam a ser inclu\u00eddas na ficha de Rendimentos Isentos e N\u00e3o Tribut\u00e1veis.<\/p>\n\n\n\n<p>A quarta mudan\u00e7a s\u00e3o os novos casos de prioridade na hora de receber a restitui\u00e7\u00e3o. Antes, o primeiro lote era dedicado, por Lei, aos idosos, pessoas com defici\u00eancia e doen\u00e7as graves e professores. Agora qualquer contribuinte que utilizar a declara\u00e7\u00e3o pr\u00e9-preenchida ou optar por receber sua restitui\u00e7\u00e3o via PIX.<\/p>\n\n\n\n<p>Quem faz opera\u00e7\u00f5es em bolsa fica obrigado a declarar aqueles que tenham feito aliena\u00e7\u00f5es de ativos negociados em bolsa no valor de at\u00e9 R$ 40 mil no ano anterior ou, em caso de aliena\u00e7\u00f5es em valor menor, que tenham obtido lucros tribut\u00e1veis com essas opera\u00e7\u00f5es.<\/p>\n\n\n\n<p><strong><br>QUEM DEVE CONTRIBUIR<\/strong><\/p>\n\n\n\n<p>De acordo com o Governo Federal, deve declarar o Imposto de Renda em 2023 o cidad\u00e3o residente no Brasil que recebeu rendimentos tribut\u00e1veis acima de R$ R$ 28.559,70 no ano, ou cerca de R$ 2.380 por m\u00eas, incluindo sal\u00e1rios, aposentadorias, pens\u00f5es e alugu\u00e9is; que recebeu rendimento isento, n\u00e3o tribut\u00e1vel ou tributado exclusivamente na fonte acima de R$ 40 mil; e que obteve, em qualquer m\u00eas, ganho de capital na aliena\u00e7\u00e3o de bens ou direitos sujeito \u00e0 incid\u00eancia do Imposto.<\/p>\n\n\n\n<p>Tamb\u00e9m deve declarar o IRPF em 2023 quem tinha, em 31 de dezembro, a posse ou a propriedade de bens ou direitos, inclusive terra nua, de valor total superior a R $300 mil.<\/p>\n\n\n\n<p>Em rela\u00e7\u00e3o \u00e0 atividade rural, tamb\u00e9m deve declarar o cidad\u00e3o que obteve receita bruta em valor superior a R$ 142.798,50; que pretenda compensar, no ano-calend\u00e1rio de 2022 ou posteriores, preju\u00edzos de anos-calend\u00e1rio anteriores ou do pr\u00f3prio ano-calend\u00e1rio de 2022.<\/p>\n\n\n\n<p>E ainda quem fez opera\u00e7\u00f5es em bolsas de valores, de mercadorias, de futuros e assemelhadas, e realizou somat\u00f3rio de vendas, inclusive isentas, superior a R $40 mil; e opera\u00e7\u00f5es sujeitas \u00e0 incid\u00eancia do imposto.<\/p>\n\n\n\n<p>A Receita Federal espera receber entre 38,5 milh\u00f5es e 39,50 milh\u00f5es de declara\u00e7\u00f5es dentro do prazo estipulado, que vai at\u00e9 31 de maio. Segundo a institui\u00e7\u00e3o, o uso da declara\u00e7\u00e3o pr\u00e9-preenchida deve alcan\u00e7ar 25% dos contribuintes.<\/p>\n\n\n\n<p><em>Por Monique Gon\u00e7alves<\/em> \/ <em>Jornalista e assessora de imprensa<br>MT 0033471RJ<br>Ag\u00eancia MG Comunica<\/em><\/p>\n","protected":false},"excerpt":{"rendered":"<p>A gerente de contabilidade, Carolina Dantas, explica quais os procedimentos devem ser feitos para evitar ser &#8220;pego pelo Le\u00e3o&#8221; e ainda evitar atrasos no recebimento da restitui\u00e7\u00e3o; al\u00e9m das novas regras da Receita Federal O prazo de envio da Declara\u00e7\u00e3o do Imposto de Renda 2023, referente ao ano calend\u00e1rio de 2022, come\u00e7a nesta quarta-feira (15). [&hellip;]<\/p>\n","protected":false},"author":2,"featured_media":7959,"comment_status":"closed","ping_status":"closed","sticky":false,"template":"","format":"standard","meta":{"postBodyCss":"","postBodyMargin":[],"postBodyPadding":[],"postBodyBackground":{"backgroundType":"classic","gradient":""},"footnotes":""},"categories":[45],"tags":[71,330,374,373],"class_list":["post-7957","post","type-post","status-publish","format-standard","has-post-thumbnail","hentry","category-economia","tag-dicas","tag-imposto","tag-imposto-de-renda","tag-receita-federal"],"aioseo_notices":[],"_links":{"self":[{"href":"https:\/\/aconteceemmacaeeregiao.com.br\/index.php\/wp-json\/wp\/v2\/posts\/7957","targetHints":{"allow":["GET"]}}],"collection":[{"href":"https:\/\/aconteceemmacaeeregiao.com.br\/index.php\/wp-json\/wp\/v2\/posts"}],"about":[{"href":"https:\/\/aconteceemmacaeeregiao.com.br\/index.php\/wp-json\/wp\/v2\/types\/post"}],"author":[{"embeddable":true,"href":"https:\/\/aconteceemmacaeeregiao.com.br\/index.php\/wp-json\/wp\/v2\/users\/2"}],"replies":[{"embeddable":true,"href":"https:\/\/aconteceemmacaeeregiao.com.br\/index.php\/wp-json\/wp\/v2\/comments?post=7957"}],"version-history":[{"count":0,"href":"https:\/\/aconteceemmacaeeregiao.com.br\/index.php\/wp-json\/wp\/v2\/posts\/7957\/revisions"}],"wp:featuredmedia":[{"embeddable":true,"href":"https:\/\/aconteceemmacaeeregiao.com.br\/index.php\/wp-json\/wp\/v2\/media\/7959"}],"wp:attachment":[{"href":"https:\/\/aconteceemmacaeeregiao.com.br\/index.php\/wp-json\/wp\/v2\/media?parent=7957"}],"wp:term":[{"taxonomy":"category","embeddable":true,"href":"https:\/\/aconteceemmacaeeregiao.com.br\/index.php\/wp-json\/wp\/v2\/categories?post=7957"},{"taxonomy":"post_tag","embeddable":true,"href":"https:\/\/aconteceemmacaeeregiao.com.br\/index.php\/wp-json\/wp\/v2\/tags?post=7957"}],"curies":[{"name":"wp","href":"https:\/\/api.w.org\/{rel}","templated":true}]}}