{"id":7985,"date":"2023-03-15T20:27:59","date_gmt":"2023-03-15T23:27:59","guid":{"rendered":"https:\/\/aconteceemmacaeeregiao.com.br\/?p=7985"},"modified":"2023-03-15T20:28:00","modified_gmt":"2023-03-15T23:28:00","slug":"ja-comecou-a-tradicional-festa-de-sao-jose","status":"publish","type":"post","link":"https:\/\/aconteceemmacaeeregiao.com.br\/index.php\/2023\/03\/15\/ja-comecou-a-tradicional-festa-de-sao-jose\/","title":{"rendered":"J\u00e1 come\u00e7ou a tradicional Festa de S\u00e3o Jos\u00e9"},"content":{"rendered":"\n<p><strong><em>E hoje, 15\/3, come\u00e7am as Festividades de S\u00e3o Jos\u00e9!!<\/em><\/strong><\/p>\n\n\n\n<p>Portanto, hoje , quarta-feira, 15\/3, teremos o primeiro dia do Triduo de S\u00e3o Jos\u00e9, as 18h30 min!! Gesto concreto: \u00f3leo.<br><\/p>\n\n\n\n<p>E teremos as tradicionais barraquinhas de S\u00e3o Jos\u00e9, em frente a recep\u00e7\u00e3o da Casa do Idoso, com pizzas, doces e artesanato!! Simplicidade pura como S\u00e3o Jos\u00e9!! Vamos participar!!<\/p>\n\n\n\n<p>Divulguem!! S\u00e3o Jos\u00e9 valei nos !!\ud83d\ude4f\ud83c\udffb\ud83d\ude4f\ud83c\udffb<\/p>\n","protected":false},"excerpt":{"rendered":"<p>E hoje, 15\/3, come\u00e7am as Festividades de S\u00e3o Jos\u00e9!! Portanto, hoje , quarta-feira, 15\/3, teremos o primeiro dia do Triduo de S\u00e3o Jos\u00e9, as 18h30 min!! Gesto concreto: \u00f3leo. E teremos as tradicionais barraquinhas de S\u00e3o Jos\u00e9, em frente a recep\u00e7\u00e3o da Casa do Idoso, com pizzas, doces e artesanato!! Simplicidade pura como S\u00e3o Jos\u00e9!! [&hellip;]<\/p>\n","protected":false},"author":2,"featured_media":7987,"comment_status":"closed","ping_status":"closed","sticky":false,"template":"","format":"standard","meta":{"postBodyCss":"","postBodyMargin":[],"postBodyPadding":[],"postBodyBackground":{"backgroundType":"classic","gradient":""},"footnotes":""},"categories":[200,42],"tags":[322,118],"class_list":["post-7985","post","type-post","status-publish","format-standard","has-post-thumbnail","hentry","category-evento","category-macae","tag-religiao","tag-social"],"aioseo_notices":[],"_links":{"self":[{"href":"https:\/\/aconteceemmacaeeregiao.com.br\/index.php\/wp-json\/wp\/v2\/posts\/7985","targetHints":{"allow":["GET"]}}],"collection":[{"href":"https:\/\/aconteceemmacaeeregiao.com.br\/index.php\/wp-json\/wp\/v2\/posts"}],"about":[{"href":"https:\/\/aconteceemmacaeeregiao.com.br\/index.php\/wp-json\/wp\/v2\/types\/post"}],"author":[{"embeddable":true,"href":"https:\/\/aconteceemmacaeeregiao.com.br\/index.php\/wp-json\/wp\/v2\/users\/2"}],"replies":[{"embeddable":true,"href":"https:\/\/aconteceemmacaeeregiao.com.br\/index.php\/wp-json\/wp\/v2\/comments?post=7985"}],"version-history":[{"count":0,"href":"https:\/\/aconteceemmacaeeregiao.com.br\/index.php\/wp-json\/wp\/v2\/posts\/7985\/revisions"}],"wp:featuredmedia":[{"embeddable":true,"href":"https:\/\/aconteceemmacaeeregiao.com.br\/index.php\/wp-json\/wp\/v2\/media\/7987"}],"wp:attachment":[{"href":"https:\/\/aconteceemmacaeeregiao.com.br\/index.php\/wp-json\/wp\/v2\/media?parent=7985"}],"wp:term":[{"taxonomy":"category","embeddable":true,"href":"https:\/\/aconteceemmacaeeregiao.com.br\/index.php\/wp-json\/wp\/v2\/categories?post=7985"},{"taxonomy":"post_tag","embeddable":true,"href":"https:\/\/aconteceemmacaeeregiao.com.br\/index.php\/wp-json\/wp\/v2\/tags?post=7985"}],"curies":[{"name":"wp","href":"https:\/\/api.w.org\/{rel}","templated":true}]}}