{"id":8005,"date":"2023-03-16T20:23:40","date_gmt":"2023-03-16T23:23:40","guid":{"rendered":"https:\/\/aconteceemmacaeeregiao.com.br\/?p=8005"},"modified":"2023-03-16T20:23:41","modified_gmt":"2023-03-16T23:23:41","slug":"mulher-e-presa-por-furto-de-energia-em-quissama","status":"publish","type":"post","link":"https:\/\/aconteceemmacaeeregiao.com.br\/index.php\/2023\/03\/16\/mulher-e-presa-por-furto-de-energia-em-quissama\/","title":{"rendered":"Mulher \u00e9 presa por furto de energia em Quissam\u00e3"},"content":{"rendered":"\n<p>Policiais civis da 130\u00aa DP (Quissam\u00e3) realizaram uma a\u00e7\u00e3o de fiscaliza\u00e7\u00e3o com representantes de uma concession\u00e1ria de energia el\u00e9trica, nesta quarta-feira (15\/03). Uma mulher foi presa em flagrante pelo crime de furto de energia.<br><br>Segundo os agentes, ap\u00f3s vistoria feita pelos agentes da concession\u00e1ria, ficou evidente o crime.<\/p>\n\n\n\n<p><em>Por ASCOM\/ Pol\u00edcia Civil RJ<\/em><\/p>\n","protected":false},"excerpt":{"rendered":"<p>Policiais civis da 130\u00aa DP (Quissam\u00e3) realizaram uma a\u00e7\u00e3o de fiscaliza\u00e7\u00e3o com representantes de uma concession\u00e1ria de energia el\u00e9trica, nesta quarta-feira (15\/03). Uma mulher foi presa em flagrante pelo crime de furto de energia. Segundo os agentes, ap\u00f3s vistoria feita pelos agentes da concession\u00e1ria, ficou evidente o crime. Por ASCOM\/ Pol\u00edcia Civil RJ<\/p>\n","protected":false},"author":2,"featured_media":8008,"comment_status":"closed","ping_status":"closed","sticky":false,"template":"","format":"standard","meta":{"postBodyCss":"","postBodyMargin":[],"postBodyPadding":[],"postBodyBackground":{"backgroundType":"classic","gradient":""},"footnotes":""},"categories":[47,50,43],"tags":[99,151,120],"class_list":["post-8005","post","type-post","status-publish","format-standard","has-post-thumbnail","hentry","category-ocorrencias","category-quissama","category-regiao","tag-crime","tag-energia","tag-mulher"],"aioseo_notices":[],"_links":{"self":[{"href":"https:\/\/aconteceemmacaeeregiao.com.br\/index.php\/wp-json\/wp\/v2\/posts\/8005","targetHints":{"allow":["GET"]}}],"collection":[{"href":"https:\/\/aconteceemmacaeeregiao.com.br\/index.php\/wp-json\/wp\/v2\/posts"}],"about":[{"href":"https:\/\/aconteceemmacaeeregiao.com.br\/index.php\/wp-json\/wp\/v2\/types\/post"}],"author":[{"embeddable":true,"href":"https:\/\/aconteceemmacaeeregiao.com.br\/index.php\/wp-json\/wp\/v2\/users\/2"}],"replies":[{"embeddable":true,"href":"https:\/\/aconteceemmacaeeregiao.com.br\/index.php\/wp-json\/wp\/v2\/comments?post=8005"}],"version-history":[{"count":0,"href":"https:\/\/aconteceemmacaeeregiao.com.br\/index.php\/wp-json\/wp\/v2\/posts\/8005\/revisions"}],"wp:featuredmedia":[{"embeddable":true,"href":"https:\/\/aconteceemmacaeeregiao.com.br\/index.php\/wp-json\/wp\/v2\/media\/8008"}],"wp:attachment":[{"href":"https:\/\/aconteceemmacaeeregiao.com.br\/index.php\/wp-json\/wp\/v2\/media?parent=8005"}],"wp:term":[{"taxonomy":"category","embeddable":true,"href":"https:\/\/aconteceemmacaeeregiao.com.br\/index.php\/wp-json\/wp\/v2\/categories?post=8005"},{"taxonomy":"post_tag","embeddable":true,"href":"https:\/\/aconteceemmacaeeregiao.com.br\/index.php\/wp-json\/wp\/v2\/tags?post=8005"}],"curies":[{"name":"wp","href":"https:\/\/api.w.org\/{rel}","templated":true}]}}