{"id":8040,"date":"2023-03-17T21:44:01","date_gmt":"2023-03-18T00:44:01","guid":{"rendered":"https:\/\/aconteceemmacaeeregiao.com.br\/?p=8040"},"modified":"2023-03-17T21:44:01","modified_gmt":"2023-03-18T00:44:01","slug":"dia-da-agua-traz-reflexao-sobre-o-papel-de-cada-um-para-a-preservacao","status":"publish","type":"post","link":"https:\/\/aconteceemmacaeeregiao.com.br\/index.php\/2023\/03\/17\/dia-da-agua-traz-reflexao-sobre-o-papel-de-cada-um-para-a-preservacao\/","title":{"rendered":"Dia da \u00c1gua traz reflex\u00e3o sobre o papel de cada um para a preserva\u00e7\u00e3o"},"content":{"rendered":"\n<p>A reflex\u00e3o e a conscientiza\u00e7\u00e3o sobre o papel que cada um tem para a preserva\u00e7\u00e3o da \u00e1gua est\u00e3o no centro da tem\u00e1tica proposta pela ONU para o Dia Mundial da \u00c1gua 2023: Acelerando Mudan\u00e7as \u2013 Seja a mudan\u00e7a que voc\u00ea deseja ver no Mundo. Em Maca\u00e9, o assunto ser\u00e1 abordado durante a programa\u00e7\u00e3o realizada na Imbetiba, no dia 22 de mar\u00e7o. A\u00e7\u00f5es com diferentes abordagens buscar\u00e3o sensibilizar crian\u00e7as e adultos para as transforma\u00e7\u00f5es necess\u00e1rias que o planeta requer.<\/p>\n\n\n\n<p>A campanha global da ONU tem na F\u00e1bula do Beija-Flor a inspira\u00e7\u00e3o sobre o impacto da atitude individual para o todo, mostrando que cada a\u00e7\u00e3o conta para solucionar a crise mundial da \u00e1gua. Para isso, Maca\u00e9 ter\u00e1 uma grande feira a c\u00e9u aberto com a participa\u00e7\u00e3o de diferentes setores da prefeitura, institui\u00e7\u00f5es como o Nupem e empresas, entre elas a BRK e a Ecologika.<\/p>\n\n\n\n<p>\u201c\u00c9 um dia voltado \u00e0 reflex\u00e3o sobre a import\u00e2ncia da \u00e1gua e que mudan\u00e7as podem ser promovidas em nosso dia a dia para que a gente consiga, enquanto sociedade, contribuir para a solu\u00e7\u00e3o das quest\u00f5es relacionadas \u00e0 falta de \u00e1gua e saneamento. Estamos convidando toda a popula\u00e7\u00e3o para que participe com a Secretaria de Ambiente nas a\u00e7\u00f5es do Dia Mundial para juntos repensarmos nossas atitudes, dentro dessa proposta trazida pela ONU e fazermos a nossa parte\u201d, destacou a secret\u00e1ria de Ambiente, Isaura Sales.<\/p>\n\n\n\n<p>A programa\u00e7\u00e3o \u00e9 aberta ao p\u00fablico e realizada das 8h \u00e0s 12 e das 14h \u00e0s 17h, na Avenida Elias Agostinho. Haver\u00e1 oficinas sobre Cord\u00f5es Rochosos e Tartarugas Marinhas (Nupem\/UFRJ); praticantes de Canoa Havaiana mostrando a import\u00e2ncia da \u00e1gua e de sua preserva\u00e7\u00e3o na pr\u00e1tica esportiva; interven\u00e7\u00e3o sobre sa\u00fade bucal com a Coordena\u00e7\u00e3o de Odontopediatria trazendo uma reflex\u00e3o sobre o uso consciente da \u00e1gua durante a escova\u00e7\u00e3o, al\u00e9m da realiza\u00e7\u00e3o do projeto Ver\u00e3o para Todos (Defesa Civil), levando pessoas com defici\u00eancia ou mobilidade reduzida para o banho de mar e outras atra\u00e7\u00f5es como gin\u00e1stica laboral.<\/p>\n\n\n\n<p><em>Por Jornalista Juliana Carvalho\/ Secom Prefeitura de Maca\u00e9<\/em><\/p>\n","protected":false},"excerpt":{"rendered":"<p>A reflex\u00e3o e a conscientiza\u00e7\u00e3o sobre o papel que cada um tem para a preserva\u00e7\u00e3o da \u00e1gua est\u00e3o no centro da tem\u00e1tica proposta pela ONU para o Dia Mundial da \u00c1gua 2023: Acelerando Mudan\u00e7as \u2013 Seja a mudan\u00e7a que voc\u00ea deseja ver no Mundo. Em Maca\u00e9, o assunto ser\u00e1 abordado durante a programa\u00e7\u00e3o realizada na [&hellip;]<\/p>\n","protected":false},"author":2,"featured_media":8042,"comment_status":"closed","ping_status":"closed","sticky":false,"template":"","format":"standard","meta":{"postBodyCss":"","postBodyMargin":[],"postBodyPadding":[],"postBodyBackground":{"backgroundType":"classic","gradient":""},"footnotes":""},"categories":[61,42,67],"tags":[384,385],"class_list":["post-8040","post","type-post","status-publish","format-standard","has-post-thumbnail","hentry","category-educacao","category-macae","category-meio-ambiente","tag-agua","tag-preservacao"],"aioseo_notices":[],"_links":{"self":[{"href":"https:\/\/aconteceemmacaeeregiao.com.br\/index.php\/wp-json\/wp\/v2\/posts\/8040","targetHints":{"allow":["GET"]}}],"collection":[{"href":"https:\/\/aconteceemmacaeeregiao.com.br\/index.php\/wp-json\/wp\/v2\/posts"}],"about":[{"href":"https:\/\/aconteceemmacaeeregiao.com.br\/index.php\/wp-json\/wp\/v2\/types\/post"}],"author":[{"embeddable":true,"href":"https:\/\/aconteceemmacaeeregiao.com.br\/index.php\/wp-json\/wp\/v2\/users\/2"}],"replies":[{"embeddable":true,"href":"https:\/\/aconteceemmacaeeregiao.com.br\/index.php\/wp-json\/wp\/v2\/comments?post=8040"}],"version-history":[{"count":0,"href":"https:\/\/aconteceemmacaeeregiao.com.br\/index.php\/wp-json\/wp\/v2\/posts\/8040\/revisions"}],"wp:featuredmedia":[{"embeddable":true,"href":"https:\/\/aconteceemmacaeeregiao.com.br\/index.php\/wp-json\/wp\/v2\/media\/8042"}],"wp:attachment":[{"href":"https:\/\/aconteceemmacaeeregiao.com.br\/index.php\/wp-json\/wp\/v2\/media?parent=8040"}],"wp:term":[{"taxonomy":"category","embeddable":true,"href":"https:\/\/aconteceemmacaeeregiao.com.br\/index.php\/wp-json\/wp\/v2\/categories?post=8040"},{"taxonomy":"post_tag","embeddable":true,"href":"https:\/\/aconteceemmacaeeregiao.com.br\/index.php\/wp-json\/wp\/v2\/tags?post=8040"}],"curies":[{"name":"wp","href":"https:\/\/api.w.org\/{rel}","templated":true}]}}