{"id":8396,"date":"2023-03-24T21:13:24","date_gmt":"2023-03-25T00:13:24","guid":{"rendered":"https:\/\/aconteceemmacaeeregiao.com.br\/?p=8396"},"modified":"2023-03-24T21:13:24","modified_gmt":"2023-03-25T00:13:24","slug":"mais-de-30-vagas-para-profissionais-com-curso-superior","status":"publish","type":"post","link":"https:\/\/aconteceemmacaeeregiao.com.br\/index.php\/2023\/03\/24\/mais-de-30-vagas-para-profissionais-com-curso-superior\/","title":{"rendered":"Mais de 30 vagas para profissionais com curso superior"},"content":{"rendered":"\n<p><em><strong>Algumas oportunidades est\u00e3o alinhadas com a pr\u00e1tica ESG; selecionados trabalhar\u00e3o nos escrit\u00f3rios do Rio e de Maca\u00e9\u00a0<\/strong><\/em><\/p>\n\n\n\n<p>A Ocyan, empresa prestadora de servi\u00e7os para o mercado de \u00f3leo &amp; g\u00e1s, est\u00e1 com mais de <a href=\"https:\/\/aconteceemmacaeeregiao.com.br\/?s=emprego\" title=\"Mais not\u00edcias de Emprego\">30 vagas abertas<\/a> para cargos de coordenador, especialista, gerente, analista e ainda com posi\u00e7\u00f5es para engenheiros e m\u00e9dicos. A contrata\u00e7\u00e3o \u00e9 imediata e os profissionais ir\u00e3o trabalhar nos escrit\u00f3rios da empresa no Rio de Janeiro e em Maca\u00e9.<\/p>\n\n\n\n<p>&#8220;A Ocyan encoraja a diversidade em seus processos seletivos e estimula a participa\u00e7\u00e3o de mulheres e pessoas LGBTQIA+ nos processos seletivos, assim como de pessoas negras, com defici\u00eancia e +50. N\u00f3s temos Grupos de Afinidade voltados para tornar o ambiente de trabalho cada vez mais inclusivo e para elevar a diversidade em toda nossa estrutura hier\u00e1rquica, seja nos nossos escrit\u00f3rios em terra ou nas nossas embarca\u00e7\u00f5es no mar&#8221;, afirma Nir Lander, Vice-Presidente de Pessoas e Gest\u00e3o da Ocyan.<\/p>\n\n\n\n<ul class=\"wp-block-list\">\n<li><a href=\"https:\/\/aconteceemmacaeeregiao.com.br\/index.php\/2023\/03\/16\/boom-de-empregos-no-canada-276-mil-novos-empregos-em-tres-meses\/\">Boom de empregos no Canad\u00e1 \u2013 276 mil novos empregos em tr\u00eas meses<\/a><\/li>\n<\/ul>\n\n\n\n<p>As vagas demandam curso superior em cada uma das especialidades, sendo algumas posi\u00e7\u00f5es executivas, como a ger\u00eancia de TI e a de coordena\u00e7\u00e3o da \u00e1rea de Responsabilidade Social e Diversidade e Inclus\u00e3o.<\/p>\n\n\n\n<p>A companhia tamb\u00e9m busca candidatos para as \u00e1reas de medicina, engenharia, intelig\u00eancia de mercado, qualidade, planejamento e sistemas (veja lista de algumas vagas dispon\u00edveis ao final do texto).<\/p>\n\n\n\n<p>Os interessados em se candidatar a uma das vagas devem se cadastrar no site da Ocyan, seguindo as instru\u00e7\u00f5es espec\u00edficas para cada posi\u00e7\u00e3o. A empresa se compromete a avaliar cuidadosamente todas as candidaturas e a oferecer condi\u00e7\u00f5es de trabalho competitivas, al\u00e9m de um ambiente inclusivo e diversificado para seus funcion\u00e1rios.<\/p>\n\n\n\n<p>O cadastro pode ser feito em: <a href=\"https:\/\/www.ocyan-sa.com\/pt-br\/nossa-gente\" title=\"\">https:\/\/www.ocyan-sa.com\/pt-br\/nossa-gente<\/a> , no campo Fa\u00e7a Parte da Nossa Equipe.<\/p>\n\n\n\n<p>Confira algumas das vagas em aberto:<\/p>\n\n\n\n<p>Analista de sistemas<\/p>\n\n\n\n<p>Analista planejamento<\/p>\n\n\n\n<p>Analista Qualidade<\/p>\n\n\n\n<p>Coordena\u00e7\u00e3o Responsabilidade Social e Diversidade &amp; Inclus\u00e3o<\/p>\n\n\n\n<p>Engenheiro de Instala\u00e7\u00f5es<\/p>\n\n\n\n<p>Engenheiro de Manuten\u00e7\u00e3o<\/p>\n\n\n\n<p>Especialista de Conformidade<\/p>\n\n\n\n<p>Especialista de Intelig\u00eancia de Mercado<\/p>\n\n\n\n<p>Especialista de TI<\/p>\n\n\n\n<p>Especialista SubSea Onshore<\/p>\n\n\n\n<p>Gerente de Engenharia<\/p>\n\n\n\n<p>Gerente de Integridade<\/p>\n\n\n\n<p>Gerente de Projetos<\/p>\n\n\n\n<p>Gerente de Tecnologia<\/p>\n\n\n\n<p>Gerente Financeiro<\/p>\n\n\n\n<p>M\u00e9dico(a) do Trabalho<\/p>\n\n\n\n<p>M\u00e9dico(a) Examinador<\/p>\n\n\n\n<p>Sobre a Ocyan<\/p>\n\n\n\n<p>A Ocyan \u00e9 uma empresa com atitude sustent\u00e1vel e conhecimento para prover solu\u00e7\u00f5es para a ind\u00fastria de \u00f3leo e g\u00e1s que conta com uma frota de cinco unidades de perfura\u00e7\u00e3o e dois FPSOs (floating, production, storage and offloading). A companhia desenvolve tamb\u00e9m projetos SURF, fabrica\u00e7\u00e3o e instala\u00e7\u00e3o de equipamentos submarinos, e presta servi\u00e7os de manuten\u00e7\u00e3o offshore. Mais informa\u00e7\u00f5es: www.ocyan-sa.com.<\/p>\n\n\n\n<p><em>Por CDN Comunica\u00e7\u00e3o<\/em><\/p>\n","protected":false},"excerpt":{"rendered":"<p>Algumas oportunidades est\u00e3o alinhadas com a pr\u00e1tica ESG; selecionados trabalhar\u00e3o nos escrit\u00f3rios do Rio e de Maca\u00e9\u00a0 A Ocyan, empresa prestadora de servi\u00e7os para o mercado de \u00f3leo &amp; g\u00e1s, est\u00e1 com mais de 30 vagas abertas para cargos de coordenador, especialista, gerente, analista e ainda com posi\u00e7\u00f5es para engenheiros e m\u00e9dicos. A contrata\u00e7\u00e3o \u00e9 [&hellip;]<\/p>\n","protected":false},"author":2,"featured_media":8398,"comment_status":"closed","ping_status":"closed","sticky":false,"template":"","format":"standard","meta":{"postBodyCss":"","postBodyMargin":[],"postBodyPadding":[],"postBodyBackground":{"backgroundType":"classic","gradient":""},"footnotes":""},"categories":[73,42],"tags":[77,82,87],"class_list":["post-8396","post","type-post","status-publish","format-standard","has-post-thumbnail","hentry","category-emprego","category-macae","tag-emprego","tag-oportunidade","tag-vagas"],"aioseo_notices":[],"_links":{"self":[{"href":"https:\/\/aconteceemmacaeeregiao.com.br\/index.php\/wp-json\/wp\/v2\/posts\/8396","targetHints":{"allow":["GET"]}}],"collection":[{"href":"https:\/\/aconteceemmacaeeregiao.com.br\/index.php\/wp-json\/wp\/v2\/posts"}],"about":[{"href":"https:\/\/aconteceemmacaeeregiao.com.br\/index.php\/wp-json\/wp\/v2\/types\/post"}],"author":[{"embeddable":true,"href":"https:\/\/aconteceemmacaeeregiao.com.br\/index.php\/wp-json\/wp\/v2\/users\/2"}],"replies":[{"embeddable":true,"href":"https:\/\/aconteceemmacaeeregiao.com.br\/index.php\/wp-json\/wp\/v2\/comments?post=8396"}],"version-history":[{"count":0,"href":"https:\/\/aconteceemmacaeeregiao.com.br\/index.php\/wp-json\/wp\/v2\/posts\/8396\/revisions"}],"wp:featuredmedia":[{"embeddable":true,"href":"https:\/\/aconteceemmacaeeregiao.com.br\/index.php\/wp-json\/wp\/v2\/media\/8398"}],"wp:attachment":[{"href":"https:\/\/aconteceemmacaeeregiao.com.br\/index.php\/wp-json\/wp\/v2\/media?parent=8396"}],"wp:term":[{"taxonomy":"category","embeddable":true,"href":"https:\/\/aconteceemmacaeeregiao.com.br\/index.php\/wp-json\/wp\/v2\/categories?post=8396"},{"taxonomy":"post_tag","embeddable":true,"href":"https:\/\/aconteceemmacaeeregiao.com.br\/index.php\/wp-json\/wp\/v2\/tags?post=8396"}],"curies":[{"name":"wp","href":"https:\/\/api.w.org\/{rel}","templated":true}]}}