{"id":8400,"date":"2023-03-24T21:23:11","date_gmt":"2023-03-25T00:23:11","guid":{"rendered":"https:\/\/aconteceemmacaeeregiao.com.br\/?p=8400"},"modified":"2023-03-24T21:23:12","modified_gmt":"2023-03-25T00:23:12","slug":"procon-fiscaliza-postos-de-gasolina-a-partir-desta-sexta-feira-24","status":"publish","type":"post","link":"https:\/\/aconteceemmacaeeregiao.com.br\/index.php\/2023\/03\/24\/procon-fiscaliza-postos-de-gasolina-a-partir-desta-sexta-feira-24\/","title":{"rendered":"Procon fiscaliza postos de gasolina a partir desta sexta-feira (24)"},"content":{"rendered":"\n<p>O Procon de Maca\u00e9\/Secretaria Municipal Adjunta de Prote\u00e7\u00e3o e <a href=\"https:\/\/aconteceemmacaeeregiao.com.br\/?s=consumidor\" title=\"Saiba mais sobre Consumidor\">Defesa do Consumidor<\/a> fiscalizar\u00e1 os postos de combust\u00edveis no munic\u00edpio, a partir desta sexta-feira (24). A Petrobras reduziu &#8211; nesta quinta-feira (23) &#8211; o pre\u00e7o m\u00e9dio de venda de diesel A da Petrobras para as distribuidoras: de R$ 4,02 foi para R$ 3,84 por litro, uma redu\u00e7\u00e3o de R$ 0,18 por litro.<\/p>\n\n\n\n<p>O secret\u00e1rio adjunto de Prote\u00e7\u00e3o e Defesa ao Consumidor (Procon), Gilcimar Prata, conta que a fiscaliza\u00e7\u00e3o ter\u00e1 o objetivo de verificar os pre\u00e7os que est\u00e3o sendo praticados nos postos em Maca\u00e9.<\/p>\n\n\n\n<blockquote class=\"wp-block-quote is-layout-flow wp-block-quote-is-layout-flow\">\n<p>\u201cAqueles que n\u00e3o tiverem reduzido o valor proporcionalmente \u00e0 redu\u00e7\u00e3o praticada pelas distribuidoras, ser\u00e3o intimados a apresentar a \u00faltima nota de compra de combust\u00edvel. Caso o posto tenha adquirido o combust\u00edvel j\u00e1 reajustado ser\u00e1 lavrado auto de infra\u00e7\u00e3o, com as devidas san\u00e7\u00f5es cab\u00edveis\u201d, explicou.<\/p>\n<\/blockquote>\n\n\n\n<p>Caso o consumidor de Maca\u00e9 constate que os pre\u00e7os n\u00e3o est\u00e3o sendo cumpridos pelos postos de gasolina, podem procurar o Procon por meio do telefone (22) 2759-0801, pelo email:\u00a0<a href=\"mailto:atendimento.procon@macae.rj.gov.br\">atendimento.procon@macae.rj.gov.br<\/a>\u00a0ou presencialmente, das 9h \u00e0s 16h, na sede do \u00f3rg\u00e3o, que fica localizado no Centro Administrativo Luiz Os\u00f3rio (Cealo).<\/p>\n\n\n\n<p><em>Por Jornalista Liliane Barboza<\/em><\/p>\n","protected":false},"excerpt":{"rendered":"<p>O Procon de Maca\u00e9\/Secretaria Municipal Adjunta de Prote\u00e7\u00e3o e Defesa do Consumidor fiscalizar\u00e1 os postos de combust\u00edveis no munic\u00edpio, a partir desta sexta-feira (24). A Petrobras reduziu &#8211; nesta quinta-feira (23) &#8211; o pre\u00e7o m\u00e9dio de venda de diesel A da Petrobras para as distribuidoras: de R$ 4,02 foi para R$ 3,84 por litro, uma [&hellip;]<\/p>\n","protected":false},"author":2,"featured_media":8402,"comment_status":"closed","ping_status":"closed","sticky":false,"template":"","format":"standard","meta":{"postBodyCss":"","postBodyMargin":[],"postBodyPadding":[],"postBodyBackground":{"backgroundType":"classic","gradient":""},"footnotes":""},"categories":[42,47],"tags":[258,256],"class_list":["post-8400","post","type-post","status-publish","format-standard","has-post-thumbnail","hentry","category-macae","category-ocorrencias","tag-combustiveis","tag-procon"],"aioseo_notices":[],"_links":{"self":[{"href":"https:\/\/aconteceemmacaeeregiao.com.br\/index.php\/wp-json\/wp\/v2\/posts\/8400","targetHints":{"allow":["GET"]}}],"collection":[{"href":"https:\/\/aconteceemmacaeeregiao.com.br\/index.php\/wp-json\/wp\/v2\/posts"}],"about":[{"href":"https:\/\/aconteceemmacaeeregiao.com.br\/index.php\/wp-json\/wp\/v2\/types\/post"}],"author":[{"embeddable":true,"href":"https:\/\/aconteceemmacaeeregiao.com.br\/index.php\/wp-json\/wp\/v2\/users\/2"}],"replies":[{"embeddable":true,"href":"https:\/\/aconteceemmacaeeregiao.com.br\/index.php\/wp-json\/wp\/v2\/comments?post=8400"}],"version-history":[{"count":0,"href":"https:\/\/aconteceemmacaeeregiao.com.br\/index.php\/wp-json\/wp\/v2\/posts\/8400\/revisions"}],"wp:featuredmedia":[{"embeddable":true,"href":"https:\/\/aconteceemmacaeeregiao.com.br\/index.php\/wp-json\/wp\/v2\/media\/8402"}],"wp:attachment":[{"href":"https:\/\/aconteceemmacaeeregiao.com.br\/index.php\/wp-json\/wp\/v2\/media?parent=8400"}],"wp:term":[{"taxonomy":"category","embeddable":true,"href":"https:\/\/aconteceemmacaeeregiao.com.br\/index.php\/wp-json\/wp\/v2\/categories?post=8400"},{"taxonomy":"post_tag","embeddable":true,"href":"https:\/\/aconteceemmacaeeregiao.com.br\/index.php\/wp-json\/wp\/v2\/tags?post=8400"}],"curies":[{"name":"wp","href":"https:\/\/api.w.org\/{rel}","templated":true}]}}