{"id":8404,"date":"2023-03-24T21:30:47","date_gmt":"2023-03-25T00:30:47","guid":{"rendered":"https:\/\/aconteceemmacaeeregiao.com.br\/?p=8404"},"modified":"2023-03-24T21:30:48","modified_gmt":"2023-03-25T00:30:48","slug":"atleta-macaense-e-campeao-paulista-e-interestadual-de-bicicross","status":"publish","type":"post","link":"https:\/\/aconteceemmacaeeregiao.com.br\/index.php\/2023\/03\/24\/atleta-macaense-e-campeao-paulista-e-interestadual-de-bicicross\/","title":{"rendered":"Atleta macaense \u00e9 Campe\u00e3o Paulista e Interestadual de Bicicross"},"content":{"rendered":"\n<p>Mais um contemplado do programa Bolsa-Atleta, Juliano Silva, 33 anos, competidor de BMX Race ou Bicicross, consagrou-se campe\u00e3o Paulista e Interestadual, em dois fins de semana seguidos. O Campeonato Interestadual de BMX Race foi realizado no dia 12 de mar\u00e7o, na cidade de Cachoeiro do Itapemirim-ES, e o Campeonato Paulista 2023 foi realizado no dia 19 de mar\u00e7o, na cidade de Paul\u00ednia-SP.<br><\/p>\n\n\n\n<p><a href=\"https:\/\/aconteceemmacaeeregiao.com.br\/index.php\/2023\/03\/22\/veronica-medeiros-ganha-cinco-medalhas-de-ouro-em-um-dia\/\">Ver\u00f4nica Medeiros ganha cinco medalhas de ouro em um dia<\/a><\/p>\n\n\n\n<p>No Campeonato Interestadual, Juliano competiu em duas categorias diferentes e se tornou o campe\u00e3o na categoria Cruiser 30\/34 anos e na categoria Elite Men terminou como 4\u00ba colocado.<\/p>\n\n\n\n<blockquote class=\"wp-block-quote is-layout-flow wp-block-quote-is-layout-flow\">\n<p>\u201cNessa prova, optei por competir em duas categorias pois estou me preparando para competir no brasileiro, em julho, no estado de S\u00e3o Paulo e o n\u00edvel da competi\u00e7\u00e3o exige muito preparo f\u00edsico. At\u00e9 l\u00e1, o ritmo de competi\u00e7\u00e3o \u00e9 fundamental para trazer bons resultados para a cidade\u201d comentou Juliano.<\/p>\n<\/blockquote>\n\n\n<div class=\"wp-block-image\">\n<figure class=\"aligncenter size-large\"><img fetchpriority=\"high\" decoding=\"async\" width=\"1024\" height=\"682\" src=\"https:\/\/aconteceemmacaeeregiao.com.br\/wp-content\/uploads\/2023\/03\/1679667767-1024x682.png\" alt=\"\" class=\"wp-image-8408\" srcset=\"https:\/\/aconteceemmacaeeregiao.com.br\/wp-content\/uploads\/2023\/03\/1679667767-1024x682.png 1024w, https:\/\/aconteceemmacaeeregiao.com.br\/wp-content\/uploads\/2023\/03\/1679667767-300x200.png 300w, https:\/\/aconteceemmacaeeregiao.com.br\/wp-content\/uploads\/2023\/03\/1679667767-768x512.png 768w, https:\/\/aconteceemmacaeeregiao.com.br\/wp-content\/uploads\/2023\/03\/1679667767-1536x1023.png 1536w, https:\/\/aconteceemmacaeeregiao.com.br\/wp-content\/uploads\/2023\/03\/1679667767-1200x800.png 1200w, https:\/\/aconteceemmacaeeregiao.com.br\/wp-content\/uploads\/2023\/03\/1679667767.png 1600w\" sizes=\"(max-width: 1024px) 100vw, 1024px\" \/><\/figure>\n<\/div>\n\n<div class=\"wp-block-image\">\n<figure class=\"aligncenter size-large\"><img decoding=\"async\" width=\"1024\" height=\"682\" data-src=\"https:\/\/aconteceemmacaeeregiao.com.br\/wp-content\/uploads\/2023\/03\/1679712868-1024x682.jpeg\" alt=\"\" class=\"wp-image-8407 lazyload\" data-srcset=\"https:\/\/aconteceemmacaeeregiao.com.br\/wp-content\/uploads\/2023\/03\/1679712868-1024x682.jpeg 1024w, https:\/\/aconteceemmacaeeregiao.com.br\/wp-content\/uploads\/2023\/03\/1679712868-300x200.jpeg 300w, https:\/\/aconteceemmacaeeregiao.com.br\/wp-content\/uploads\/2023\/03\/1679712868-768x512.jpeg 768w, https:\/\/aconteceemmacaeeregiao.com.br\/wp-content\/uploads\/2023\/03\/1679712868-1200x800.jpeg 1200w, https:\/\/aconteceemmacaeeregiao.com.br\/wp-content\/uploads\/2023\/03\/1679712868.jpeg 1280w\" data-sizes=\"(max-width: 1024px) 100vw, 1024px\" src=\"data:image\/svg+xml;base64,PHN2ZyB3aWR0aD0iMSIgaGVpZ2h0PSIxIiB4bWxucz0iaHR0cDovL3d3dy53My5vcmcvMjAwMC9zdmciPjwvc3ZnPg==\" style=\"--smush-placeholder-width: 1024px; --smush-placeholder-aspect-ratio: 1024\/682;\" \/><\/figure>\n<\/div>\n\n\n<p>No Campeonato Paulista, Juliano venceu as tr\u00eas corridas na categoria Cruiser 30\/34 anos e se sagrou campe\u00e3o da 1\u00aa etapa, assumindo a lideran\u00e7a da competi\u00e7\u00e3o que, ao todo, possui oito etapas. O evento teve a participa\u00e7\u00e3o de aproximadamente 420 atletas de 5 estados. Aquele que terminar em primeiro na classifica\u00e7\u00e3o final, ap\u00f3s as oito etapas, ser\u00e1 o campe\u00e3o da temporada 2023.<\/p>\n\n\n\n<p><em>Por Secom Pref. de Maca\u00e9<\/em><\/p>\n","protected":false},"excerpt":{"rendered":"<p>Mais um contemplado do programa Bolsa-Atleta, Juliano Silva, 33 anos, competidor de BMX Race ou Bicicross, consagrou-se campe\u00e3o Paulista e Interestadual, em dois fins de semana seguidos. O Campeonato Interestadual de BMX Race foi realizado no dia 12 de mar\u00e7o, na cidade de Cachoeiro do Itapemirim-ES, e o Campeonato Paulista 2023 foi realizado no dia [&hellip;]<\/p>\n","protected":false},"author":2,"featured_media":8409,"comment_status":"closed","ping_status":"closed","sticky":false,"template":"","format":"standard","meta":{"postBodyCss":"","postBodyMargin":[],"postBodyPadding":[],"postBodyBackground":{"backgroundType":"classic","gradient":""},"footnotes":""},"categories":[6],"tags":[413],"class_list":["post-8404","post","type-post","status-publish","format-standard","has-post-thumbnail","hentry","category-esporte","tag-bicicross"],"aioseo_notices":[],"_links":{"self":[{"href":"https:\/\/aconteceemmacaeeregiao.com.br\/index.php\/wp-json\/wp\/v2\/posts\/8404","targetHints":{"allow":["GET"]}}],"collection":[{"href":"https:\/\/aconteceemmacaeeregiao.com.br\/index.php\/wp-json\/wp\/v2\/posts"}],"about":[{"href":"https:\/\/aconteceemmacaeeregiao.com.br\/index.php\/wp-json\/wp\/v2\/types\/post"}],"author":[{"embeddable":true,"href":"https:\/\/aconteceemmacaeeregiao.com.br\/index.php\/wp-json\/wp\/v2\/users\/2"}],"replies":[{"embeddable":true,"href":"https:\/\/aconteceemmacaeeregiao.com.br\/index.php\/wp-json\/wp\/v2\/comments?post=8404"}],"version-history":[{"count":0,"href":"https:\/\/aconteceemmacaeeregiao.com.br\/index.php\/wp-json\/wp\/v2\/posts\/8404\/revisions"}],"wp:featuredmedia":[{"embeddable":true,"href":"https:\/\/aconteceemmacaeeregiao.com.br\/index.php\/wp-json\/wp\/v2\/media\/8409"}],"wp:attachment":[{"href":"https:\/\/aconteceemmacaeeregiao.com.br\/index.php\/wp-json\/wp\/v2\/media?parent=8404"}],"wp:term":[{"taxonomy":"category","embeddable":true,"href":"https:\/\/aconteceemmacaeeregiao.com.br\/index.php\/wp-json\/wp\/v2\/categories?post=8404"},{"taxonomy":"post_tag","embeddable":true,"href":"https:\/\/aconteceemmacaeeregiao.com.br\/index.php\/wp-json\/wp\/v2\/tags?post=8404"}],"curies":[{"name":"wp","href":"https:\/\/api.w.org\/{rel}","templated":true}]}}