{"id":8411,"date":"2023-03-24T21:41:50","date_gmt":"2023-03-25T00:41:50","guid":{"rendered":"https:\/\/aconteceemmacaeeregiao.com.br\/?p=8411"},"modified":"2023-03-24T21:41:50","modified_gmt":"2023-03-25T00:41:50","slug":"primeira-etapa-do-circuito-ecoanzol-de-pesca-neste-final-de-semana","status":"publish","type":"post","link":"https:\/\/aconteceemmacaeeregiao.com.br\/index.php\/2023\/03\/24\/primeira-etapa-do-circuito-ecoanzol-de-pesca-neste-final-de-semana\/","title":{"rendered":"Primeira etapa do Circuito Ecoanzol de Pesca  neste final de semana\u00a0"},"content":{"rendered":"\n<p>A praia de Jo\u00e3o Francisco, em Quissam\u00e3, vai receber nos dias 25 (s\u00e1bado) e domingo (26), a primeira etapa do Circuito Ecoanzol de Pesca. A segunda etapa, quando a pontua\u00e7\u00e3o geral indicar\u00e1 os tr\u00eas primeiros colocados nas categorias masculino e feminino, est\u00e1 marcada para os dias 2 e 3 de setembro, desta vez em Barra do Furado.<\/p>\n\n\n\n<p>O evento que tem o apoio da Prefeitura de Quissam\u00e3, por meio da secretaria de Agricultura, Meio Ambiente e Pesca, conta com a participa\u00e7\u00e3o de mais de 100 competidores locais, de Federa\u00e7\u00f5es estaduais e Confedera\u00e7\u00e3o Brasileira, com premia\u00e7\u00e3o em trof\u00e9us e equipamentos.<\/p>\n\n\n\n<p>Nas duas etapas, a categoria feminina ter\u00e1 raias exclusivas para as competidoras. &nbsp;<\/p>\n\n\n\n<p>O Circuito Ecoanzol de Pesca de Praia tem a chancela da Federa\u00e7\u00e3o de Pesca e Lan\u00e7amento do Estado do Rio de Janeiro-FEPELERJ, da Confedera\u00e7\u00e3o Brasileira de Pesca e Lan\u00e7amento-Nova Pesca Brasil-CBPL-NPB, e autoriza\u00e7\u00e3o do Minist\u00e9rio da Agricultura e Pecu\u00e1ria.<\/p>\n\n\n\n<p>O evento al\u00e9m de movimentar a economia local com a gera\u00e7\u00e3o de empregos tempor\u00e1rios em sua estrutura, vai promover o aquecimento de setores como hotelaria e gastronomia, com o exerc\u00edcio do turismo respons\u00e1vel, uma das voca\u00e7\u00f5es do munic\u00edpio.<\/p>\n\n\n\n<p>&#8221;Quissam\u00e3 apresenta condi\u00e7\u00f5es ideais para competi\u00e7\u00f5es desse porte. A pesca \u00e9 muito praticada no munic\u00edpio, sendo uma tradi\u00e7\u00e3o local em virtude da grande extens\u00e3o de praia, rios e lagoas. Receber mais uma edi\u00e7\u00e3o do Ecoanzol confirma o potencial local para pesca desportiva&#8221;, avaliou o vice-prefeito e secret\u00e1rio de Agricultura, Meio Ambiente e Pesca, Marcelo Batista.<\/p>\n\n\n\n<p>O diretor da Ecoanzol e coordenador da prova, Marcelo Fernandes, relata que as inscri\u00e7\u00f5es para as categorias podem ser feitas at\u00e9 \u00e0s 9h de s\u00e1bado (25), nas Casuarinas, em Jo\u00e3o Francisco, sendo necess\u00e1rio apresentar documento de identifica\u00e7\u00e3o e a Carteira de Licen\u00e7a de Pesca Amadora. &nbsp;<\/p>\n\n\n\n<p>&#8211; Al\u00e9m das belezas naturais de Quissam\u00e3, o munic\u00edpio \u00e9 reconhecido pela pesca ao abrigar competi\u00e7\u00f5es da modalidade em n\u00edvel nacional \u2013 enfatizou Marcelo Fernandes.<\/p>\n\n\n\n<p>Servi\u00e7o :<\/p>\n\n\n\n<p>PROGRAMA\u00c7\u00c3O DA PRIMEIRA ETAPA DO CIRCUITO ECOANZOL DE PESCA DE PRAIA EM JO\u00c3O FRANCISCO, QUISSAM\u00c3<\/p>\n\n\n\n<p><strong>\u2022 S\u00e1bado (25)<\/strong><\/p>\n\n\n\n<p>&#8211; 9h &#8211; Inscri\u00e7\u00f5es<\/p>\n\n\n\n<p>&#8211; 10h30 &#8211; Breafing do regulamento da prova com os atletas e \u00e1rbitros.<\/p>\n\n\n\n<p>&#8211; 11h &#8211; Sorteio das raias de competi\u00e7\u00e3o.<\/p>\n\n\n\n<p>&#8211; 14h \u00e0s 18h &#8211; Realiza\u00e7\u00e3o da primeira etapa do Circuito de Pesca de Praia em Quissam\u00e3.<\/p>\n\n\n\n<p>&#8211; A partir de 18h30 \u2013 Pesagem do primeiro dia.<\/p>\n\n\n\n<p><strong>\u2022 Domingo (26)<\/strong><\/p>\n\n\n\n<p>-5h15 -Caf\u00e9 da Manh\u00e3<\/p>\n\n\n\n<p>&#8211; 7h \u00e0s 11h \u2013 Realiza\u00e7\u00e3o segundo dia da 2\u00ba etapa do Circuito Ecoanzol de Pesca de Praia em Quissam\u00e3.<\/p>\n\n\n\n<p>&#8211; A partir das 11h30 \u2013 Pesagem do segundo dia.<\/p>\n","protected":false},"excerpt":{"rendered":"<p>A praia de Jo\u00e3o Francisco, em Quissam\u00e3, vai receber nos dias 25 (s\u00e1bado) e domingo (26), a primeira etapa do Circuito Ecoanzol de Pesca. A segunda etapa, quando a pontua\u00e7\u00e3o geral indicar\u00e1 os tr\u00eas primeiros colocados nas categorias masculino e feminino, est\u00e1 marcada para os dias 2 e 3 de setembro, desta vez em Barra [&hellip;]<\/p>\n","protected":false},"author":2,"featured_media":8413,"comment_status":"closed","ping_status":"closed","sticky":false,"template":"","format":"standard","meta":{"postBodyCss":"","postBodyMargin":[],"postBodyPadding":[],"postBodyBackground":{"backgroundType":"classic","gradient":""},"footnotes":""},"categories":[6,200,50,43],"tags":[414],"class_list":["post-8411","post","type-post","status-publish","format-standard","has-post-thumbnail","hentry","category-esporte","category-evento","category-quissama","category-regiao","tag-pesca"],"aioseo_notices":[],"_links":{"self":[{"href":"https:\/\/aconteceemmacaeeregiao.com.br\/index.php\/wp-json\/wp\/v2\/posts\/8411","targetHints":{"allow":["GET"]}}],"collection":[{"href":"https:\/\/aconteceemmacaeeregiao.com.br\/index.php\/wp-json\/wp\/v2\/posts"}],"about":[{"href":"https:\/\/aconteceemmacaeeregiao.com.br\/index.php\/wp-json\/wp\/v2\/types\/post"}],"author":[{"embeddable":true,"href":"https:\/\/aconteceemmacaeeregiao.com.br\/index.php\/wp-json\/wp\/v2\/users\/2"}],"replies":[{"embeddable":true,"href":"https:\/\/aconteceemmacaeeregiao.com.br\/index.php\/wp-json\/wp\/v2\/comments?post=8411"}],"version-history":[{"count":0,"href":"https:\/\/aconteceemmacaeeregiao.com.br\/index.php\/wp-json\/wp\/v2\/posts\/8411\/revisions"}],"wp:featuredmedia":[{"embeddable":true,"href":"https:\/\/aconteceemmacaeeregiao.com.br\/index.php\/wp-json\/wp\/v2\/media\/8413"}],"wp:attachment":[{"href":"https:\/\/aconteceemmacaeeregiao.com.br\/index.php\/wp-json\/wp\/v2\/media?parent=8411"}],"wp:term":[{"taxonomy":"category","embeddable":true,"href":"https:\/\/aconteceemmacaeeregiao.com.br\/index.php\/wp-json\/wp\/v2\/categories?post=8411"},{"taxonomy":"post_tag","embeddable":true,"href":"https:\/\/aconteceemmacaeeregiao.com.br\/index.php\/wp-json\/wp\/v2\/tags?post=8411"}],"curies":[{"name":"wp","href":"https:\/\/api.w.org\/{rel}","templated":true}]}}